{"id":406670,"date":"2025-09-21T07:38:13","date_gmt":"2025-09-21T07:38:13","guid":{"rendered":"https:\/\/www.europesays.com\/fr\/406670\/"},"modified":"2025-09-21T07:38:13","modified_gmt":"2025-09-21T07:38:13","slug":"formule-1-liberty-media-revolutionne-les-grands-prix","status":"publish","type":"post","link":"https:\/\/www.europesays.com\/fr\/406670\/","title":{"rendered":"Formule 1: Liberty Media r\u00e9volutionne les Grands Prix"},"content":{"rendered":"<p>La r\u00e9volution est en route \u2013 <\/p>\n<p>Comment la Formule 1 veut emboutir 75\u00a0ans de tradition<\/p>\n<p class=\"ContentHead_lead____SsS link_regular__O0hk0 link_externalicon-big__ZdPgo link_externalicon__qcwXs\">La soci\u00e9t\u00e9 am\u00e9ricaine qui d\u00e9tient les droits de la F1 compte s\u2019asseoir sur 75\u00a0ans de tradition. En inversant les grilles de d\u00e9part et en raccourcissant les Grands Prix.<\/p>\n<p>Luc Domenjoz<\/p>\n<p>Publi\u00e9 aujourd\u2019hui \u00e0 09h13<img decoding=\"async\" loading=\"eager\" fetchpriority=\"high\" src=\"https:\/\/www.europesays.com\/fr\/wp-content\/uploads\/2025\/09\/D_IJeCvtqfV8GieUeGkwZJ.jpg\" alt=\"Charles Leclerc pilote sa Ferrari lors des essais libres du Grand Prix de Formule 1 \u00e0 Bakou, en Azerba\u00efdjan, en septembre 2025.\" title=\"Charles Leclerc pilote sa Ferrari lors des essais libres du Grand Prix de Formule 1 \u00e0 Bakou, en Azerba\u00efdjan, en septembre 2025.\" class=\"ResponsiveImage_root__ZDz10 responsive-image\" style=\"background-color:#6A6E6B\"\/><\/p>\n<p>Bient\u00f4t, tout ira encore plus vite: les courses dureront au maximum une heure.<\/p>\n<p>EPA<\/p>\n<p><strong class=\"SummaryList_title__8uifR\">En bref:<\/strong><\/p>\n<ul class=\"SummaryList_list__pEa7M\">\n<li>Liberty Media cherche \u00e0 r\u00e9volutionner la Formule 1 avec des courses plus courtes.<\/li>\n<li>Les courses sprint remplaceront les essais libres sur la majorit\u00e9 des Grands Prix.<\/li>\n<li>L\u2019entreprise am\u00e9ricaine a refus\u00e9 une offre de 20\u00a0milliards du fonds saoudien.<\/li>\n<li>Les \u00e9curies de F1 g\u00e9n\u00e8rent d\u00e9sormais d\u2019importants b\u00e9n\u00e9fices gr\u00e2ce aux sponsors.<\/li>\n<\/ul>\n<p class=\"ArticleParagraph_root__lhFZo ArticleContainer_content-width__FRl7F link_focus__0ZMwx link_externalicon-big__ZdPgo link_externalicon__qcwXs ArticleElement_article-element__q93eL\">La <a class=\"HtmlText_root__A1OSq\" href=\"https:\/\/www.24heures.ch\/fia-laura-villars-brigue-la-presidence-de-linstance-automobile-512730871613\" target=\"_blank\" rel=\"noopener\">Formule 1<\/a>, jusque dans les ann\u00e9es 80, consistait en un regroupement d\u2019artisans assemblant des monoplaces dans leurs ateliers. Les \u00e9curies comptaient quelques m\u00e9caniciens, puis quelques dizaines de personnes au plus. On \u00e9tait rest\u00e9 entre adversaires et amis, passionn\u00e9s de boulons et de rondelles.<\/p>\n<p class=\"ArticleParagraph_root__lhFZo ArticleContainer_content-width__FRl7F link_focus__0ZMwx link_externalicon-big__ZdPgo link_externalicon__qcwXs ArticleElement_article-element__q93eL\">Bernie Ecclestone, au d\u00e9but des ann\u00e9es 70, a commenc\u00e9 \u00e0 g\u00e9rer un championnat qui ne l\u2019\u00e9tait gu\u00e8re jusque-l\u00e0. Il a regroup\u00e9 les \u00e9curies et n\u00e9goci\u00e9 en leur nom les droits t\u00e9l\u00e9vis\u00e9s, jusque-l\u00e0 discut\u00e9s s\u00e9par\u00e9ment par chaque circuit. Il a commenc\u00e9 \u00e0 extorquer de plus en plus d\u2019argent aux organisateurs locaux pour faire venir les Grands Prix, au point qu\u2019il les surnommait les \u00abvictimes\u00bb.<\/p>\n<p>L\u2019affaire du si\u00e8cle pour Bernie Ecclestone<\/p>\n<p class=\"ArticleParagraph_root__lhFZo ArticleContainer_content-width__FRl7F link_focus__0ZMwx link_externalicon-big__ZdPgo link_externalicon__qcwXs ArticleElement_article-element__q93eL\">Lorsque la F\u00e9d\u00e9ration internationale de l\u2019automobile (<a href=\"https:\/\/www.fia.com\/\" class=\"HtmlText_root__A1OSq\" target=\"_blank\" rel=\"noopener noreferrer\">FIA<\/a>), en s\u00e9rieux manque d\u2019argent, a vendu les droits commerciaux de la Formule 1 pour cent ans, soit jusqu\u2019en 2107, seul Bernie Ecclestone, encore lui, a formul\u00e9 une offre: 340\u00a0millions de dollars. Offre accept\u00e9e. Le Britannique a donc pay\u00e9 3,4\u00a0millions par ann\u00e9e pour des droits dont le b\u00e9n\u00e9fice se montait alors \u00e0 800\u00a0millions par an. L\u2019affaire du si\u00e8cle, c\u2019est le cas de le dire.<\/p>\n<p class=\"ArticleParagraph_root__lhFZo ArticleContainer_content-width__FRl7F link_focus__0ZMwx link_externalicon-big__ZdPgo link_externalicon__qcwXs ArticleElement_article-element__q93eL\">Pr\u00e8s de vingt ans apr\u00e8s l\u2019acquisition de ces droits, Bernie Ecclestone les a revendus 8\u00a0milliards de dollars.<\/p>\n<p class=\"ArticleParagraph_root__lhFZo ArticleContainer_content-width__FRl7F link_focus__0ZMwx link_externalicon-big__ZdPgo link_externalicon__qcwXs ArticleElement_article-element__q93eL\">Liberty Media, la soci\u00e9t\u00e9 en ayant fait l\u2019acquisition \u2013 regroupant des radios locales am\u00e9ricaines et les Atlanta Braves, un club de baseball \u2013, s\u2019est ainsi retrouv\u00e9e avec une discipline \u00e0 laquelle elle ne comprenait pas grand-chose. Elle avait toutefois une vision, celle d\u2019en faire un spectacle mondial, un show \u00e0 suspense, dont les acteurs deviendraient des h\u00e9ros encens\u00e9s par des s\u00e9ries Netflix et par des r\u00e9seaux sociaux inond\u00e9s d\u2019infos. Tout ce que Bernie Ecclestone d\u00e9testait.<\/p>\n<p class=\"ArticleParagraph_root__lhFZo ArticleContainer_content-width__FRl7F link_focus__0ZMwx link_externalicon-big__ZdPgo link_externalicon__qcwXs ArticleElement_article-element__q93eL\">Liberty Media a plus que r\u00e9ussi son pari. Le nombre de Grands Prix par ann\u00e9e a \u00e9t\u00e9 pouss\u00e9 de 19 \u00e0 24, un record. Le public qui se bouscule autour des circuits n\u2019a jamais \u00e9t\u00e9 aussi nombreux, et les \u00e9curies croulent sous les sponsors, dont elles ne savent que faire, puisque leurs budgets annuels sont plafonn\u00e9s. D\u00e9sormais, les dix \u00e9quipes d\u00e9gagent toutes d\u2019importants b\u00e9n\u00e9fices annuels.<\/p>\n<p>Une affaire qui roule<\/p>\n<p class=\"ArticleParagraph_root__lhFZo ArticleContainer_content-width__FRl7F link_focus__0ZMwx link_externalicon-big__ZdPgo link_externalicon__qcwXs ArticleElement_article-element__q93eL\">Le mois dernier, l\u2019\u00e9curie Aston Martin (actuellement sixi\u00e8me du championnat) a vendu une partie de ses actions pour 110\u00a0millions de dollars, ce qui la valorise au total \u00e0 plus de 3\u00a0milliards.<\/p>\n<p class=\"ArticleParagraph_root__lhFZo ArticleContainer_content-width__FRl7F link_focus__0ZMwx link_externalicon-big__ZdPgo link_externalicon__qcwXs ArticleElement_article-element__q93eL\">\u00c0 l\u2019\u00e9vidence, l\u2019affaire tourne bien. Mais Liberty voit plus grand. Plus grand que nos \u00e9crans. La soci\u00e9t\u00e9 a men\u00e9 plusieurs \u00e9tudes de march\u00e9 aupr\u00e8s du jeune public, celui qui s\u2019est int\u00e9ress\u00e9 \u00e0 la discipline apr\u00e8s la s\u00e9rie \u00abPilotes de leur destin\u00bb (sept saisons sur Netflix) ou gr\u00e2ce au film <a class=\"HtmlText_root__A1OSq\" href=\"https:\/\/www.24heures.ch\/brad-pitt-et-la-f1-veulent-conquerir-tous-les-ecrans-211428093976\" target=\"_blank\" rel=\"noopener\">\u00abF1\u00bb<\/a>, sorti en juin, avec Brad Pitt.<\/p>\n<p class=\"ArticleParagraph_root__lhFZo ArticleContainer_content-width__FRl7F link_focus__0ZMwx link_externalicon-big__ZdPgo link_externalicon__qcwXs ArticleElement_article-element__q93eL\">Ses \u00e9tudes pointent une constante: les jeunes veulent surtout du spectacle. Efficace. Pas trop long. Une heure et puis c\u2019est tout.<\/p>\n<p class=\"ArticleParagraph_root__lhFZo ArticleContainer_content-width__FRl7F link_focus__0ZMwx link_externalicon-big__ZdPgo link_externalicon__qcwXs ArticleElement_article-element__q93eL\">Liberty a donc d\u00e9cid\u00e9 de bouleverser totalement le format des Grands Prix tels qu\u2019on les pratique depuis des dizaines d\u2019ann\u00e9es. Consult\u00e9es, les \u00e9curies ont accept\u00e9, dans l\u2019espoir d\u2019int\u00e9resser davantage de public, donc d\u2019augmenter les profits tir\u00e9s des droits t\u00e9l\u00e9vis\u00e9s, des sponsors et des ventes de produits d\u00e9riv\u00e9s \u2013 casquettes ou encore t-shirts \u00e0 leurs couleurs.<\/p>\n<p class=\"ArticleParagraph_root__lhFZo ArticleContainer_content-width__FRl7F link_focus__0ZMwx link_externalicon-big__ZdPgo link_externalicon__qcwXs ArticleElement_article-element__q93eL\">\u00abNous pensons que les vendredis des Grands Prix et leurs s\u00e9ances d\u2019essais libres n\u2019ont aucun int\u00e9r\u00eat pour le public\u00bb, plaide Stefano Domenicali, le patron de Liberty Media. \u00abCela ne passionne que les ing\u00e9nieurs. Et d\u00e9sormais, leurs simulateurs permettent de r\u00e9gler les voitures directement \u00e0 l\u2019usine, sans m\u00eame boucler un tour de circuit.\u00bb<\/p>\n<p>Inverser la grille de d\u00e9part<\/p>\n<p class=\"ArticleParagraph_root__lhFZo ArticleContainer_content-width__FRl7F link_focus__0ZMwx link_externalicon-big__ZdPgo link_externalicon__qcwXs ArticleElement_article-element__q93eL\">Il souhaite que ces essais libres soient remplac\u00e9s par davantage de courses \u00absprint\u00bb, ces mini-Grands Prix de 100\u00a0kilom\u00e8tres qui ont lieu sur six \u00e9preuves cette saison. \u00abQuand elles ont \u00e9t\u00e9 introduites en 2021, les courses sprint n\u2019\u00e9taient pas tr\u00e8s appr\u00e9ci\u00e9es des pilotes, poursuit-il. Aujourd\u2019hui, la tendance s\u2019est invers\u00e9e. Ils en aimeraient plus. Et quasi tous les organisateurs nous les demandent.\u00bb<\/p>\n<p class=\"ArticleParagraph_root__lhFZo ArticleContainer_content-width__FRl7F link_focus__0ZMwx link_externalicon-big__ZdPgo link_externalicon__qcwXs ArticleElement_article-element__q93eL\">Le souhait de Stefano Domenicali, c\u2019est que chaque Grand Prix \u2013 ou presque \u2013 ait sa course sprint, un peu comme pour la moto. Mais pour pimenter le spectacle, il pense en inverser la grille de d\u00e9part, au moins pour les huit premi\u00e8res places.<\/p>\n<p class=\"ArticleParagraph_root__lhFZo ArticleContainer_content-width__FRl7F link_focus__0ZMwx link_externalicon-big__ZdPgo link_externalicon__qcwXs ArticleElement_article-element__q93eL\">Une d\u00e9cision contraire \u00e0 l\u2019ADN de la F1, \u00e0 en croire les passionn\u00e9s de longue date. \u00abCela se pratique avec succ\u00e8s depuis des ann\u00e9es en Formule 2, rappelle l\u2019Italien. Les \u00e9quipes \u00e9taient d\u2019abord r\u00e9ticentes, mais elles ont maintenant accept\u00e9 l\u2019id\u00e9e. Sans cette inversion, les courses sprint n\u2019auraient pas de sens.\u00bb<\/p>\n<p class=\"ArticleParagraph_root__lhFZo ArticleContainer_content-width__FRl7F link_focus__0ZMwx link_externalicon-big__ZdPgo link_externalicon__qcwXs ArticleElement_article-element__q93eL\">Pour couronner ces changements, les Grands Prix eux-m\u00eames, le dimanche, seront plus brefs. \u00abPlus personne ne veut voir de courses qui durent deux heures\u00bb, conclut Stefano Domenicali. La dur\u00e9e des Grands Prix, outrage supr\u00eame aux yeux des fans de longue date, pourrait \u00eatre plafonn\u00e9e \u00e0 une heure et quart. Ou m\u00eame une heure.<\/p>\n<p class=\"ArticleParagraph_root__lhFZo ArticleContainer_content-width__FRl7F link_focus__0ZMwx link_externalicon-big__ZdPgo link_externalicon__qcwXs ArticleElement_article-element__q93eL\">Dans les ann\u00e9es 50, les Grands Prix duraient parfois pr\u00e8s de quatre heures, avec des vainqueurs tournant plus d\u2019un tour devant leurs suivants. \u00c0 l\u2019\u00e9poque, les retransmissions t\u00e9l\u00e9vis\u00e9es n\u2019existaient pas. Une telle dur\u00e9e serait impensable aujourd\u2019hui, m\u00eame aux yeux des puristes. Le sens de l\u2019histoire pointe donc en effet vers des dur\u00e9es plus courtes.<\/p>\n<p>G\u00e9n\u00e9rer du profit, et bient\u00f4t revendre<\/p>\n<p class=\"ArticleParagraph_root__lhFZo ArticleContainer_content-width__FRl7F link_focus__0ZMwx link_externalicon-big__ZdPgo link_externalicon__qcwXs ArticleElement_article-element__q93eL\">Liberty Media veut augmenter rapidement les audiences, surtout parce que son intention est de vendre prochainement les droits acquis pour 8\u00a0milliards en 2016.<\/p>\n<p class=\"ArticleParagraph_root__lhFZo ArticleContainer_content-width__FRl7F link_focus__0ZMwx link_externalicon-big__ZdPgo link_externalicon__qcwXs ArticleElement_article-element__q93eL\">Il y a deux ans, Liberty a ainsi refus\u00e9 de vendre la Formule 1 au PIF, le fonds souverain d\u2019Arabie saoudite, qui lui offrait 20\u00a0milliards de dollars. Liberty vise plus haut. \u00abOn vendra si nous trouvons le bon acheteur\u00bb, a l\u00e2ch\u00e9, d\u00e9but septembre, John Malone, le propri\u00e9taire historique de la soci\u00e9t\u00e9 am\u00e9ricaine.<\/p>\n<p class=\"ArticleParagraph_root__lhFZo ArticleContainer_content-width__FRl7F link_focus__0ZMwx link_externalicon-big__ZdPgo link_externalicon__qcwXs ArticleElement_article-element__q93eL\">Il ne fait aucun doute que Liberty va se d\u00e9barrasser prochainement de son activit\u00e9 en Formule 1, apr\u00e8s avoir fait exploser ses b\u00e9n\u00e9fices et maximis\u00e9 sa valeur. Apr\u00e8s tout, c\u2019est ainsi que proc\u00e8dent toutes les soci\u00e9t\u00e9s capitalistes: acheter, valoriser puis revendre.<\/p>\n<p class=\"ArticleParagraph_root__lhFZo ArticleContainer_content-width__FRl7F link_focus__0ZMwx link_externalicon-big__ZdPgo link_externalicon__qcwXs ArticleElement_article-element__q93eL\">Dans ce seul but, Liberty Media est en passe de modifier la Formule 1 au profit du profit. On est tr\u00e8s loin des petits artisans affair\u00e9s autour de leurs boulons et de leurs rondelles.<\/p>\n<p class=\"DynamicTeaser_boxtitle__B6piN\">\u00c0 lire \u00e9galement sur la Formule 1<\/p>\n<p class=\"Feedback_root__fr_Mi ArticleContainer_content-width__FRl7F\">Vous avez trouv\u00e9 une erreur?<a href=\"mailto:tes_correction@tamedia.ch?subject=Avis%20d'erreur%20%7C%20Luc%20Domenjoz%20%7C%20Comment%20la%20Formule%201%20veut%20emboutir%2075%C2%A0ans%20de%20tradition&amp;body=J'ai%20trouv%C3%A9%20une%20erreur%20dans%20cet%20article%3A%20https%3A%2F%2Fwww.24heures.ch%2Fformule-1-liberty-media-revolutionne-les-grands-prix-815437617229\" class=\"Feedback_feedbacklink__VyDCi link_underlinelink__K5Zr0\">Merci de nous la signaler.<\/a><\/p>\n<p>1 commentaire<\/p>\n","protected":false},"excerpt":{"rendered":"La r\u00e9volution est en route \u2013 Comment la Formule 1 veut emboutir 75\u00a0ans de tradition La soci\u00e9t\u00e9 am\u00e9ricaine&hellip;\n","protected":false},"author":2,"featured_media":406671,"comment_status":"","ping_status":"","sticky":false,"template":"","format":"standard","meta":{"footnotes":""},"categories":[1412],"tags":[1451,1452,1453,1454,1455,1011,27,60,37086,2300],"class_list":{"0":"post-406670","1":"post","2":"type-post","3":"status-publish","4":"format-standard","5":"has-post-thumbnail","7":"category-f1","8":"tag-f1","9":"tag-formula-1","10":"tag-formula1","11":"tag-formule-1","12":"tag-formule1","13":"tag-fr","14":"tag-france","15":"tag-sports","16":"tag-stats-editorial-team","17":"tag-stats-seo"},"share_on_mastodon":{"url":"https:\/\/pubeurope.com\/@fr\/115241150793114939","error":""},"_links":{"self":[{"href":"https:\/\/www.europesays.com\/fr\/wp-json\/wp\/v2\/posts\/406670","targetHints":{"allow":["GET"]}}],"collection":[{"href":"https:\/\/www.europesays.com\/fr\/wp-json\/wp\/v2\/posts"}],"about":[{"href":"https:\/\/www.europesays.com\/fr\/wp-json\/wp\/v2\/types\/post"}],"author":[{"embeddable":true,"href":"https:\/\/www.europesays.com\/fr\/wp-json\/wp\/v2\/users\/2"}],"replies":[{"embeddable":true,"href":"https:\/\/www.europesays.com\/fr\/wp-json\/wp\/v2\/comments?post=406670"}],"version-history":[{"count":0,"href":"https:\/\/www.europesays.com\/fr\/wp-json\/wp\/v2\/posts\/406670\/revisions"}],"wp:featuredmedia":[{"embeddable":true,"href":"https:\/\/www.europesays.com\/fr\/wp-json\/wp\/v2\/media\/406671"}],"wp:attachment":[{"href":"https:\/\/www.europesays.com\/fr\/wp-json\/wp\/v2\/media?parent=406670"}],"wp:term":[{"taxonomy":"category","embeddable":true,"href":"https:\/\/www.europesays.com\/fr\/wp-json\/wp\/v2\/categories?post=406670"},{"taxonomy":"post_tag","embeddable":true,"href":"https:\/\/www.europesays.com\/fr\/wp-json\/wp\/v2\/tags?post=406670"}],"curies":[{"name":"wp","href":"https:\/\/api.w.org\/{rel}","templated":true}]}}