{"id":406678,"date":"2025-09-21T07:42:24","date_gmt":"2025-09-21T07:42:24","guid":{"rendered":"https:\/\/www.europesays.com\/fr\/406678\/"},"modified":"2025-09-21T07:42:24","modified_gmt":"2025-09-21T07:42:24","slug":"decouvrez-ce-que-cache-ce-sculpteur-parmi-le-metal","status":"publish","type":"post","link":"https:\/\/www.europesays.com\/fr\/406678\/","title":{"rendered":"d\u00e9couvrez ce que cache ce sculpteur parmi le m\u00e9tal !"},"content":{"rendered":"<p>\u00ab Cette ann\u00e9e, les organisateurs ont d\u00e9cid\u00e9 de mettre de la ferraille ! \u00bb Venu de Saint-Barth\u00e9l\u00e9my (Haute-Sa\u00f4ne) \u00ab pour se faire conna\u00eetre au-del\u00e0 de [sa] r\u00e9gion \u00bb, Fran\u00e7ois Thirion go\u00fbte sa premi\u00e8re participation au march\u00e9 des artisans d\u2019art de Metz. Place des Charrons, le public ne peut pas manquer sa boule d\u20191, 50 m de diam\u00e8tre r\u00e9alis\u00e9e uniquement avec des fers \u00e0 cheval. Ou une sph\u00e8re plus modeste en r\u00e9sidus d\u2019industrie.<\/p>\n<p>Ce contenu est bloqu\u00e9 car vous n&rsquo;avez pas accept\u00e9 les cookies et autres traceurs.<\/p>\n<p>En cliquant sur \u00ab J\u2019accepte \u00bb, les cookies et autres traceurs seront d\u00e9pos\u00e9s et vous pourrez visualiser les contenus  (<a href=\"\" class=\"consentModule_policy\" target=\"_blank\" title=\"Consulter la politique de protection des donn\u00e9es du fournisseur\">plus d&rsquo;informations<\/a>).<\/p>\n<p>En cliquant sur \u00ab J\u2019accepte tous les cookies \u00bb, vous autorisez des d\u00e9p\u00f4ts de cookies et autres traceurs pour le stockage de vos donn\u00e9es sur nos sites et applications \u00e0 des fins de personnalisation et de ciblage publicitaire.<\/p>\n<p class=\"consentModule_secondaryText\">Vous gardez la possibilit\u00e9 de retirer votre consentement \u00e0 tout moment en consultant notre <a href=\"https:\/\/www.republicain-lorrain.fr\/protection-des-donnees\" target=\"_blank\" title=\"Consulter notre politique de protection des donn\u00e9es\" rel=\"noopener\">politique de protection des donn\u00e9es<\/a>. <br \/>&#13;<br \/>\n            <a href=\"https:\/\/www.republicain-lorrain.fr\/culture-loisirs\/2025\/09\/20\/javascript:Didomi.notice.show()\" class=\"consentModule_cmp\" target=\"_blank\" rel=\"noopener\">G\u00e9rer mes choix<\/a>&#13;\n        <\/p>\n<p>&#13;<br \/>\n                        J&rsquo;accepte&#13;<br \/>\n            J&rsquo;accepte tous les cookies&#13;\n        <\/p>\n<p>  Cr\u00e9ation unique<\/p>\n<p>\u00ab Cela s\u2019appelle du <a href=\"https:\/\/www.republicain-lorrain.fr\/culture-loisirs\/2024\/10\/17\/des-ballons-des-raquettes-et-des-skates-recherches-pour-une-deuxieme-vie\" target=\"_blank\" rel=\"noopener\">surcyclage<\/a>. On fait durer le produit, c\u2019est aussi de l\u2019\u00e9cologie \u00bb, appr\u00e9cie l\u2019ex-chef d\u2019\u00e9quipe paysagiste devenu sculpteur m\u00e9tal de d\u00e9corations qui subliment le jardin. \u00ab Attention, c\u2019est un po\u00e8te ! \u00bb, pr\u00e9vient Sylvie, sa femme. \u00ab Mon bras droit, mon bras gauche et mon transpalette \u00bb, plaisante le solide gaillard en la regardant. Avant de confirmer : \u00ab C\u2019est vrai, je cache toujours quelque chose dans chacune de mes cr\u00e9ations. Un c\u0153ur, par exemple. \u00bb<\/p>\n<p>  \u00ab De la gaiet\u00e9 \u00bb<\/p>\n<p>Le public a encore <a href=\"https:\/\/www.republicain-lorrain.fr\/culture-loisirs\/2025\/09\/16\/savez-vous-quel-evenement-s-installera-place-des-charrons-ce-week-end\" target=\"_blank\" rel=\"noopener\"> ce dimanche 21 septembre, de 10 h \u00e0 19 h,<\/a> pour le trouver. Et admirer le travail de 29 autres professionnels r\u00e9unis sur les pav\u00e9s, au sein du quartier Outre-Seille. Comme H\u00e9l\u00e8ne Jofa, d\u00e9j\u00e0 pr\u00e9sente l\u2019an pass\u00e9. \u00ab Moi, qui arrive de Nancy, j\u2019y fais de nouvelles rencontres \u00bb, s\u2019enthousiasme la c\u00e9ramiste et cr\u00e9atrice d\u2019estampes dont la particularit\u00e9 est de \u00ab travailler \u00e0 l\u2019envers \u00bb. Ou Ang\u00e9lique Zrak, qui pratique le tissage et la passementerie \u00e0 Ch\u00e2teau-Thierry : \u00ab On est tellement bien accueilli ici. Il y a de la gaiet\u00e9 \u00bb.<\/p>\n<p>  Verrier, fildef\u00e9riste\u2026<\/p>\n<p>Le compliment fera sans doute plaisir aux b\u00e9n\u00e9voles de l\u2019association Courants d\u2019arts \u00e0 la man\u0153uvre depuis quatre ans. <a href=\"https:\/\/www.republicain-lorrain.fr\/culture-loisirs\/2024\/09\/22\/je-me-deplace-dans-tout-le-grand-est-ces-artisans-d-art-en-veulent\" target=\"_blank\" rel=\"noopener\"> Gilles Schneider<\/a> , son pr\u00e9sident, se d\u00e9m\u00e8ne notamment pour accueillir de nouveaux visages. \u00c0 l\u2019image du verrier Victor Loiselet, originaire de Vaudes, dans l\u2019Aube, crois\u00e9 sur plusieurs rendez-vous d\u2019artistes en France. \u00ab Je pratique le fusing thermoformage \u00bb, explique celui qui d\u00e9coupe le verre et le chauffe \u00e0 800 degr\u00e9s pour former des pi\u00e8ces tr\u00e8s color\u00e9es. Sur le stand d\u2019\u00e0 c\u00f4t\u00e9, sa compagne Delphine Regneault attire \u00e9galement l\u2019attention avec ses objets d\u00e9co tout de fil de fer con\u00e7us. Une technique minutieuse pour \u00ab fa\u00e7onner des histoires \u00bb.<\/p>\n","protected":false},"excerpt":{"rendered":"\u00ab Cette ann\u00e9e, les organisateurs ont d\u00e9cid\u00e9 de mettre de la ferraille ! \u00bb Venu de Saint-Barth\u00e9l\u00e9my (Haute-Sa\u00f4ne)&hellip;\n","protected":false},"author":2,"featured_media":406679,"comment_status":"","ping_status":"","sticky":false,"template":"","format":"standard","meta":{"footnotes":""},"categories":[1358],"tags":[1477,1348,1384,1385,130,1687,1386,58,33,5598,59,2271,1011,27,2089,6212,6213,216],"class_list":{"0":"post-406678","1":"post","2":"type-post","3":"status-publish","4":"format-standard","5":"has-post-thumbnail","7":"category-arts-et-design","8":"tag-artisanat","9":"tag-arts","10":"tag-arts-and-design","11":"tag-arts-et-design","12":"tag-consommation","13":"tag-culture-loisirs","14":"tag-design","15":"tag-divertissement","16":"tag-economie","17":"tag-edition-metz-et-agglomeration","18":"tag-entertainment","19":"tag-exposition-arts-plastiques","20":"tag-fr","21":"tag-france","22":"tag-marche","23":"tag-metz","24":"tag-metz-ville-57b","25":"tag-vie-des-entreprises"},"share_on_mastodon":{"url":"https:\/\/pubeurope.com\/@fr\/115241166070328466","error":""},"_links":{"self":[{"href":"https:\/\/www.europesays.com\/fr\/wp-json\/wp\/v2\/posts\/406678","targetHints":{"allow":["GET"]}}],"collection":[{"href":"https:\/\/www.europesays.com\/fr\/wp-json\/wp\/v2\/posts"}],"about":[{"href":"https:\/\/www.europesays.com\/fr\/wp-json\/wp\/v2\/types\/post"}],"author":[{"embeddable":true,"href":"https:\/\/www.europesays.com\/fr\/wp-json\/wp\/v2\/users\/2"}],"replies":[{"embeddable":true,"href":"https:\/\/www.europesays.com\/fr\/wp-json\/wp\/v2\/comments?post=406678"}],"version-history":[{"count":0,"href":"https:\/\/www.europesays.com\/fr\/wp-json\/wp\/v2\/posts\/406678\/revisions"}],"wp:featuredmedia":[{"embeddable":true,"href":"https:\/\/www.europesays.com\/fr\/wp-json\/wp\/v2\/media\/406679"}],"wp:attachment":[{"href":"https:\/\/www.europesays.com\/fr\/wp-json\/wp\/v2\/media?parent=406678"}],"wp:term":[{"taxonomy":"category","embeddable":true,"href":"https:\/\/www.europesays.com\/fr\/wp-json\/wp\/v2\/categories?post=406678"},{"taxonomy":"post_tag","embeddable":true,"href":"https:\/\/www.europesays.com\/fr\/wp-json\/wp\/v2\/tags?post=406678"}],"curies":[{"name":"wp","href":"https:\/\/api.w.org\/{rel}","templated":true}]}}