{"id":406681,"date":"2025-09-21T07:44:12","date_gmt":"2025-09-21T07:44:12","guid":{"rendered":"https:\/\/www.europesays.com\/fr\/406681\/"},"modified":"2025-09-21T07:44:12","modified_gmt":"2025-09-21T07:44:12","slug":"avant-premiere-familles-nombreuses-la-vie-en-xxl-du-23-septembre-2025-episode-114-partie-2-familles-nombreuses-la-vie-en-xxl","status":"publish","type":"post","link":"https:\/\/www.europesays.com\/fr\/406681\/","title":{"rendered":"Avant-premi\u00e8re &#8211; Familles nombreuses : la vie en XXL du 23 septembre 2025 &#8211; Episode 114 (Partie 2) &#8211; Familles nombreuses : la vie en XXL"},"content":{"rendered":"<p id=\"descriptionPanel\" class=\"text-secondary mr-2 line-clamp-2 pr-2.5 overflow-visible\">Franck Gonzalez arrive \u00e0 la maternit\u00e9 avec les 6 gar\u00e7ons. Ils vont rencontrer leur petite s\u0153ur Calypso. Ana\u00efs Ballot pr\u00e9pare le d\u00eener pour toute la famille. Ses parents viennent manger pour f\u00eater son \u00e9volution professionnelle. Le rendez-vous de Fanny Lecossais s&rsquo;est tr\u00e8s bien pass\u00e9. Elle a r\u00e9serv\u00e9 une date d&rsquo;intervention : pour elle plus vite c&rsquo;est fait, mieux c&rsquo;est ! C&rsquo;est journ\u00e9e plage en Italie pour la famille Esposito \u00e0 l&rsquo;occasion de l&rsquo;anniversaire de Tiffanie. Avant de partir, c&rsquo;est une grande organisation. La famille Bellocq t\u00e9l\u00e9phone \u00e0 Kyss, partie \u00e0 Toulon. Tout va bien pour elle ! Familles nombreuses : la vie en XXL. Saison 09 \u00c9pisode 114 partie 2<\/p>\n<p>Afficher la version longue du r\u00e9sum\u00e9<a class=\"shrink-0\" href=\"https:\/\/www.tf1.fr\/tf1\/les-familles-nombreuses-la-vie-en-xxl\" target=\"_blank\" rel=\"noopener\"><img decoding=\"async\" src=\"https:\/\/www.europesays.com\/fr\/wp-content\/uploads\/2025\/09\/program-card-portrait-1-famille-nguyen-9acc08-1507f5-0@1x.jpg\" width=\"138\" height=\"184\" alt=\"\" loading=\"eager\" fetchpriority=\"auto\" class=\"rounded-3px aspect-[3\/4] h-24 w-auto\" aria-hidden=\"true\"\/><\/a><\/p>\n","protected":false},"excerpt":{"rendered":"Franck Gonzalez arrive \u00e0 la maternit\u00e9 avec les 6 gar\u00e7ons. Ils vont rencontrer leur petite s\u0153ur Calypso. Ana\u00efs&hellip;\n","protected":false},"author":2,"featured_media":406682,"comment_status":"","ping_status":"","sticky":false,"template":"","format":"standard","meta":{"footnotes":""},"categories":[1356],"tags":[58,59,1365,21484,51365,41047,4980,21485,51366,6162,51374,51364,51371,51375,51369,51368,1011,27,6163,51370,51372,51373,252,1364,21486,51367],"class_list":{"0":"post-406681","1":"post","2":"type-post","3":"status-publish","4":"format-standard","5":"has-post-thumbnail","7":"category-television","8":"tag-divertissement","9":"tag-entertainment","10":"tag-episode","11":"tag-episode-familles-nombreuses-la-vie-en-xxl","12":"tag-episode-familles-nombreuses-la-vie-en-xxl-tf1","13":"tag-episode-tf1","14":"tag-familles-nombreuses-la-vie-en-xxl","15":"tag-familles-nombreuses-la-vie-en-xxl-episode","16":"tag-familles-nombreuses-la-vie-en-xxl-episode-tf1","17":"tag-familles-nombreuses-la-vie-en-xxl-streaming","18":"tag-familles-nombreuses-la-vie-en-xxl-streaming-gratuit","19":"tag-familles-nombreuses-la-vie-en-xxl-tf1","20":"tag-familles-nombreuses-la-vie-en-xxl-tf1-streaming","21":"tag-familles-nombreuses-la-vie-en-xxl-tf1-streaming-gratuit","22":"tag-familles-nombreuses-la-vie-en-xxl-tf1-video","23":"tag-familles-nombreuses-la-vie-en-xxl-video","24":"tag-fr","25":"tag-france","26":"tag-streaming-familles-nombreuses-la-vie-en-xxl","27":"tag-streaming-familles-nombreuses-la-vie-en-xxl-tf1","28":"tag-streaming-gratuit-familles-nombreuses-la-vie-en-xxl","29":"tag-streaming-gratuit-familles-nombreuses-la-vie-en-xxl-tf1","30":"tag-television","31":"tag-tv","32":"tag-video-familles-nombreuses-la-vie-en-xxl","33":"tag-video-familles-nombreuses-la-vie-en-xxl-tf1"},"share_on_mastodon":{"url":"","error":"Validation failed: Text character limit of 500 exceeded"},"_links":{"self":[{"href":"https:\/\/www.europesays.com\/fr\/wp-json\/wp\/v2\/posts\/406681","targetHints":{"allow":["GET"]}}],"collection":[{"href":"https:\/\/www.europesays.com\/fr\/wp-json\/wp\/v2\/posts"}],"about":[{"href":"https:\/\/www.europesays.com\/fr\/wp-json\/wp\/v2\/types\/post"}],"author":[{"embeddable":true,"href":"https:\/\/www.europesays.com\/fr\/wp-json\/wp\/v2\/users\/2"}],"replies":[{"embeddable":true,"href":"https:\/\/www.europesays.com\/fr\/wp-json\/wp\/v2\/comments?post=406681"}],"version-history":[{"count":0,"href":"https:\/\/www.europesays.com\/fr\/wp-json\/wp\/v2\/posts\/406681\/revisions"}],"wp:featuredmedia":[{"embeddable":true,"href":"https:\/\/www.europesays.com\/fr\/wp-json\/wp\/v2\/media\/406682"}],"wp:attachment":[{"href":"https:\/\/www.europesays.com\/fr\/wp-json\/wp\/v2\/media?parent=406681"}],"wp:term":[{"taxonomy":"category","embeddable":true,"href":"https:\/\/www.europesays.com\/fr\/wp-json\/wp\/v2\/categories?post=406681"},{"taxonomy":"post_tag","embeddable":true,"href":"https:\/\/www.europesays.com\/fr\/wp-json\/wp\/v2\/tags?post=406681"}],"curies":[{"name":"wp","href":"https:\/\/api.w.org\/{rel}","templated":true}]}}