{"id":406690,"date":"2025-09-21T07:49:09","date_gmt":"2025-09-21T07:49:09","guid":{"rendered":"https:\/\/www.europesays.com\/fr\/406690\/"},"modified":"2025-09-21T07:49:09","modified_gmt":"2025-09-21T07:49:09","slug":"vous-etes-enceinte-lea-salame-fait-part-dune-heureuse-nouvelle-annonce-surprise-dans-quelle-epoque","status":"publish","type":"post","link":"https:\/\/www.europesays.com\/fr\/406690\/","title":{"rendered":"\u00ab\u00a0Vous \u00eates enceinte\u00a0\u00bb : L\u00e9a Salam\u00e9 fait part d\u2019une heureuse nouvelle, annonce surprise dans Quelle \u00e9poque !"},"content":{"rendered":"<p>Lanc\u00e9e sur l\u00a0\u00bbantenne de France 2 en 2022. L&rsquo;\u00e9mission <a href=\"https:\/\/www.telestar.fr\/actu_tv\/quelle-epoque-aux-commandes-du-20h-de-france-2-lea-salame-va-t-elle-continuer-a-presenter-lemission-1727795\" target=\"_blank\" rel=\"noopener\"><br \/>\nQuelle \u00e9poque !<\/a> s&rsquo;est rapidement impos\u00e9e comme <strong>le<br \/>\nnouveau talk-show incontournable du samedi soir<\/strong> sur la<br \/>\ncha\u00eene publique. Durant la premi\u00e8re saison, <a href=\"https:\/\/www.closermag.fr\/people\/lea-salame-cest-une-grande-le-plateau-de-cnews-senflamme-et-cela-risque-de-ne-pas-lui-plaire-3581167\" target=\"_blank\" rel=\"noopener\"><br \/>\nL\u00e9a Salam\u00e9<\/a> \u00e9tait accompagn\u00e9e par <a href=\"https:\/\/www.closermag.fr\/people\/lea-salame-retrouve-christophe-dechavanne-le-duo-reuni-comme-a-lancienne-3580248\" target=\"_blank\" rel=\"noopener\"><br \/>\nChristophe Dechavanne<\/a>, <a href=\"https:\/\/www.closermag.fr\/people\/cest-raphael-qui-philippe-caveriviere-se-paye-le-couple-salame-glucksmann-en-plein-direct-le-depute-rentre-dans-son-jeu-3578794\" target=\"_blank\" rel=\"noopener\"><br \/>\nPhilippe Caverivi\u00e8re<\/a> et Paul de Saint-Sernin. \u00c0 partir de la 2e<br \/>\nsaison, l&rsquo;humoriste Charlotte Dhenaux a \u00e9t\u00e9 recrut\u00e9e par la<br \/>\nproduction pour rejoindre la bande.<\/p>\n<p>Depuis, <strong>bon nombre de ses chroniques ont fait le<br \/>\nbuzz<\/strong> sur les r\u00e9seaux sociaux apr\u00e8s leur diffusion sur<br \/>\nFrance 2. \u00ab\u00a0Quand je suis arriv\u00e9e en plateau avec un casque de<br \/>\nscooter pour la venue de\u00a0<a href=\"https:\/\/www.closermag.fr\/people\/francois-hollande-et-julie-gayet-cet-objet-iconique-de-leur-histoire-damour-vendu-aux-encheres-3440247\" target=\"_blank\" rel=\"noopener\">Fran\u00e7ois<br \/>\nHollande<\/a>, c\u2019\u00e9tait une blague compliqu\u00e9e. Il \u00e9tait<br \/>\nadorable en coulisses, je l\u2019ai senti contrari\u00e9. Il a fallu<br \/>\nassumer\u00a0\u00bb, avait notamment soulign\u00e9 Charlotte Dhenaux.<\/p>\n<p>L\u00e9a Salam\u00e9 : \u00ab\u00a0Vous \u00eates enceinte, Charlotte ! F\u00e9licitations<br \/>\n!\u00a0\u00bb<\/p>\n<p>Samedi 20 septembre 2025, <strong>la nouvelle saison de Quelle<br \/>\n\u00e9poque ! a \u00e9t\u00e9 officiellement lanc\u00e9e<\/strong> sur l&rsquo;antenne de<br \/>\nFrance 2. L\u00e9a Salam\u00e9 et ses \u00e9quipes ont ainsi effectu\u00e9 leur grand<br \/>\nretour apr\u00e8s une pause estivale bien m\u00e9rit\u00e9e. Au moment d&rsquo;entrer<br \/>\nsur le plateau pour sa premi\u00e8re chronique de la saison. Charlotte<br \/>\nDhenaux a d\u00e9voil\u00e9 aux t\u00e9l\u00e9spectateurs qu&rsquo;elle attendait un heureux<br \/>\n\u00e9v\u00e8nement.<\/p>\n<p>En effet, l&rsquo;humoriste a fi\u00e8rement affich\u00e9 son baby-bump d&rsquo;une<br \/>\ndr\u00f4le de mani\u00e8re. \u00ab\u00a0<strong>Ah, la vache ! Oh, putain, la vache<br \/>\n! L\u00e9a, il y a un truc qui est rest\u00e9 accroch\u00e9 !<\/strong> Faites<br \/>\nquelque chose L\u00e9a\u00a0\u00bb, a-t-elle ainsi lanc\u00e9. \u00ab\u00a0Vous \u00eates<br \/>\nenceinte, Charlotte ! F\u00e9licitations !\u00a0\u00bb, s&rsquo;est alors exclam\u00e9e<br \/>\nL\u00e9a Salam\u00e9, tout en touchant le ventre de sa chroniqueuse. \u00ab\u00a0Oh,<br \/>\nla tuile !\u00a0\u00bb, a imm\u00e9diatement r\u00e9agi la com\u00e9dienne.<\/p>\n<blockquote class=\"twitter-tweet\"><p><a class=\"twitter-link\" rel=\"noindex, nofollow noopener\" href=\"https:\/\/twitter.com\/QuelleEpoqueOff\/status\/1969547389997367438\" target=\"_blank\"><\/p><\/blockquote>\n<p>Charlotte Dhenaux : \u00ab\u00a0\u00catre enceinte.<br \/>\nC&rsquo;est comme sauter en parachute, mais sans parachute\u00a0\u00bb<\/p>\n<p>\u00ab\u00a0<strong>Je me sentais un peu barbouill\u00e9e ces derniers<br \/>\ntemps<\/strong>\u00ab\u00a0, a ensuite ajout\u00e9 Charlotte Dhenaux.<br \/>\n\u00ab\u00a0C&rsquo;\u00e9tait \u00e7a, je vous le confirme\u00a0\u00bb, a tout de suite<br \/>\nr\u00e9pliqu\u00e9 l&rsquo;animatrice. \u00ab\u00a0L\u00e0, c&rsquo;est vraiment s\u00fbr. C&rsquo;est s\u00fbr. Il<br \/>\nn&rsquo;y a pas de doute ?\u00a0\u00bb, lui a ainsi demand\u00e9 l&rsquo;humoriste.<br \/>\n\u00ab\u00a0Non, pas de doute. On est s\u00fbr de s\u00fbr\u00a0\u00bb, lui a r\u00e9pondu L\u00e9a<br \/>\nSalam\u00e9. \u00ab\u00a0C&rsquo;est \u00e7a, en fait, \u00eatre enceinte. C&rsquo;est comme sauter<br \/>\nen parachute, mais sans parachute\u00a0\u00bb, a finalement conclu la<br \/>\ncom\u00e9dienne. Avant de d\u00e9buter sa chronique.<\/p>\n<p><script async src=\"https:\/\/platform.twitter.com\/widgets.js\" charset=\"utf-8\"><\/script><\/p>\n","protected":false},"excerpt":{"rendered":"Lanc\u00e9e sur l\u00a0\u00bbantenne de France 2 en 2022. L&rsquo;\u00e9mission Quelle \u00e9poque ! s&rsquo;est rapidement impos\u00e9e comme le nouveau&hellip;\n","protected":false},"author":2,"featured_media":406691,"comment_status":"","ping_status":"","sticky":false,"template":"","format":"standard","meta":{"footnotes":""},"categories":[8],"tags":[548,58,59,1011,27,594],"class_list":{"0":"post-406690","1":"post","2":"type-post","3":"status-publish","4":"format-standard","5":"has-post-thumbnail","7":"category-divertissement","8":"tag-article-simple","9":"tag-divertissement","10":"tag-entertainment","11":"tag-fr","12":"tag-france","13":"tag-france-2"},"share_on_mastodon":{"url":"https:\/\/pubeurope.com\/@fr\/115241193745509714","error":""},"_links":{"self":[{"href":"https:\/\/www.europesays.com\/fr\/wp-json\/wp\/v2\/posts\/406690","targetHints":{"allow":["GET"]}}],"collection":[{"href":"https:\/\/www.europesays.com\/fr\/wp-json\/wp\/v2\/posts"}],"about":[{"href":"https:\/\/www.europesays.com\/fr\/wp-json\/wp\/v2\/types\/post"}],"author":[{"embeddable":true,"href":"https:\/\/www.europesays.com\/fr\/wp-json\/wp\/v2\/users\/2"}],"replies":[{"embeddable":true,"href":"https:\/\/www.europesays.com\/fr\/wp-json\/wp\/v2\/comments?post=406690"}],"version-history":[{"count":0,"href":"https:\/\/www.europesays.com\/fr\/wp-json\/wp\/v2\/posts\/406690\/revisions"}],"wp:featuredmedia":[{"embeddable":true,"href":"https:\/\/www.europesays.com\/fr\/wp-json\/wp\/v2\/media\/406691"}],"wp:attachment":[{"href":"https:\/\/www.europesays.com\/fr\/wp-json\/wp\/v2\/media?parent=406690"}],"wp:term":[{"taxonomy":"category","embeddable":true,"href":"https:\/\/www.europesays.com\/fr\/wp-json\/wp\/v2\/categories?post=406690"},{"taxonomy":"post_tag","embeddable":true,"href":"https:\/\/www.europesays.com\/fr\/wp-json\/wp\/v2\/tags?post=406690"}],"curies":[{"name":"wp","href":"https:\/\/api.w.org\/{rel}","templated":true}]}}