{"id":406692,"date":"2025-09-21T07:50:11","date_gmt":"2025-09-21T07:50:11","guid":{"rendered":"https:\/\/www.europesays.com\/fr\/406692\/"},"modified":"2025-09-21T07:50:11","modified_gmt":"2025-09-21T07:50:11","slug":"deux-cometes-exceptionnelles-pourraient-illuminer-le-ciel-doctobre-voici-comment-les-reperer","status":"publish","type":"post","link":"https:\/\/www.europesays.com\/fr\/406692\/","title":{"rendered":"Deux com\u00e8tes exceptionnelles pourraient illuminer le ciel d\u2019octobre\u2026 Voici comment les rep\u00e9rer !"},"content":{"rendered":"<p data-start=\"340\" data-end=\"717\"><strong data-start=\"340\" data-end=\"717\">Cet automne, un <a href=\"https:\/\/sciencepost.fr\/chercheurs-observent-galaxie-rare-trois-anneaux\/\" target=\"_blank\" rel=\"noopener nofollow\">ph\u00e9nom\u00e8ne c\u00e9leste rare<\/a> pourrait<br \/>\nse produire : la com\u00e8te A6 (Lemmon) s\u2019appr\u00eate \u00e0 atteindre une<br \/>\nluminosit\u00e9 suffisante pour \u00eatre observ\u00e9e \u00e0 l\u2019\u0153il nu. Apr\u00e8s des mois<br \/>\nde discr\u00e9tion, cette voyageuse venue du syst\u00e8me solaire externe<br \/>\ncommence \u00e0 briller de mani\u00e8re spectaculaire, offrant aux astronomes<br \/>\namateurs et aux curieux un spectacle potentiellement<br \/>\nm\u00e9morable.<\/strong><\/p>\n<p>A6 Lemmon : un r\u00e9veil<br \/>\ninattendu<\/p>\n<p data-start=\"761\" data-end=\"1337\">D\u00e9couverte le 3 janvier 2025<br \/>\npar le Mount Lemmon Survey, la com\u00e8te A6 Lemmon a longtemps \u00e9t\u00e9 un<br \/>\nsimple point lumineux, accessible uniquement aux t\u00e9lescopes<br \/>\nprofessionnels. Pendant la majeure partie de l\u2019ann\u00e9e, son \u00e9clat<br \/>\nsemblait modeste, et elle restait perdue parmi les innombrables<br \/>\nobjets c\u00e9lestes du ciel nocturne. Cependant, depuis la mi-ao\u00fbt, A6<br \/>\nLemmon a surpris les astronomes en gagnant rapidement en<br \/>\nluminosit\u00e9. Aujourd\u2019hui, elle affiche une <a href=\"https:\/\/www.iflscience.com\/what-does-a-star-or-comets-magnitude-mean-71815\" target=\"_blank\" rel=\"noopener nofollow\">magnitude de 8,5<\/a> et pourrait<br \/>\natteindre 3,9 autour du 21 octobre, ce qui la rend visible sans<br \/>\ninstrument sous un ciel sombre.<\/p>\n<p data-start=\"1339\" data-end=\"1882\">Cette augmentation<br \/>\nspectaculaire n\u2019est pas le fruit du hasard. La com\u00e8te suit une<br \/>\ntrajectoire favorable, \u00e0 une distance qui permet d\u2019observer son<br \/>\n\u00e9clat tout en \u00e9vitant l\u2019\u00e9blouissement du Soleil. Les astronomes<br \/>\nestiment que le meilleur moment pour l\u2019observer sera quelques jours<br \/>\navant l\u2019approche la plus proche, lorsqu\u2019elle sera presque aussi<br \/>\nbrillante mais plus haute dans le ciel apr\u00e8s le cr\u00e9puscule. Cela<br \/>\npermettra aux observateurs de profiter d\u2019une vue plus claire, avec<br \/>\nun horizon d\u00e9gag\u00e9 et des rep\u00e8res c\u00e9lestes facilement<br \/>\nidentifiables.<\/p>\n<p>Comment observer A6<br \/>\nLemmon<\/p>\n<p data-start=\"1921\" data-end=\"2306\">Pour rep\u00e9rer A6 Lemmon, il est<br \/>\nconseill\u00e9 de se munir de jumelles et de choisir un ciel sombre,<br \/>\nloin de la pollution lumineuse. Le 21 octobre, la com\u00e8te sera \u00e0<br \/>\n<strong data-start=\"2080\" data-end=\"2111\">environ 42 degr\u00e9s du<br \/>\nSoleil<\/strong>, dans le ciel occidental, ce qui la rend visible<br \/>\nenviron une heure apr\u00e8s le coucher du Soleil. Elle sera basse \u00e0<br \/>\nl\u2019horizon, mais suffisamment haute pour \u00eatre distingu\u00e9e \u00e0 travers<br \/>\ndes jumelles.<\/p>\n<p data-start=\"2308\" data-end=\"2814\">Les \u00e9toiles<br \/>\n<strong data-start=\"2320\" data-end=\"2332\">Arcturus<\/strong> et<br \/>\n<strong data-start=\"2336\" data-end=\"2361\">Izar (Epsilon<br \/>\nBootis)<\/strong> peuvent servir de points de rep\u00e8re. Arcturus, la<br \/>\nquatri\u00e8me \u00e9toile la plus brillante du ciel, se trouvera \u00e0 proximit\u00e9<br \/>\nde la com\u00e8te, tandis qu\u2019Izar sera encore plus proche, facilitant le<br \/>\nrep\u00e9rage pour les amateurs. L\u2019observation sera optimale quelques<br \/>\njours avant le 21 octobre, lorsque la com\u00e8te sera plus \u00e9lev\u00e9e dans<br \/>\nle ciel cr\u00e9pusculaire, offrant une meilleure vue de sa queue et de<br \/>\nsa coma, ces nuages de gaz et de poussi\u00e8re qui entourent le<br \/>\nnoyau.<\/p>\n<p data-start=\"2816\" data-end=\"3282\">M\u00eame si A6 Lemmon promet un<br \/>\nspectacle impressionnant, il faut garder \u00e0 l\u2019esprit que les com\u00e8tes<br \/>\nsont impr\u00e9visibles. Elles peuvent se fragmenter ou perdre de leur<br \/>\nluminosit\u00e9 lorsqu\u2019elles approchent du Soleil. Cependant, la com\u00e8te<br \/>\nLemmon pr\u00e9sente des conditions favorables : son passage au plus<br \/>\npr\u00e8s de la Terre survient avant son p\u00e9rih\u00e9lie, ce qui r\u00e9duit<br \/>\nconsid\u00e9rablement le risque de fragmentation et augmente les chances<br \/>\nd\u2019observer une com\u00e8te brillante et stable.<\/p>\n<p><img loading=\"lazy\" data-lazyloaded=\"1\" decoding=\"async\" class=\"size-full wp-image-316243\" src=\"https:\/\/www.europesays.com\/fr\/wp-content\/uploads\/2025\/09\/commet-lemmon-l.webp.webp\" alt=\"com\u00e8te 2025\/A6 (Lemmon) \" width=\"1200\" height=\"900\"  data-\/><br \/>\nLa com\u00e8te 2025\/A6. Cr\u00e9dit image : Dimitrios Katevainis via<br \/>\nFlickrUne deuxi\u00e8me com\u00e8te en vue !<\/p>\n<p>La com\u00e8te C\/2025 R2 (SWAN), ou SWAN R2 en abr\u00e9g\u00e9, a \u00e9t\u00e9<br \/>\nd\u00e9couverte sur les images de SWAN par Vladimir Bezugly, un<br \/>\nastronome amateur ukrainien. Selon EarthSky, cet objet \u00e0 longue<br \/>\np\u00e9riode semble orbiter autour du soleil tous les 22 554 ans et sa<br \/>\nqueue a \u00e0 peu pr\u00e8s la m\u00eame longueur que cinq pleines lunes.<\/p>\n<p>Bien que SWAN R2 soit encore tr\u00e8s proche du Soleil \u2013 passant<br \/>\npour le moment pr\u00e8s de Mars juste apr\u00e8s le cr\u00e9puscule et mieux<br \/>\nvisible depuis l\u2019h\u00e9misph\u00e8re sud \u2013, la situation devrait \u00e9voluer le<br \/>\n21 octobre prochain. \u00c0 partir de cette date, l\u2019objet ne sera plus<br \/>\nqu\u2019\u00e0 0,27 unit\u00e9 astronomique (UA) de la Terre. Cela repr\u00e9sente<br \/>\nenviron un quart de la distance Terre-Soleil.<\/p>\n<p>D\u00e8s lors, la com\u00e8te pourrait atteindre une magnitude de 4, la<br \/>\nrendant potentiellement visible \u00e0 l\u2019\u0153il nu dans le ciel sombre,<br \/>\nm\u00eame depuis la France. La Terre pourrait m\u00eame traverser des d\u00e9bris<br \/>\nde la com\u00e8te entre le 4 et le 6 octobre, ce qui pourrait provoquer<br \/>\nune pluie d\u2019\u00e9toiles filantes exceptionnelle.<\/p>\n<p>Notez enfin que m\u00eame si elle ne brille pas suffisamment pour<br \/>\n\u00eatre vue \u00e0 l\u2019\u0153il nu, la com\u00e8te devrait \u00eatre facilement visible avec<br \/>\ndes jumelles d\u2019observation des \u00e9toiles ou un bon t\u00e9lescope de<br \/>\njardin.<\/p>\n","protected":false},"excerpt":{"rendered":"Cet automne, un ph\u00e9nom\u00e8ne c\u00e9leste rare pourrait se produire : la com\u00e8te A6 (Lemmon) s\u2019appr\u00eate \u00e0 atteindre une&hellip;\n","protected":false},"author":2,"featured_media":406693,"comment_status":"","ping_status":"","sticky":false,"template":"","format":"standard","meta":{"footnotes":""},"categories":[7],"tags":[1011,27,43,40,41,39,42,44],"class_list":{"0":"post-406692","1":"post","2":"type-post","3":"status-publish","4":"format-standard","5":"has-post-thumbnail","7":"category-sciences-et-technologies","8":"tag-fr","9":"tag-france","10":"tag-science","11":"tag-science-and-technology","12":"tag-sciences","13":"tag-sciences-et-technologies","14":"tag-technologies","15":"tag-technology"},"share_on_mastodon":{"url":"https:\/\/pubeurope.com\/@fr\/115241197648322242","error":""},"_links":{"self":[{"href":"https:\/\/www.europesays.com\/fr\/wp-json\/wp\/v2\/posts\/406692","targetHints":{"allow":["GET"]}}],"collection":[{"href":"https:\/\/www.europesays.com\/fr\/wp-json\/wp\/v2\/posts"}],"about":[{"href":"https:\/\/www.europesays.com\/fr\/wp-json\/wp\/v2\/types\/post"}],"author":[{"embeddable":true,"href":"https:\/\/www.europesays.com\/fr\/wp-json\/wp\/v2\/users\/2"}],"replies":[{"embeddable":true,"href":"https:\/\/www.europesays.com\/fr\/wp-json\/wp\/v2\/comments?post=406692"}],"version-history":[{"count":0,"href":"https:\/\/www.europesays.com\/fr\/wp-json\/wp\/v2\/posts\/406692\/revisions"}],"wp:featuredmedia":[{"embeddable":true,"href":"https:\/\/www.europesays.com\/fr\/wp-json\/wp\/v2\/media\/406693"}],"wp:attachment":[{"href":"https:\/\/www.europesays.com\/fr\/wp-json\/wp\/v2\/media?parent=406692"}],"wp:term":[{"taxonomy":"category","embeddable":true,"href":"https:\/\/www.europesays.com\/fr\/wp-json\/wp\/v2\/categories?post=406692"},{"taxonomy":"post_tag","embeddable":true,"href":"https:\/\/www.europesays.com\/fr\/wp-json\/wp\/v2\/tags?post=406692"}],"curies":[{"name":"wp","href":"https:\/\/api.w.org\/{rel}","templated":true}]}}