{"id":406696,"date":"2025-09-21T07:52:09","date_gmt":"2025-09-21T07:52:09","guid":{"rendered":"https:\/\/www.europesays.com\/fr\/406696\/"},"modified":"2025-09-21T07:52:09","modified_gmt":"2025-09-21T07:52:09","slug":"placees-contre-leur-gre-dans-un-ehpad-trois-bonnes-soeurs-se-font-la-malle","status":"publish","type":"post","link":"https:\/\/www.europesays.com\/fr\/406696\/","title":{"rendered":"Plac\u00e9es contre leur gr\u00e9 dans un Ehpad, trois bonnes s\u0153urs se font la malle"},"content":{"rendered":"<p>            Par<br \/>\n        <strong><br \/>\n            <a href=\"https:\/\/actu.fr\/auteur\/redaction-actu\" title=\"Consulter tous les articles de R\u00e9daction Actu\" target=\"_blank\" rel=\"noopener\">R\u00e9daction Actu<\/a><br \/>\n        <\/strong><\/p>\n<p>        Publi\u00e9 le<\/p>\n<p>            21 sept. 2025 \u00e0 7h58        <\/p>\n<p>Leur histoire a \u00e9mu en Autriche et suscit\u00e9 une couverture m\u00e9diatique fr\u00e9n\u00e9tique ces derniers jours.<strong> Trois nonnes <a href=\"https:\/\/actu.fr\/tag\/ehpad\" target=\"_blank\" rel=\"noopener\">plac\u00e9es contre leur gr\u00e9<\/a> en maison de retraite<\/strong> <a href=\"https:\/\/actu.fr\/tag\/religion\" target=\"_blank\" rel=\"noopener\">par leurs autorit\u00e9s religieuses<\/a> <strong>ont r\u00e9ussi \u00e0 regagner le couvent o\u00f9 elles ont v\u00e9cu presque toute leur vie.<\/strong><\/p>\n<p class=\" wall-content\">Samedi, une vingtaine de leurs anciens \u00e9l\u00e8ves et soutiens sont venus partager une pri\u00e8re et un d\u00e9jeuner avec les s\u0153urs Rita, 81 ans, Regina, 86 ans, et Bernadette, 88 ans, dans la chapelle du ch\u00e2teau de Goldenstein, \u00e0 Elsbethen pr\u00e8s de Salzbourg (centre), qui abrite le couvent.<\/p>\n<p class=\" wall-content\">Le b\u00e2timent, situ\u00e9 face \u00e0 la montagne, a des allures f\u00e9\u00e9riques. Et les nonnes comptent bien y passer le restant de leurs jours.<\/p>\n<p>Plac\u00e9e sans avoir \u00e9t\u00e9 averties au pr\u00e9alable<\/p>\n<p class=\" wall-content\">C\u2019est au d\u00e9but du mois de septembre qu\u2019elles ont d\u00e9cid\u00e9 de se rebeller et de fuir la maison de retraite o\u00f9 elles affirment avoir \u00e9t\u00e9 plac\u00e9es sans en avoir \u00e9t\u00e9 averties au pr\u00e9alable depuis fin 2023.<\/p>\n<p class=\" wall-content\">Les trois religieuses \u00e9taient les derni\u00e8res \u00e0 occuper le ch\u00e2teau de Goldenstein, qui abrite un couvent et une \u00e9cole priv\u00e9e depuis presque 150 ans.<\/p>\n<p class=\" wall-content\">C\u2019est \u00ab\u00a0une cause importante\u00a0\u00bb, d\u00e9clare \u00e0 l\u2019AFP Eva-Maria Seeber, 76 ans, une ancienne \u00e9l\u00e8ve. \u00ab\u00a0On ne peut pas d\u00e9placer des personnes \u00e2g\u00e9es de cette mani\u00e8re. Je trouve cela cruel !\u00a0\u00bb<\/p>\n<p class=\" wall-content\">Selon les responsables de l\u2019Eglise, les trois femmes ont \u00e9t\u00e9 transf\u00e9r\u00e9es dans une maison de retraite catholique situ\u00e9e \u00e0 une dizaine de minutes en voiture du ch\u00e2teau <strong>en raison de leur \u00e9tat de sant\u00e9 d\u00e9clinant.<\/strong><\/p>\n<p>Votre r\u00e9gion, votre actu !<\/p>\n<p>Recevez chaque jour les infos qui comptent pour vous.<\/p>\n<p>\t<a href=\"https:\/\/actu.fr\/newsletter\" class=\"ac-btn ac-btn--corner ac-btn--medium ac-btn--blue800\" target=\"_blank\" rel=\"noopener\">S&rsquo;incrire<\/a><br \/>\n150 personnes en soutien<\/p>\n<p class=\" wall-content\">Le sup\u00e9rieur des religieuses, le pr\u00e9v\u00f4t Markus Grasl de l\u2019abbaye de Reichersberg, les a accus\u00e9es de violer leur devoir d\u2019ob\u00e9issance et \u00ab\u00a0de trahir les v\u0153ux qu\u2019elles ont pris et r\u00e9affirm\u00e9s \u00e0 plusieurs reprises\u00a0\u00bb.<\/p>\n<p class=\" wall-content\">Alors que les projets de l\u2019Eglise pour le couvent ne sont pas clairs, les nonnes offrent une version diff\u00e9rente, affirmant qu\u2019elles n\u2019ont jamais \u00ab\u00a0\u00e9t\u00e9 consult\u00e9es\u00a0\u00bb et avoir \u00e9t\u00e9 d\u00e9crites comme \u00ab\u00a0souffrant de d\u00e9mence s\u00e9v\u00e8re\u00a0\u00bb pour justifier leur placement.<\/p>\n<blockquote class=\"ac-article-quote wall-content\">\n<p>C&rsquo;est sous un ciel bleu et ensoleill\u00e9 que nos pri\u00e8res ont \u00e9t\u00e9 exauc\u00e9es.<\/p>\n<p>    <strong>S\u0153ur Bernadette<\/strong>\n            <\/p><\/blockquote>\n<p class=\" wall-content\">Elle d\u00e9crit comment il y a deux semaines, avec l\u2019aide de leurs soutiens \u2014 un groupe qui compte pr\u00e8s 150 personnes \u2014, elles avaient pu quitter la maison de retraite et retrouver leur couvent.<\/p>\n<p>\u00ab\u00a0C\u2019est divin !\u00a0\u00bb<\/p>\n<p class=\" wall-content\">\u00ab\u00a0Le serrurier \u00e9tait l\u00e0 pour ouvrir la porte, et nous avons pu monter dans nos cellules sans aucun probl\u00e8me\u00a0\u00bb, a d\u00e9clar\u00e9 la religieuse, arriv\u00e9e au couvent en 1948.<\/p>\n<p class=\" wall-content\">Elles ont eu \u00ab\u00a0le grand choc\u00a0\u00bb de d\u00e9couvrir que les pi\u00e8ces avaient \u00e9t\u00e9 vid\u00e9es, et qu\u2019il n\u2019y avait plus ni eau courante ni \u00e9lectricit\u00e9.<\/p>\n<p class=\" wall-content\">Depuis, tout est rentr\u00e9 dans l\u2019ordre, et elles savourent d\u2019avoir retrouv\u00e9 leur environnement.<br \/>\u00ab\u00a0Nous sommes enfin de retour chez nous, c\u2019est divin\u202f!\u00a0\u00bb, se r\u00e9jouit soeur Bernadette.<br \/>Selon leurs soutiens, les visages des religieuses se sont illumin\u00e9s depuis leur retour.<\/p>\n<blockquote class=\"ac-article-quote wall-content\">\n<p>Elles se sont \u00e9panouies d\u00e8s le premier jour o\u00f9 elles sont revenues. Elles vont bien et sont heureuses d&rsquo;\u00eatre de retour chez elles. Les soeurs ont toujours \u00e9t\u00e9 chaleureuses, aimantes et attentionn\u00e9es pendant nos ann\u00e9es d&rsquo;\u00e9cole, et nous ne sommes pas d&rsquo;accord avec la mani\u00e8re dont l&rsquo;Eglise les traite.<\/p>\n<p>    <strong>Martina Krispler<\/strong><br \/>\n        Soutien des bonnes s\u0153urs    <\/p><\/blockquote>\n<p>Collecte de fonds lanc\u00e9e<\/p>\n<p class=\" wall-content\">Les trois femmes esp\u00e8rent pouvoir se r\u00e9concilier avec l\u2019Eglise, et rester dans le couvent \u00ab\u00a0jusqu\u2019\u00e0 la fin de (leurs) vies\u00a0\u00bb.<\/p>\n<p class=\" wall-content\">\u00ab\u00a0Ils devraient tenir leurs promesses. C\u2019est notre seule d\u00e9ception, qu\u2019ils aient rompu leur promesse de nous garantir une r\u00e9sidence \u00e0 vie\u00a0\u00bb, d\u00e9clare soeur Bernadette, appuy\u00e9e sur son d\u00e9ambulateur.<\/p>\n<p class=\" wall-content\">Une collecte de fonds a \u00e9t\u00e9 lanc\u00e9e et leurs soutiens entretiennent leur pr\u00e9sence sur les r\u00e9seaux sociaux, publiant des vid\u00e9os de la vie quotidienne des trois octog\u00e9naires. Dans l\u2019une d\u2019entre elles, on peut apercevoir s\u0153ur Rita faire son jogging v\u00eatue de sa robe de religieuse, au son du c\u00e9l\u00e8bre th\u00e8me musical du film Rocky.<\/p>\n<p class=\" wall-content\"><strong>Avec AFP<\/strong><\/p>\n<p class=\" wall-content\">Personnalisez votre actualit\u00e9 en ajoutant vos villes et m\u00e9dias en favori avec <a href=\"https:\/\/moncompte.actu.fr\" title=\"D\u00e9couvez Mon Actu\" rel=\"nofollow noopener\" data-trk=\"{&quot;cta&quot;:{&quot;action&quot;:&quot;https:\\\/\\\/moncompte.actu.fr&quot;,&quot;category&quot;:&quot;mon compte&quot;,&quot;from&quot;:&quot;article footer&quot;,&quot;name&quot;:&quot;Mon actu&quot;,&quot;type&quot;:&quot;cta&quot;}}\" target=\"_blank\">Mon Actu<\/a>.<\/p>\n","protected":false},"excerpt":{"rendered":"Par R\u00e9daction Actu Publi\u00e9 le 21 sept. 2025 \u00e0 7h58 Leur histoire a \u00e9mu en Autriche et suscit\u00e9&hellip;\n","protected":false},"author":2,"featured_media":406697,"comment_status":"","ping_status":"","sticky":false,"template":"","format":"standard","meta":{"footnotes":""},"categories":[5],"tags":[11,12216,1011,27,1757,14,12,4020,28],"class_list":{"0":"post-406696","1":"post","2":"type-post","3":"status-publish","4":"format-standard","5":"has-post-thumbnail","7":"category-international","8":"tag-actualites","9":"tag-ehpad","10":"tag-fr","11":"tag-france","12":"tag-insolite","13":"tag-international","14":"tag-news","15":"tag-religion","16":"tag-world"},"share_on_mastodon":{"url":"https:\/\/pubeurope.com\/@fr\/115241205614638005","error":""},"_links":{"self":[{"href":"https:\/\/www.europesays.com\/fr\/wp-json\/wp\/v2\/posts\/406696","targetHints":{"allow":["GET"]}}],"collection":[{"href":"https:\/\/www.europesays.com\/fr\/wp-json\/wp\/v2\/posts"}],"about":[{"href":"https:\/\/www.europesays.com\/fr\/wp-json\/wp\/v2\/types\/post"}],"author":[{"embeddable":true,"href":"https:\/\/www.europesays.com\/fr\/wp-json\/wp\/v2\/users\/2"}],"replies":[{"embeddable":true,"href":"https:\/\/www.europesays.com\/fr\/wp-json\/wp\/v2\/comments?post=406696"}],"version-history":[{"count":0,"href":"https:\/\/www.europesays.com\/fr\/wp-json\/wp\/v2\/posts\/406696\/revisions"}],"wp:featuredmedia":[{"embeddable":true,"href":"https:\/\/www.europesays.com\/fr\/wp-json\/wp\/v2\/media\/406697"}],"wp:attachment":[{"href":"https:\/\/www.europesays.com\/fr\/wp-json\/wp\/v2\/media?parent=406696"}],"wp:term":[{"taxonomy":"category","embeddable":true,"href":"https:\/\/www.europesays.com\/fr\/wp-json\/wp\/v2\/categories?post=406696"},{"taxonomy":"post_tag","embeddable":true,"href":"https:\/\/www.europesays.com\/fr\/wp-json\/wp\/v2\/tags?post=406696"}],"curies":[{"name":"wp","href":"https:\/\/api.w.org\/{rel}","templated":true}]}}