{"id":406703,"date":"2025-09-21T07:55:11","date_gmt":"2025-09-21T07:55:11","guid":{"rendered":"https:\/\/www.europesays.com\/fr\/406703\/"},"modified":"2025-09-21T07:55:11","modified_gmt":"2025-09-21T07:55:11","slug":"lheure-de-verite-pour-le-maire-de-saint-etienne-juge-des-lundi","status":"publish","type":"post","link":"https:\/\/www.europesays.com\/fr\/406703\/","title":{"rendered":"l\u2019heure de v\u00e9rit\u00e9 pour le maire de Saint-\u00c9tienne, jug\u00e9 d\u00e8s lundi\u00a0?"},"content":{"rendered":"<p>Une absence tr\u00e8s remarqu\u00e9e. Celle de <a href=\"https:\/\/www.ledauphine.com\/p\/gael-perdriau\" target=\"_blank\" rel=\"noopener\">Ga\u00ebl Perdriau<\/a> \u00e0 l\u2019inauguration vendredi de la Foire de Saint-\u00c9tienne (Loire). Laissant ce jour-l\u00e0 le terrain libre \u00e0 ses opposants qu\u2019il pourrait retrouver dans la course des municipales. Ou pas. Car la participation aux \u00e9lections du maire (ex-LR) de la 14e ville de France est suspendue au proc\u00e8s qui va se d\u00e9rouler cette semaine \u00e0 Lyon (Rh\u00f4ne) et dans lequel il figure sur le banc des accus\u00e9s avec sept autres pr\u00e9venus. M\u00eame s\u2019il nie en bloc ce qui lui est reproch\u00e9\u2026<\/p>\n<p>\u00c0 Saint-\u00c9tienne, impossible de ne pas \u00eatre au courant de l\u2019affaire de la sextape, tant la ville y est englu\u00e9e depuis trois ans. Au-del\u00e0 du d\u00e9partement de la Loire, l\u2019histoire a aussi fait grand bruit. Il faut dire que le sc\u00e9nario et les acteurs du \u00ab\u00a0kompromat\u00a0\u00bb sont incroyables.<\/p>\n<p>\u00c9carter son potentiel rival<\/p>\n<p>Rembobinons le film\u2026 Il est 13 heures ce 26\u00a0ao\u00fbt 2022. Le site d\u2019informations <a href=\"https:\/\/www.ledauphine.com\/faits-divers-justice\/2022\/11\/25\/mediapart-le-bureau-du-maire-c-est-la-vie-privee\" target=\"_blank\" rel=\"noopener\">Mediapart<\/a> publie une enqu\u00eate \u2014avec t\u00e9moignages et enregistrements \u00e0 l\u2019appui\u2014 r\u00e9v\u00e9lant que l\u2019entourage de Ga\u00ebl Perdriau aurait pi\u00e9g\u00e9 <a href=\"https:\/\/www.ledauphine.com\/p\/gilles-artigues\" target=\"_blank\" rel=\"noopener\">Gilles Artigues<\/a>, son ex-premier adjoint, en le filmant \u00e0 son insu avec un escort gay. Puis en utilisant cette vid\u00e9o pour faire chanter et museler ce rival potentiel, fervent catholique, qui avait pris position contre la loi sur le mariage pour tous.<\/p>\n<p>Trois hommes seraient au c\u0153ur du complot. <a href=\"https:\/\/www.ledauphine.com\/p\/samy-kefi-jerome\" target=\"_blank\" rel=\"noopener\">Samy K\u00e9fi-J\u00e9r\u00f4me<\/a>, alors adjoint \u00e0 l\u2019\u00c9ducation de la ville et conseiller r\u00e9gional d\u2019Auvergne-Rh\u00f4ne-Alpes, et son compagnon de l\u2019\u00e9poque, <a href=\"https:\/\/www.ledauphine.com\/p\/gilles-rossary-lenglet\" target=\"_blank\" rel=\"noopener\">Gilles Rossary-Lenglet<\/a>. C\u2019est ce dernier qui r\u00e9v\u00e8le l\u2019affaire \u00e0 Mediapart et affirme que cette vid\u00e9o lui a \u00e9t\u00e9 command\u00e9e par Ga\u00ebl Perdriau et son directeur de cabinet, <a href=\"https:\/\/www.ledauphine.com\/p\/pierre-gauttieri\" target=\"_blank\" rel=\"noopener\">Pierre Gauttieri<\/a>.<\/p>\n<p>Une vid\u00e9o subventionn\u00e9e avec de l&rsquo;argent public<\/p>\n<p>Une somme d\u2019au moins 40\u00a0000 euros aurait \u00e9t\u00e9 vers\u00e9e aux auteurs de la sextape, provenant de d\u00e9tournements de fonds publics, via des subventions \u00e0 des associations en \u00e9change de prestations fictives. Et comme si cela ne suffisait pas, le chantage \u00e0 l\u2019encontre de Gilles Artigues n\u2019aurait pas \u00e9t\u00e9 le seul. <a href=\"https:\/\/www.ledauphine.com\/p\/michel-thiolliere\" target=\"_blank\" rel=\"noopener\">Michel Thiolli\u00e8re<\/a>, ancien maire de Saint-\u00c9tienne, aurait \u00e9galement \u00e9t\u00e9 dans le viseur avec le projet de le filmer avec une prostitu\u00e9e mineure.<\/p>\n<p>En devenant maire en 2014, Ga\u00ebl Perdriau avait affich\u00e9 l\u2019ambition de redorer l\u2019image de Saint-\u00c9tienne. Ces trois derni\u00e8res ann\u00e9es, \u00ab\u00a0la ville o\u00f9 on est champion de la vid\u00e9o\u00a0\u00bb a \u00e9t\u00e9 moqu\u00e9e de toutes parts, boud\u00e9e par les investisseurs d\u2019apr\u00e8s les repr\u00e9sentants du monde \u00e9conomique, et les ministres en visite dans la Loire ne passent plus par la capitale du Forez\u2026<\/p>\n<p>Jug\u00e9 pour chantage, association de malfaiteurs et d\u00e9tournements de fonds publics par un d\u00e9positaire de l\u2019autorit\u00e9 publique, il risque l\u2019in\u00e9ligibilit\u00e9, avec potentiellement une application imm\u00e9diate.<\/p>\n","protected":false},"excerpt":{"rendered":"Une absence tr\u00e8s remarqu\u00e9e. Celle de Ga\u00ebl Perdriau \u00e0 l\u2019inauguration vendredi de la Foire de Saint-\u00c9tienne (Loire). Laissant&hellip;\n","protected":false},"author":2,"featured_media":406704,"comment_status":"","ping_status":"","sticky":false,"template":"","format":"standard","meta":{"footnotes":""},"categories":[9653],"tags":[1111,11,2430,1777,674,274,107,1011,27,329,12,316,25,4001],"class_list":{"0":"post-406703","1":"post","2":"type-post","3":"status-publish","4":"format-standard","5":"has-post-thumbnail","7":"category-saint-etienne","8":"tag-actu","9":"tag-actualites","10":"tag-auvergne-rhone-alpes","11":"tag-eu","12":"tag-europe","13":"tag-faits-divers-justice","14":"tag-fil-info","15":"tag-fr","16":"tag-france","17":"tag-france-monde","18":"tag-news","19":"tag-politique","20":"tag-republique-francaise","21":"tag-saint-etienne"},"share_on_mastodon":{"url":"https:\/\/pubeurope.com\/@fr\/115241217219957136","error":""},"_links":{"self":[{"href":"https:\/\/www.europesays.com\/fr\/wp-json\/wp\/v2\/posts\/406703","targetHints":{"allow":["GET"]}}],"collection":[{"href":"https:\/\/www.europesays.com\/fr\/wp-json\/wp\/v2\/posts"}],"about":[{"href":"https:\/\/www.europesays.com\/fr\/wp-json\/wp\/v2\/types\/post"}],"author":[{"embeddable":true,"href":"https:\/\/www.europesays.com\/fr\/wp-json\/wp\/v2\/users\/2"}],"replies":[{"embeddable":true,"href":"https:\/\/www.europesays.com\/fr\/wp-json\/wp\/v2\/comments?post=406703"}],"version-history":[{"count":0,"href":"https:\/\/www.europesays.com\/fr\/wp-json\/wp\/v2\/posts\/406703\/revisions"}],"wp:featuredmedia":[{"embeddable":true,"href":"https:\/\/www.europesays.com\/fr\/wp-json\/wp\/v2\/media\/406704"}],"wp:attachment":[{"href":"https:\/\/www.europesays.com\/fr\/wp-json\/wp\/v2\/media?parent=406703"}],"wp:term":[{"taxonomy":"category","embeddable":true,"href":"https:\/\/www.europesays.com\/fr\/wp-json\/wp\/v2\/categories?post=406703"},{"taxonomy":"post_tag","embeddable":true,"href":"https:\/\/www.europesays.com\/fr\/wp-json\/wp\/v2\/tags?post=406703"}],"curies":[{"name":"wp","href":"https:\/\/api.w.org\/{rel}","templated":true}]}}