{"id":406705,"date":"2025-09-21T07:56:14","date_gmt":"2025-09-21T07:56:14","guid":{"rendered":"https:\/\/www.europesays.com\/fr\/406705\/"},"modified":"2025-09-21T07:56:14","modified_gmt":"2025-09-21T07:56:14","slug":"laffaire-du-chantage-a-la-sextape-jugee-au-tribunal","status":"publish","type":"post","link":"https:\/\/www.europesays.com\/fr\/406705\/","title":{"rendered":"l&rsquo;affaire du chantage \u00e0 la sextape jug\u00e9e au tribunal"},"content":{"rendered":"<p>C&rsquo;est au Palais de justice de Lyon que se jouera \u00e0 partir de demain une partie de la campagne pour l&rsquo;\u00e9lection municipale \u00e0 <a href=\"https:\/\/www.latribune.fr\/la-tribune-dimanche\/culture-lifestyle\/gastronomie-sorties\/a-saint-etienne-l-art-et-la-matiere-1010809.html\" target=\"_blank\" rel=\"noopener\">Saint-Etienne<\/a>. Le maire sortant Ga\u00ebl Perdriau est renvoy\u00e9 devant le tribunal correctionnel pour \u00ab\u202fchantage, soustraction, <a href=\"https:\/\/www.latribune.fr\/economie\/france\/detournements-de-fonds-publics-une-longue-tradition-dans-la-vie-politique-662520.html\" target=\"_blank\" rel=\"noopener\">d\u00e9tournement de fonds publics<\/a> par un d\u00e9positaire de l&rsquo;autorit\u00e9 publique et participation \u00e0 une association de malfaiteurs\u202f\u00bb, un d\u00e9lit puni d&rsquo;au moins cinq ans de prison.<\/p>\n<p>Dans l&rsquo;affaire dite de la sextape r\u00e9v\u00e9l\u00e9e par Mediapart en ao\u00fbt\u202f2022, <a href=\"https:\/\/www.latribune.fr\/territoire\/2020-06-29\/municipales-2020-a-saint-etienne-gael-perdriau-lr-resiste-a-la-vague-verte-851417.html\" target=\"_blank\" rel=\"noopener\">Ga\u00ebl Perdriau<\/a>, \u00e9lu maire en 2014 sous l&rsquo;\u00e9tiquette LR, est accus\u00e9 d&rsquo;avoir organis\u00e9 un \u00ab\u202fkompromat\u202f\u00bb pour faire chanter son premier adjoint Gilles Artigues. Pendant six ann\u00e9es, le maire et son directeur de cabinet Pierre Gauttieri ont menac\u00e9 de publier une vid\u00e9o compromettante de Gilles Artigues se faisant masser par un escort boy dans une chambre d&rsquo;h\u00f4tel.<\/p>\n","protected":false},"excerpt":{"rendered":"C&rsquo;est au Palais de justice de Lyon que se jouera \u00e0 partir de demain une partie de la&hellip;\n","protected":false},"author":2,"featured_media":406706,"comment_status":"","ping_status":"","sticky":false,"template":"","format":"standard","meta":{"footnotes":""},"categories":[9653],"tags":[17,1111,11,2430,8841,1777,674,1011,27,16941,42592,3102,5415,12,25,4001,48100,3693],"class_list":{"0":"post-406705","1":"post","2":"type-post","3":"status-publish","4":"format-standard","5":"has-post-thumbnail","7":"category-saint-etienne","8":"tag-17","9":"tag-actu","10":"tag-actualites","11":"tag-auvergne-rhone-alpes","12":"tag-chantage","13":"tag-eu","14":"tag-europe","15":"tag-fr","16":"tag-france","17":"tag-jugee","18":"tag-laffaire","19":"tag-la-tribune-dimanche","20":"tag-mairie","21":"tag-news","22":"tag-republique-francaise","23":"tag-saint-etienne","24":"tag-sextape","25":"tag-tribunal"},"share_on_mastodon":{"url":"https:\/\/pubeurope.com\/@fr\/115241220978944978","error":""},"_links":{"self":[{"href":"https:\/\/www.europesays.com\/fr\/wp-json\/wp\/v2\/posts\/406705","targetHints":{"allow":["GET"]}}],"collection":[{"href":"https:\/\/www.europesays.com\/fr\/wp-json\/wp\/v2\/posts"}],"about":[{"href":"https:\/\/www.europesays.com\/fr\/wp-json\/wp\/v2\/types\/post"}],"author":[{"embeddable":true,"href":"https:\/\/www.europesays.com\/fr\/wp-json\/wp\/v2\/users\/2"}],"replies":[{"embeddable":true,"href":"https:\/\/www.europesays.com\/fr\/wp-json\/wp\/v2\/comments?post=406705"}],"version-history":[{"count":0,"href":"https:\/\/www.europesays.com\/fr\/wp-json\/wp\/v2\/posts\/406705\/revisions"}],"wp:featuredmedia":[{"embeddable":true,"href":"https:\/\/www.europesays.com\/fr\/wp-json\/wp\/v2\/media\/406706"}],"wp:attachment":[{"href":"https:\/\/www.europesays.com\/fr\/wp-json\/wp\/v2\/media?parent=406705"}],"wp:term":[{"taxonomy":"category","embeddable":true,"href":"https:\/\/www.europesays.com\/fr\/wp-json\/wp\/v2\/categories?post=406705"},{"taxonomy":"post_tag","embeddable":true,"href":"https:\/\/www.europesays.com\/fr\/wp-json\/wp\/v2\/tags?post=406705"}],"curies":[{"name":"wp","href":"https:\/\/api.w.org\/{rel}","templated":true}]}}