{"id":406711,"date":"2025-09-21T08:01:12","date_gmt":"2025-09-21T08:01:12","guid":{"rendered":"https:\/\/www.europesays.com\/fr\/406711\/"},"modified":"2025-09-21T08:01:12","modified_gmt":"2025-09-21T08:01:12","slug":"top-14-toulon-avec-jaminet-la-rochelle-sans-sa-charniere-a-mayol","status":"publish","type":"post","link":"https:\/\/www.europesays.com\/fr\/406711\/","title":{"rendered":"Top 14 : Toulon avec Jaminet, la Rochelle sans sa charni\u00e8re \u00e0 Mayol"},"content":{"rendered":"<p>En embuscade \u00e0 une longueur du trio de t\u00eate, le RC\u00a0Toulon (4e) va retrouver La\u00a0Rochelle (6e, 5 pts) ce soir \u00e0 Mayol (21h05), pour le choc de cette 3e journ\u00e9e de Top 14.<\/p>\n<p>Mais apr\u00e8s une victoire \u00e0 l&rsquo;arrach\u00e9 face \u00e0 Castres samedi dernier (16-12), et un seul essai sign\u00e9 de leur fus\u00e9e Ga\u00ebl Dr\u00e9an, les Varois devront faire beaucoup plus pour s&rsquo;imposer face aux Maritimes. \u00ab\u00a0On a analys\u00e9 tout \u00e7a. Il y a de la solidarit\u00e9 en d\u00e9fense, mais il la faut en attaque. Je veux des ambitions m\u00eame si le ballon glisse. On n&rsquo;a pas \u00e9t\u00e9 bons. Il faut monter les standards un peu partout, a soulign\u00e9 <a href=\"https:\/\/www.laprovence.com\/article\/sports\/41865120332027\/rugby-pierre-mignoni-prolonge-a-toulon-jusquen-2029\" target=\"_blank\" rel=\"noopener\">le manager Pierre Mignoni<\/a> en conf\u00e9rence de presse. C&rsquo;est une \u00e9quipe difficile. C&rsquo;est une \u00e9quipe qui revient avec des intentions dans le jeu. Je les trouve plus dans l&rsquo;alternance que la saison pass\u00e9e.\u00a0\u00bb<\/p>\n<p>Les Rochelais se d\u00e9placeront sans leur charni\u00e8re Le Garrec-Hastoy pour r\u00e9\u00e9diter la performance des barrages 2023-2024, lorsqu&rsquo;ils l&rsquo;avaient emport\u00e9 34-29, pour la derni\u00e8re d\u00e9faite des Toulonnais \u00e0 Mayol en Top 14. Les Toulonnais, eux, ne compteront toujours pas sur <a href=\"https:\/\/www.laprovence.com\/article\/sports\/1849531300369715\/rugby-saison-terminee-pour-charles-ollivon-cadre-du-xv-de-france-et-de-toulon\" target=\"_blank\" rel=\"noopener\">Charles Ollivon<\/a> qui avait fait son retour dans le groupe \u00e9largi \u00e0 30, mais ne figure pas sur la feuille de match.<\/p>\n<p>Premi\u00e8re titularisation pour Jaminet<\/p>\n<p>Mignoni a d\u00e9cid\u00e9 de redonner sa confiance \u00e0 Melvyn Jaminet, titularis\u00e9 ce soir \u00e0 l&rsquo;arri\u00e8re pour la premi\u00e8re fois de la saison. Apr\u00e8s le <a href=\"https:\/\/www.laprovence.com\/article\/sports\/75172177301824\/rugby-top-14-titulaire-a-la-place-de-jaminet-pour-la-reprise-a-montpellier-marius-domon-veut-confirmer-avec-toulon\" target=\"_blank\" rel=\"noopener\">bon d\u00e9but de saison de Marius Domon<\/a>, l&rsquo;ex-Toulousain reprend son num\u00e9ro\u00a015 une semaine apr\u00e8s avoir inscrit ses premiers points de l&rsquo;exercice \u00e0 Castres et a confi\u00e9 dans la semaine dans un entretien \u00e0 l&rsquo;AFP sa d\u00e9termination \u00e0 ce que \u00ab\u00a0la v\u00e9rit\u00e9 du terrain\u00a0\u00bb fasse \u00ab\u00a0oublier cette affaire\u00a0\u00bb, faisant r\u00e9f\u00e9rence \u00e0 sa suspension de 34 semaines apr\u00e8s des propos racistes, mais aussi \u00e0 son conflit judiciaire avec le Stade Toulousain en fin de saison.<\/p>\n<p>Toulon &#8211; La Rochelle, les compositions<\/p>\n<p>Stade Mayol, 21h05.<br \/>En direct sur Canal +.<br \/>Arbitre : J\u00e9r\u00e9my Rozier.<br \/>Toulon\u00a0: Jaminet &#8211; Dr\u00e9an, Brex, Frisch, Tuicuvu &#8211; Garbisi, White &#8211; Abadie, Mercer, Ludlam &#8211; Ribbans (cap), Alainu&rsquo;ese &#8211; Gigashvili, Baubigny, Brennan. Rempla\u00e7ants\u00a0: Damond, Gros, S.\u00a0Rebbadj, Quere-Karaba, Domon, Serin, Nonu, Priso.<br \/>Entra\u00eeneur\u00a0: Pierre Mignoni.<br \/>La\u00a0Rochelle\u00a0: Niniashvili &#8211; Bollengier, Lagivala, Seuteni, Favre &#8211; West, Berjon &#8211; Jegou, Alldritt (cap), Cancoriet &#8211; Skelton, Boudehent &#8211; Sorin, Lespiaucq, Kaddouri. Rempla\u00e7ants\u00a0: Sutidze, Wardi, Lavault, Botia, Andjisseramatchi, Bosmorin, Pacome, Kuntelia.<br \/>Entra\u00eeneur\u00a0: Ronan O&rsquo;Gara.<\/p>\n","protected":false},"excerpt":{"rendered":"En embuscade \u00e0 une longueur du trio de t\u00eate, le RC\u00a0Toulon (4e) va retrouver La\u00a0Rochelle (6e, 5 pts)&hellip;\n","protected":false},"author":2,"featured_media":406712,"comment_status":"","ping_status":"","sticky":false,"template":"","format":"standard","meta":{"footnotes":""},"categories":[9619],"tags":[17,1111,11,3396,1777,674,1011,27,8544,12,882,25,53858,479,4561,60,3030,2310],"class_list":{"0":"post-406711","1":"post","2":"type-post","3":"status-publish","4":"format-standard","5":"has-post-thumbnail","7":"category-toulon","8":"tag-17","9":"tag-actu","10":"tag-actualites","11":"tag-avec","12":"tag-eu","13":"tag-europe","14":"tag-fr","15":"tag-france","16":"tag-jaminet","17":"tag-news","18":"tag-provence-alpes-cote-dazur","19":"tag-republique-francaise","20":"tag-rochelle","21":"tag-rugby","22":"tag-sans","23":"tag-sports","24":"tag-top","25":"tag-toulon"},"share_on_mastodon":{"url":"https:\/\/pubeurope.com\/@fr\/115241240716146269","error":""},"_links":{"self":[{"href":"https:\/\/www.europesays.com\/fr\/wp-json\/wp\/v2\/posts\/406711","targetHints":{"allow":["GET"]}}],"collection":[{"href":"https:\/\/www.europesays.com\/fr\/wp-json\/wp\/v2\/posts"}],"about":[{"href":"https:\/\/www.europesays.com\/fr\/wp-json\/wp\/v2\/types\/post"}],"author":[{"embeddable":true,"href":"https:\/\/www.europesays.com\/fr\/wp-json\/wp\/v2\/users\/2"}],"replies":[{"embeddable":true,"href":"https:\/\/www.europesays.com\/fr\/wp-json\/wp\/v2\/comments?post=406711"}],"version-history":[{"count":0,"href":"https:\/\/www.europesays.com\/fr\/wp-json\/wp\/v2\/posts\/406711\/revisions"}],"wp:featuredmedia":[{"embeddable":true,"href":"https:\/\/www.europesays.com\/fr\/wp-json\/wp\/v2\/media\/406712"}],"wp:attachment":[{"href":"https:\/\/www.europesays.com\/fr\/wp-json\/wp\/v2\/media?parent=406711"}],"wp:term":[{"taxonomy":"category","embeddable":true,"href":"https:\/\/www.europesays.com\/fr\/wp-json\/wp\/v2\/categories?post=406711"},{"taxonomy":"post_tag","embeddable":true,"href":"https:\/\/www.europesays.com\/fr\/wp-json\/wp\/v2\/tags?post=406711"}],"curies":[{"name":"wp","href":"https:\/\/api.w.org\/{rel}","templated":true}]}}