{"id":406723,"date":"2025-09-21T08:09:45","date_gmt":"2025-09-21T08:09:45","guid":{"rendered":"https:\/\/www.europesays.com\/fr\/406723\/"},"modified":"2025-09-21T08:09:45","modified_gmt":"2025-09-21T08:09:45","slug":"nantes-arrache-un-point-sur-le-gong-dans-le-derby-contre-rennes-ligue-1-j5-nantes-rennes-2-2","status":"publish","type":"post","link":"https:\/\/www.europesays.com\/fr\/406723\/","title":{"rendered":"Nantes arrache un point sur le gong dans le derby contre Rennes &#8211; Ligue 1 &#8211; J5 &#8211; Nantes-Rennes (2-2)"},"content":{"rendered":"<p>\t\t\t<img decoding=\"async\" loading=\"lazy\" class=\"blason blason-grand\" src=\"https:\/\/www.europesays.com\/fr\/wp-content\/uploads\/2025\/04\/1745035705_78_grande.jpg\"\/> Nantes 2-2 Rennes <img decoding=\"async\" loading=\"lazy\" class=\"blason blason-grand\" src=\"https:\/\/www.europesays.com\/fr\/wp-content\/uploads\/2025\/04\/1744694119_584_grande.jpg\"\/><\/p>\n<p>Buts : Mwanga (64e) et El-Arabi (90e+6) pour les Canaris \/\/ Blas (29e SP) et Lepaul (35e) pour les Rouge et Noir<\/p>\n<p>Et le foot reprend ses droits.<\/p>\n<p>Tout le monde attendait Valentin Rongier et Quentin Merlin, au centre de l\u2019attention pour leur retour contre Nantes, mais les supporters des Canaris ont fini par oublier cet affront pour aller chercher des \u00e9motions ailleurs, dans le match, dans le foot, en voyant leur \u00e9quipe arracher un nul qu\u2019ils pensaient avoir manqu\u00e9, au bout du bout du temps additionnel (2-2).<\/p>\n<p>Les deux anciens de la maison ont eu le droit \u00e0 leur accueil sp\u00e9cial, comme attendu, entre banderole insultant leur fid\u00e9lit\u00e9, sifflets et jets de projectiles sur corner, obligeant l\u2019arbitre \u00e0 demander un rappel \u00e0 l\u2019ordre au public de la Beaujoire et \u00e0 la Brigade Loire, qui s\u2019\u00e9tait transform\u00e9e en petite enclave sud-am\u00e9ricaine \u00e0 l\u2019entr\u00e9e des deux \u00e9quipes. De l\u2019ambiance, des couleurs, sans supporters rennais, m\u00eame si quelques incognitos ont parfois \u00e9t\u00e9 exfiltr\u00e9s des tribunes nantaises, le parcage \u00e9tant rest\u00e9 vide (vive la gestion des d\u00e9placements en France\u2026). Il y avait quand m\u00eame un match \u00e0 suivre sur le terrain, pas forc\u00e9ment emballant dans un premier temps. Mostafa Mohamed a pourtant manqu\u00e9 une \u00e9norme occasion, en ratant son lob, de mettre Nantes devant (8e), avant de voir la partie prendre un mauvais tournant pour les locaux.<\/p>\n<p>Samba ne pouvait pas sauver Hateboer deux fois<\/p>\n<p>En moins de dix minutes, Rennes a pris deux buts d\u2019avance, b\u00e9n\u00e9ficiant d\u2019abord d\u2019un coup de main du jeune Tylel Tati, dont la mimine sur le centre d\u2019Est\u00e9ban Lepaul a \u00e9t\u00e9 s\u00e9v\u00e8rement sanctionn\u00e9e d\u2019un penalty, transform\u00e9 en puissance par un autre ex-Nantais, Ludovic Blas <strong>(0-1, 29e).<\/strong> Le deuxi\u00e8me pion est arriv\u00e9 au bout d\u2019une belle s\u00e9quence, qui a vu le m\u00eame Blas lancer dans la profondeur Alidu Seidu, qui a attendu le temps qu\u2019il fallait pour servir en retrait un Lepaul clinique <strong>(0-2, 35e)<\/strong>. On s\u2019est dit que le KO aurait pu \u00eatre un peu plus cruel pour le FCN si Rongier n\u2019avait pas trop \u00e9cras\u00e9 son tir dans la foul\u00e9e (37e), alors que Matthis Abline s\u2019est charg\u00e9 d\u2019entretenir la flamme (38e, 45e).<\/p>\n<p>Dans leur petit confort, les Rennais ont quand m\u00eame laiss\u00e9 l\u2019excellent Seidu (touch\u00e9 aux cervicales) et Rongier aux vestiaires \u00e0 la pause, et peut-\u00eatre un peu plus encore. Les Nantais ne sont pas revenus la t\u00eate basse, leurs adversaires ont eu tendance \u00e0 trop g\u00e9rer sans parvenir \u00e0 s\u2019approcher de la surface d\u2019Anthony Lopes et ce qui commen\u00e7ait \u00e0 se ressentir est arriv\u00e9. La Beaujoire a repris espoir et s\u2019est enflamm\u00e9e, d\u2019un seul coup, en voyant Junior Mwanga marquer de pr\u00e8s au milieu d\u2019une d\u00e9fense rouge et noir b\u00e9gayante <strong>(1-2, 64e)<\/strong>. Nantes a pouss\u00e9, pouss\u00e9 et encore pouss\u00e9, jusque dans un temps additionnel fou dans lequel Hans Hateboer, entr\u00e9 pour ses premi\u00e8res minutes de la saison, a plomb\u00e9 une \u00e9quipe pass\u00e9e \u00e0 c\u00f4t\u00e9 de sa seconde p\u00e9riode. Le N\u00e9erlandais a provoqu\u00e9 un penalty stupide, mais a \u00e9t\u00e9 sauv\u00e9 par un arr\u00eat de Brice Samba devant Abline (90e+2)\u2026 avant que l\u2019ancien de l\u2019Atalanta ne se remette \u00e0 balbutier dans la surface pour finir par voir le v\u00e9t\u00e9ran Youssef El-Arabi, 14 ans apr\u00e8s son dernier but en L1, faire exploser les Nantais<strong> (2-2, 90e+6)<\/strong>.<\/p>\n<p>Il y a des nuls qui ont des go\u00fbts de victoire. Pas pour le Stade rennais, en tout cas.<\/p>\n<p><strong><img decoding=\"async\" loading=\"lazy\" class=\"blason blason-petit\" src=\"https:\/\/www.europesays.com\/fr\/wp-content\/uploads\/2025\/04\/1745035705_78_grande.jpg\"\/> Nantes (4-4-2) :<\/strong> Lopes \u2013 Amian, Awaziem, Tati (Coquelin, 66e(Tabibou, 77e)), Cozza (El-Arabi, 82e) \u2013 Lahdo (Camara, 77e), Mwanga, Lepenant, Leroux (Radakovi\u0107, 90e) \u2013 Mohamed (Benhattab, 66e), Abline. <strong>Entra\u00eeneur :<\/strong> Lu\u00eds Castro.<\/p>\n<p><strong><img decoding=\"async\" loading=\"lazy\" class=\"blason blason-petit\" src=\"https:\/\/www.europesays.com\/fr\/wp-content\/uploads\/2025\/04\/1744694119_584_grande.jpg\"\/> Rennes (3-5-2) :<\/strong> Samba \u2013 Seidu (Brassier, 46e), Jacquet, Rouault \u2013 Blas, Camara, Rongier (Ciss\u00e9, 46e), Fofana, Merlin \u2013 Embolo, Lepaul (Me\u00eft\u00e9, 81e). <strong>Entra\u00eeneur :<\/strong> Habib Beye.<\/p>\n<p>\t\t\t\t\t\t\t\t\t\t<a class=\"lien-connexe\" href=\"https:\/\/www.sofoot.com\/articles\/nantes-rennes-lens-lille-lazio-roma-quels-sont-les-vrais-derbys-du-week-end\" rel=\"nofollow noopener\" target=\"_blank\">O\u00f9 sont les vrais derbys du week-end<\/a>\t\t\t\t\t<\/p>\n","protected":false},"excerpt":{"rendered":"Nantes 2-2 Rennes Buts : Mwanga (64e) et El-Arabi (90e+6) pour les Canaris \/\/ Blas (29e SP) et&hellip;\n","protected":false},"author":2,"featured_media":406724,"comment_status":"","ping_status":"","sticky":false,"template":"","format":"standard","meta":{"footnotes":""},"categories":[2821],"tags":[1111,47,11,61,829,69,65,64,1777,674,63,1011,27,68,66,12,62,70,584,25,67],"class_list":{"0":"post-406723","1":"post","2":"type-post","3":"status-publish","4":"format-standard","5":"has-post-thumbnail","7":"category-rennes","8":"tag-actu","9":"tag-actualite","10":"tag-actualites","11":"tag-actus-football","12":"tag-bretagne","13":"tag-bundesliga","14":"tag-championnats-europeens","15":"tag-equipe-de-france","16":"tag-eu","17":"tag-europe","18":"tag-football","19":"tag-fr","20":"tag-france","21":"tag-ligua","22":"tag-ligue-1","23":"tag-news","24":"tag-news-foot","25":"tag-premier-league","26":"tag-rennes","27":"tag-republique-francaise","28":"tag-serie-a"},"share_on_mastodon":{"url":"https:\/\/pubeurope.com\/@fr\/115241272704103885","error":""},"_links":{"self":[{"href":"https:\/\/www.europesays.com\/fr\/wp-json\/wp\/v2\/posts\/406723","targetHints":{"allow":["GET"]}}],"collection":[{"href":"https:\/\/www.europesays.com\/fr\/wp-json\/wp\/v2\/posts"}],"about":[{"href":"https:\/\/www.europesays.com\/fr\/wp-json\/wp\/v2\/types\/post"}],"author":[{"embeddable":true,"href":"https:\/\/www.europesays.com\/fr\/wp-json\/wp\/v2\/users\/2"}],"replies":[{"embeddable":true,"href":"https:\/\/www.europesays.com\/fr\/wp-json\/wp\/v2\/comments?post=406723"}],"version-history":[{"count":0,"href":"https:\/\/www.europesays.com\/fr\/wp-json\/wp\/v2\/posts\/406723\/revisions"}],"wp:featuredmedia":[{"embeddable":true,"href":"https:\/\/www.europesays.com\/fr\/wp-json\/wp\/v2\/media\/406724"}],"wp:attachment":[{"href":"https:\/\/www.europesays.com\/fr\/wp-json\/wp\/v2\/media?parent=406723"}],"wp:term":[{"taxonomy":"category","embeddable":true,"href":"https:\/\/www.europesays.com\/fr\/wp-json\/wp\/v2\/categories?post=406723"},{"taxonomy":"post_tag","embeddable":true,"href":"https:\/\/www.europesays.com\/fr\/wp-json\/wp\/v2\/tags?post=406723"}],"curies":[{"name":"wp","href":"https:\/\/api.w.org\/{rel}","templated":true}]}}