{"id":406749,"date":"2025-09-21T08:22:09","date_gmt":"2025-09-21T08:22:09","guid":{"rendered":"https:\/\/www.europesays.com\/fr\/406749\/"},"modified":"2025-09-21T08:22:09","modified_gmt":"2025-09-21T08:22:09","slug":"avant-la-sortie-de-letranger-francois-ozon-se-confie-a-la-provence","status":"publish","type":"post","link":"https:\/\/www.europesays.com\/fr\/406749\/","title":{"rendered":"avant la sortie de \u00ab\u00a0L&rsquo;\u00c9tranger\u00a0\u00bb, Fran\u00e7ois Ozon se confie \u00e0 La Provence"},"content":{"rendered":"<p>Polo et lunettes noires, <a href=\"https:\/\/www.laprovence.com\/article\/region\/3495082462149314\/javais-envie-de-filmer-la-beaute-des-rides-francois-ozon-presente-a-aix-son-prochain-film\" target=\"_blank\" rel=\"noopener\">Fran\u00e7ois Ozon<\/a> profite du soleil en cette fin d\u2019apr\u00e8s-midi sur la terrasse du Ciel Rooftop, dans le centre-ville de Marseille. Nich\u00e9 au 7e \u00e9tage, le lieu donne une vue imprenable sur les toits de la ville et la mer. Cette atmosph\u00e8re m\u00e9diterran\u00e9enne, le cin\u00e9aste sait autant l\u2019appr\u00e9cier que la d\u00e9peindre, m\u00eame quand il est n\u00e9cessaire de s\u2019adapter.<\/p>\n<p>Car en \u00e9tant seulement le deuxi\u00e8me r\u00e9alisateur \u00e0 porter L\u2019\u00c9tranger <a href=\"https:\/\/www.laprovence.com\/article\/region\/2427712746282314\/les-conditions-dexposition-sont-particulieres-les-archives-dalbert-camus-un-tresor-a-aix-en-provence\" target=\"_blank\" rel=\"noopener\">d\u2019Albert Camus<\/a> (1942) sur grand \u00e9cran, apr\u00e8s Luchino Visconti en\u00a01967, Fran\u00e7ois Ozon visait un tournage \u00e0 Alger, lieu principal de l\u2019histoire. Les <a href=\"https:\/\/www.laprovence.com\/article\/politique\/1838816742137915\/tensions-entre-paris-et-alger-lalgerie-a-decide-dexpulser-dautres-fonctionnaires-francais\" target=\"_blank\" rel=\"noopener\">tensions entre la France et l\u2019Alg\u00e9rie <\/a>ont contraint l\u2019\u00e9quipe \u00e0 opter pour le Maroc, \u00e0 Tanger, dont les fa\u00e7ades blanches font \u00e9cho \u00e0 la capitale alg\u00e9rienne. La grande majorit\u00e9 des spectateurs devrait \u00eatre convaincue en d\u00e9couvrant le film d\u00e8s le 29\u00a0octobre prochain, dont Fran\u00e7ois Ozon nous a parl\u00e9 avec passion.<\/p>\n<p><strong>Pour cette adaptation, vous \u00eates rest\u00e9 tr\u00e8s fid\u00e8le au roman. Sa complexit\u00e9 l\u2019imposait\u00a0?<\/strong>&#13;\n<\/p>\n<p>C\u2019est une \u0153uvre extr\u00eamement myst\u00e9rieuse, opaque, dans laquelle il y a beaucoup plus de questions que de r\u00e9ponses. Pourtant, tellement de jeunes la lisent encore aujourd\u2019hui car elle est d\u2019actualit\u00e9, universelle, et co&#8230;<\/p>\n","protected":false},"excerpt":{"rendered":"Polo et lunettes noires, Fran\u00e7ois Ozon profite du soleil en cette fin d\u2019apr\u00e8s-midi sur la terrasse du Ciel&hellip;\n","protected":false},"author":2,"featured_media":406750,"comment_status":"","ping_status":"","sticky":false,"template":"","format":"standard","meta":{"footnotes":""},"categories":[2814],"tags":[17,1111,11,28707,5331,3917,3396,251,1777,674,53861,1011,27,884,12,882,36974,25,96],"class_list":{"0":"post-406749","1":"post","2":"type-post","3":"status-publish","4":"format-standard","5":"has-post-thumbnail","7":"category-marseille","8":"tag-17","9":"tag-actu","10":"tag-actualites","11":"tag-actuel","12":"tag-adaptation","13":"tag-avant","14":"tag-avec","15":"tag-culture","16":"tag-eu","17":"tag-europe","18":"tag-fidele","19":"tag-fr","20":"tag-france","21":"tag-marseille","22":"tag-news","23":"tag-provence-alpes-cote-dazur","24":"tag-regard","25":"tag-republique-francaise","26":"tag-une"},"share_on_mastodon":{"url":"https:\/\/pubeurope.com\/@fr\/115241323545458518","error":""},"_links":{"self":[{"href":"https:\/\/www.europesays.com\/fr\/wp-json\/wp\/v2\/posts\/406749","targetHints":{"allow":["GET"]}}],"collection":[{"href":"https:\/\/www.europesays.com\/fr\/wp-json\/wp\/v2\/posts"}],"about":[{"href":"https:\/\/www.europesays.com\/fr\/wp-json\/wp\/v2\/types\/post"}],"author":[{"embeddable":true,"href":"https:\/\/www.europesays.com\/fr\/wp-json\/wp\/v2\/users\/2"}],"replies":[{"embeddable":true,"href":"https:\/\/www.europesays.com\/fr\/wp-json\/wp\/v2\/comments?post=406749"}],"version-history":[{"count":0,"href":"https:\/\/www.europesays.com\/fr\/wp-json\/wp\/v2\/posts\/406749\/revisions"}],"wp:featuredmedia":[{"embeddable":true,"href":"https:\/\/www.europesays.com\/fr\/wp-json\/wp\/v2\/media\/406750"}],"wp:attachment":[{"href":"https:\/\/www.europesays.com\/fr\/wp-json\/wp\/v2\/media?parent=406749"}],"wp:term":[{"taxonomy":"category","embeddable":true,"href":"https:\/\/www.europesays.com\/fr\/wp-json\/wp\/v2\/categories?post=406749"},{"taxonomy":"post_tag","embeddable":true,"href":"https:\/\/www.europesays.com\/fr\/wp-json\/wp\/v2\/tags?post=406749"}],"curies":[{"name":"wp","href":"https:\/\/api.w.org\/{rel}","templated":true}]}}