{"id":406753,"date":"2025-09-21T08:24:11","date_gmt":"2025-09-21T08:24:11","guid":{"rendered":"https:\/\/www.europesays.com\/fr\/406753\/"},"modified":"2025-09-21T08:24:11","modified_gmt":"2025-09-21T08:24:11","slug":"la-colline-un-nouveau-site-dhospitalite-pour-familles-vulnerables","status":"publish","type":"post","link":"https:\/\/www.europesays.com\/fr\/406753\/","title":{"rendered":"La Colline, un nouveau site d\u2019hospitalit\u00e9 pour familles vuln\u00e9rables"},"content":{"rendered":"<p itemprop=\"description\"><strong>La M\u00e9tropole de Lyon a inaugur\u00e9 cette semaine un nouveau lieu d\u2019accueil pour les familles en grande pr\u00e9carit\u00e9.<\/strong><\/p>\n<p>Baptis\u00e9 La Colline, ce site implant\u00e9 dans le 5e arrondissement devient le dixi\u00e8me \u00e9quipement d\u2019hospitalit\u00e9 du territoire, portant \u00e0 737 le nombre de places p\u00e9rennes d\u00e9di\u00e9es aux m\u00e8res isol\u00e9es avec enfants de moins de trois ans, auxquelles s\u2019ajoutent 130 places relevant de la protection de l\u2019enfance.<\/p>\n<p>Am\u00e9nag\u00e9 dans un ancien immeuble tertiaire de 2550 m\u00b2 acquis en 2023 par le groupement Carr\u00e9 d\u2019Or \/ Alliade Habitat, La Colline a \u00e9t\u00e9 transform\u00e9 en 80 unit\u00e9s familiales, soit 190 places, apr\u00e8s six mois de travaux. Les espaces int\u00e8grent des chambres, cuisines et pi\u00e8ces de vie communes, dans une logique de r\u00e9emploi et de r\u00e9utilisation de mobilier. Un projet d\u2019am\u00e9nagement ext\u00e9rieur, \u00e9galement pens\u00e9 autour du recyclage, est en pr\u00e9paration.<\/p>\n<p>Le lieu est cog\u00e9r\u00e9 par les associations Le Mas et la Fondation de l\u2019Arm\u00e9e du Salut, qui assurent un accompagnement global des familles orient\u00e9es par la Maison de la Veille Sociale : suivi vers l\u2019acc\u00e8s au logement et \u00e0 l\u2019emploi, soutien \u00e0 la parentalit\u00e9 et aide dans les d\u00e9marches administratives.<\/p>\n<blockquote class=\"twitter-tweet\"><p>&#13;<\/p>\n<p dir=\"ltr\" lang=\"fr\">\u00ab L&rsquo;une de vos plus grandes fiert\u00e9s sous ce mandat ? \u00bb<\/p>\n<p>C&rsquo;est une question qui revient sans cesse et dont j&rsquo;\u00e9prouve toujours un mal fou \u00e0 r\u00e9pondre, tant les sujets que nous abordons sont pluriels.<\/p>\n<p>Mais s\u00fbrement que le projet de La Colline en fait partie.<\/p>\n<p>Parce qu\u2019il y a les\u2026 <a href=\"https:\/\/t.co\/m0NAKF2tHS\">pic.twitter.com\/m0NAKF2tHS<\/a><\/p>\n<p>&#13;<br \/>\n\u2014 Bruno Bernard (@brunobernard_fr) <a href=\"https:\/\/twitter.com\/brunobernard_fr\/status\/1968210565643325514?ref_src=twsrc%5Etfw\" target=\"_blank\" rel=\"noopener\">September 17, 2025<\/a><\/p><\/blockquote>\n<p>Ce projet repr\u00e9sente un investissement de 1,32 million d\u2019euros pour les travaux et 129 000 euros pour l\u2019\u00e9quipement, financ\u00e9s par la M\u00e9tropole, auxquels s\u2019ajoutent 60 000 euros apport\u00e9s par l\u2019Entreprise des Possibles.<\/p>\n<p>Le co\u00fbt de fonctionnement est estim\u00e9 \u00e0 20 euros par place et par jour, couvrant la gestion, l\u2019entretien, l\u2019accompagnement social et l\u2019aide alimentaire<\/p>\n<p>\t\t  <script async src=\"https:\/\/platform.twitter.com\/widgets.js\" charset=\"utf-8\"><\/script><\/p>\n","protected":false},"excerpt":{"rendered":"La M\u00e9tropole de Lyon a inaugur\u00e9 cette semaine un nouveau lieu d\u2019accueil pour les familles en grande pr\u00e9carit\u00e9.&hellip;\n","protected":false},"author":2,"featured_media":406754,"comment_status":"","ping_status":"","sticky":false,"template":"","format":"standard","meta":{"footnotes":""},"categories":[1889],"tags":[1111,11,2813,2190,2430,1109,251,1112,2811,1777,674,118,1011,27,1922,1110,1114,2428,2810,12,241,316,25,2812,517,800],"class_list":{"0":"post-406753","1":"post","2":"type-post","3":"status-publish","4":"format-standard","5":"has-post-thumbnail","7":"category-lyon","8":"tag-actu","9":"tag-actualites","10":"tag-article","11":"tag-asvel","12":"tag-auvergne-rhone-alpes","13":"tag-breves","14":"tag-culture","15":"tag-depeches","16":"tag-economique","17":"tag-eu","18":"tag-europe","19":"tag-faits-divers","20":"tag-fr","21":"tag-france","22":"tag-info","23":"tag-informations","24":"tag-infos","25":"tag-lyon","26":"tag-lyonmag","27":"tag-news","28":"tag-ol","29":"tag-politique","30":"tag-republique-francaise","31":"tag-sociale","32":"tag-sport","33":"tag-transports"},"share_on_mastodon":{"url":"https:\/\/pubeurope.com\/@fr\/115241331277212684","error":""},"_links":{"self":[{"href":"https:\/\/www.europesays.com\/fr\/wp-json\/wp\/v2\/posts\/406753","targetHints":{"allow":["GET"]}}],"collection":[{"href":"https:\/\/www.europesays.com\/fr\/wp-json\/wp\/v2\/posts"}],"about":[{"href":"https:\/\/www.europesays.com\/fr\/wp-json\/wp\/v2\/types\/post"}],"author":[{"embeddable":true,"href":"https:\/\/www.europesays.com\/fr\/wp-json\/wp\/v2\/users\/2"}],"replies":[{"embeddable":true,"href":"https:\/\/www.europesays.com\/fr\/wp-json\/wp\/v2\/comments?post=406753"}],"version-history":[{"count":0,"href":"https:\/\/www.europesays.com\/fr\/wp-json\/wp\/v2\/posts\/406753\/revisions"}],"wp:featuredmedia":[{"embeddable":true,"href":"https:\/\/www.europesays.com\/fr\/wp-json\/wp\/v2\/media\/406754"}],"wp:attachment":[{"href":"https:\/\/www.europesays.com\/fr\/wp-json\/wp\/v2\/media?parent=406753"}],"wp:term":[{"taxonomy":"category","embeddable":true,"href":"https:\/\/www.europesays.com\/fr\/wp-json\/wp\/v2\/categories?post=406753"},{"taxonomy":"post_tag","embeddable":true,"href":"https:\/\/www.europesays.com\/fr\/wp-json\/wp\/v2\/tags?post=406753"}],"curies":[{"name":"wp","href":"https:\/\/api.w.org\/{rel}","templated":true}]}}