{"id":406757,"date":"2025-09-21T08:27:13","date_gmt":"2025-09-21T08:27:13","guid":{"rendered":"https:\/\/www.europesays.com\/fr\/406757\/"},"modified":"2025-09-21T08:27:13","modified_gmt":"2025-09-21T08:27:13","slug":"miss-france-2026-qui-est-mareva-michel-elue-miss-ile-de-france","status":"publish","type":"post","link":"https:\/\/www.europesays.com\/fr\/406757\/","title":{"rendered":"Miss France 2026\u00a0: qui est Mareva Michel, \u00e9lue Miss \u00cele-de-France\u00a0?"},"content":{"rendered":"<p class=\"paragraph text_align_left lp-f-body-02\">Elle va repr\u00e9senter plus de 12 millions d\u2019habitants et <a href=\"https:\/\/www.leparisien.fr\/culture-loisirs\/miss-france\/miss-france-2025-julie-dupont-miss-ile-de-france-a-ete-journaliste-video-au-parisien-06-12-2024-KCRRQYTYHNA23BJVEO7KBLAD5A.php\" target=\"_blank\" rel=\"noreferrer nofollow noopener\">succ\u00e8de \u00e0 Julie Dupont<\/a>. Mareva Michel, originaire des Yvelines, a \u00e9t\u00e9 \u00e9lue ce samedi 20 septembre Miss \u00cele-de-France 2025 \u00e0 Dammarie-les-Lys (Seine-et-Marne). Elle sera l\u2019une des 30 pr\u00e9tendantes r\u00e9gionales \u00e0 la couronne de <a href=\"https:\/\/www.leparisien.fr\/culture-loisirs\/miss-france\/\" target=\"_blank\" rel=\"noreferrer nofollow noopener\">Miss France 2026<\/a> lors de l\u2019\u00e9lection qui aura lieu le 13 d\u00e9cembre.<\/p>\n<p class=\"paragraph text_align_left lp-f-body-02\">Couronn\u00e9e <a href=\"https:\/\/www.leparisien.fr\/yvelines-78\/mareva-michel-une-premiere-miss-pour-les-yvelines-25-05-2025-OLYL4RSFWZEONBLJCRFAANVJCY.php\" target=\"_blank\" rel=\"noreferrer nofollow noopener\">Miss Yvelines \u00e0 Poissy en avril<\/a>, elle faisait ce samedi partie des 16 candidates en lice pour le titre r\u00e9gional. Celle qui est n\u00e9e \u00e0 Poissy en 2003 a grandi \u00e0 quelques stations de RER A, \u00e0 Maisons-Laffitte, avant d\u2019effectuer ses ann\u00e9es lyc\u00e9e \u00e0 Sartrouville.<\/p>\n<p>Franco-mexicaine et issue d\u2019une famille de Miss<\/p>\n<p class=\"paragraph text_align_left lp-f-body-02\">\u00c0 bient\u00f4t 22 ans, Mareva Michel vient de terminer sa quatri\u00e8me ann\u00e9e d\u2019\u00e9tudes en \u00e9cole de commerce, elle qui est \u00e9tudiante au sein de l\u2019Essec. Elle souhaite d\u00e9sormais int\u00e9grer un master en marketing digital, si sa couronne et sa pr\u00e9paration \u00e0 l\u2019\u00e9lection nationale ne viennent pas tout bouleverser. \u00c0 terme, la jeune femme esp\u00e8re embrasser une carri\u00e8re dans le marketing, que ce soit dans le secteur des cosm\u00e9tiques ou de la parfumerie.<\/p>\n<p class=\"paragraph text_align_left lp-f-body-02\">Franco-mexicaine, elle a le virus des Miss dans le sang : \u00ab Ma m\u00e8re et ma tante ont \u00e9t\u00e9 miss au Mexique. C\u2019\u00e9tait \u00e0 mon tour, j\u2019attendais juste le meilleur moment \u00bb, nous confiait-elle apr\u00e8s son sacre yvelinois, elle qui a pu compter sur les encouragements de toute sa famille, mais aussi de son comit\u00e9 d\u00e9partemental, qui r\u00eavait de voir sa candidate acc\u00e9der \u00e0 l\u2019\u00e9tape sup\u00e9rieure.<\/p>\n<p>Un pr\u00e9nom qui n\u2019a pas \u00e9t\u00e9 choisi au hasard<\/p>\n<p class=\"paragraph text_align_left lp-f-body-02\">Une participation m\u00fbrement r\u00e9fl\u00e9chie donc, signe de maturit\u00e9 de la jeune \u00e9lue : \u00ab J\u2019ai attendu d\u2019\u00eatre sur le point de finir mes \u00e9tudes. Je ne voulais pas br\u00fbler les \u00e9tapes. Je souhaitais pouvoir m\u2019appuyer sur quelque chose de solide avant de tenter l\u2019aventure \u00bb, t\u00e9moignait-elle en mai \u00e0 <a href=\"https:\/\/actu.fr\/ile-de-france\/le-chesnay-rocquencourt_78158\/etre-miss-cest-etre-un-exemple-qui-est-mareva-michel-miss-yvelines-2025_62685354.html\" target=\"_blank\" rel=\"noreferrer nofollow noopener\">78actu<\/a>. De quoi se prendre \u00e0 r\u00eaver de <a href=\"https:\/\/www.leparisien.fr\/culture-loisirs\/tv\/diane-leyre-miss-france-2022-je-nai-jamais-su-draguer-15-12-2022-PYXONIQCFJFSRDWEX3VRMMZI5Y.php\" target=\"_blank\" rel=\"noreferrer nofollow noopener\">succ\u00e9der \u00e0 Diane Leyre<\/a>, derni\u00e8re Miss \u00cele-de-France couronn\u00e9e Miss France, en 2022.<\/p>\n<p class=\"paragraph text_align_left lp-f-body-02\">D\u2019ailleurs, son pr\u00e9nom n\u2019a rien d\u2019un hasard : Mareva, comme <a href=\"https:\/\/www.leparisien.fr\/laparisienne\/people\/miss-france-les-candidates-fetees-a-beverly-hills-28-11-2017-7421406.php\" target=\"_blank\" rel=\"noreferrer nofollow noopener\">Mareva Georges, Miss France 1991<\/a>, et Mareva Galanter, Miss France 1999. \u00ab J\u2019esp\u00e8re devenir la troisi\u00e8me Mareva Miss France \u00bb, avouait-elle \u00e0 nos confr\u00e8res. Et la premi\u00e8re qui ne viendrait pas de Tahiti.<\/p>\n","protected":false},"excerpt":{"rendered":"Elle va repr\u00e9senter plus de 12 millions d\u2019habitants et succ\u00e8de \u00e0 Julie Dupont. Mareva Michel, originaire des Yvelines,&hellip;\n","protected":false},"author":2,"featured_media":406758,"comment_status":"","ping_status":"","sticky":false,"template":"","format":"standard","meta":{"footnotes":""},"categories":[1592],"tags":[1111,11,872,1777,674,1011,27,662,3034,12,626,25],"class_list":{"0":"post-406757","1":"post","2":"type-post","3":"status-publish","4":"format-standard","5":"has-post-thumbnail","7":"category-ile-de-france","8":"tag-actu","9":"tag-actualites","10":"tag-culture-et-loisirs","11":"tag-eu","12":"tag-europe","13":"tag-fr","14":"tag-france","15":"tag-ile-de-france","16":"tag-miss-france","17":"tag-news","18":"tag-paris","19":"tag-republique-francaise"},"share_on_mastodon":{"url":"https:\/\/pubeurope.com\/@fr\/115241342968412276","error":""},"_links":{"self":[{"href":"https:\/\/www.europesays.com\/fr\/wp-json\/wp\/v2\/posts\/406757","targetHints":{"allow":["GET"]}}],"collection":[{"href":"https:\/\/www.europesays.com\/fr\/wp-json\/wp\/v2\/posts"}],"about":[{"href":"https:\/\/www.europesays.com\/fr\/wp-json\/wp\/v2\/types\/post"}],"author":[{"embeddable":true,"href":"https:\/\/www.europesays.com\/fr\/wp-json\/wp\/v2\/users\/2"}],"replies":[{"embeddable":true,"href":"https:\/\/www.europesays.com\/fr\/wp-json\/wp\/v2\/comments?post=406757"}],"version-history":[{"count":0,"href":"https:\/\/www.europesays.com\/fr\/wp-json\/wp\/v2\/posts\/406757\/revisions"}],"wp:featuredmedia":[{"embeddable":true,"href":"https:\/\/www.europesays.com\/fr\/wp-json\/wp\/v2\/media\/406758"}],"wp:attachment":[{"href":"https:\/\/www.europesays.com\/fr\/wp-json\/wp\/v2\/media?parent=406757"}],"wp:term":[{"taxonomy":"category","embeddable":true,"href":"https:\/\/www.europesays.com\/fr\/wp-json\/wp\/v2\/categories?post=406757"},{"taxonomy":"post_tag","embeddable":true,"href":"https:\/\/www.europesays.com\/fr\/wp-json\/wp\/v2\/tags?post=406757"}],"curies":[{"name":"wp","href":"https:\/\/api.w.org\/{rel}","templated":true}]}}