{"id":406769,"date":"2025-09-21T08:33:18","date_gmt":"2025-09-21T08:33:18","guid":{"rendered":"https:\/\/www.europesays.com\/fr\/406769\/"},"modified":"2025-09-21T08:33:18","modified_gmt":"2025-09-21T08:33:18","slug":"comment-la-guerre-a-cree-une-nouvelle-classe-moyenne-russe","status":"publish","type":"post","link":"https:\/\/www.europesays.com\/fr\/406769\/","title":{"rendered":"Comment la guerre a cr\u00e9\u00e9 une nouvelle classe moyenne russe"},"content":{"rendered":"\n<p>La ville russe de Volgograd fut le th\u00e9\u00e2tre de l\u2019un des affrontements militaires les plus sanglants de l\u2019histoire mondiale\u00a0: <a href=\"https:\/\/www.courrierinternational.com\/article\/vu-de-russie-stalingrad-symbole-de-l-impossible-recul-pour-poutine\" rel=\"nofollow noopener\" target=\"_blank\">la bataille de Stalingrad<\/a> (du nom que portait la ville en 1943). Elle dura sept mois et fit un demi-million de morts c\u00f4t\u00e9 sovi\u00e9tique. Plus de quatre-vingts ans plus tard, l\u2019\u00e9quivalent russe de Facebook est inond\u00e9 de <a href=\"https:\/\/www.courrierinternational.com\/article\/guerre-en-ukraine-vers-une-conscription-continue-et-sans-pause-en-russie_233420\" rel=\"nofollow noopener\" target=\"_blank\">campagnes de recrutement du gouvernement<\/a> appelant les hommes de Volgograd \u00e0 s\u2019engager dans l\u2019arm\u00e9e et \u00e0 combattre en Ukraine.<\/p>\n<p>\u201cAppel \u00e0 tous les hommes de 18 \u00e0 63\u00a0ans, m\u00eame porteurs de maladies (VIH, h\u00e9patite, etc.). Les personnes en libert\u00e9 conditionnelle et les d\u00e9tenus sont aussi accept\u00e9s\u201d, peut-on lire sur une annonce publi\u00e9e sur Vkontakte \u2013 ou VK. Avoir les pieds plats, un handicap intellectuel ou \u00eatre \u00e9tranger n\u2019est pas non plus un probl\u00e8me.<\/p>\n<p>Et vous pouvez toucher le jackpot. Un post annonce 8\u00a0millions de roubles [environ 85\u00a0000\u00a0euros] pour la premi\u00e8re ann\u00e9e \u2013 soit plus de dix fois le salaire annuel moyen dans la r\u00e9gion en 2024 [7\u00a0500\u00a0euros]. Ces soldes mirobolantes expliquent en partie comment l\u2019\u00e9conomie de guerre de la Russie a cr\u00e9\u00e9 une nouvelle classe moyenne dans le pays.<\/p>\n<p> La crise n\u2019a pas eu lieu <\/p>\n<p>Les appels \u00e0 s\u2019engager fleurissent alors que Donald Trump et les dirigeants europ\u00e9ens essaient d\u2019arracher des n\u00e9gociations de paix \u00e0 la Russie <\/p>\n<p>                                      <strong class=\"paywall-title\">Cet article est r\u00e9serv\u00e9 aux\u00a0abonn\u00e9s.<\/strong>   <\/p>\n<p class=\"paywall-text\">Lisez la\u00a0suite et\u00a0acc\u00e9dez \u00e0\u00a0une s\u00e9lection unique d\u2019articles traduits de\u00a0la\u00a0presse \u00e9trang\u00e8re.<\/p>\n<p class=\"article-authors\">                         <a href=\"https:\/\/www.courrierinternational.com\/auteur\/eir-nolsoe-et-tim-wallace\" rel=\"nofollow noopener\" target=\"_blank\">Eir Nols\u00f8e et Tim Wallace<\/a>    <\/p>\n<p class=\"article-vo\"><a href=\"https:\/\/www.telegraph.co.uk\/business\/2025\/08\/24\/russias-new-middle-class-cant-afford-for-putins-war-to-end\/\" rel=\"noopener nofollow\" target=\"_blank\">Lire l\u2019article original<\/a><\/p>\n<p>Nos lecteurs ont lu\u00a0aussi<\/p>\n<p>Source de l\u2019article<\/p>\n<p>   <img decoding=\"async\" class=\"source-logo\" src=\"https:\/\/www.europesays.com\/fr\/wp-content\/uploads\/2025\/09\/6b6bf67_1643653482264-sunday-telegraph.jpg\"  alt=\"Logo\" loading=\"lazy\" width=\"32\" height=\"32\"\/>  The Sunday Telegraph  (Londres)       <\/p>\n<p>Cr\u00e9\u00e9 en 1961, le titre est la version dominicale du grand quotidien conservateur The Daily Telegraph. Il suit une ligne \u00e9ditoriale similaire (The Sunday Telegraph partage d\u2019ailleurs le m\u00eame site que The Daily Telegraph), atlantiste et eurosceptique, r\u00e9solument engag\u00e9 contre tout rapprochement du Royaume-Uni avec l\u2019Union europ\u00e9enne depuis le Brexit. Dans le cadre de la guerre en Ukraine, cet hebdomadaire adopte une ligne particuli\u00e8rement offensive vis-\u00e0-vis du Kremlin.<\/p>\n<p>      <a href=\"https:\/\/www.courrierinternational.com\/notule-source\/the-sunday-telegraph\" class=\"source-link\" rel=\"nofollow noopener\" target=\"_blank\">Lire la suite<\/a>                 <\/p>\n<p>Nos services<\/p>\n","protected":false},"excerpt":{"rendered":"La ville russe de Volgograd fut le th\u00e9\u00e2tre de l\u2019un des affrontements militaires les plus sanglants de l\u2019histoire&hellip;\n","protected":false},"author":2,"featured_media":406770,"comment_status":"","ping_status":"","sticky":false,"template":"","format":"standard","meta":{"footnotes":""},"categories":[1590],"tags":[11,1777,674,1892,131,12,132,220,135],"class_list":{"0":"post-406769","1":"post","2":"type-post","3":"status-publish","4":"format-standard","5":"has-post-thumbnail","7":"category-ukraine","8":"tag-actualites","9":"tag-eu","10":"tag-europe","11":"tag-gu00e9opolitique","12":"tag-guerre-en-ukraine","13":"tag-news","14":"tag-russie","15":"tag-ukraine","16":"tag-vladimir-poutine"},"share_on_mastodon":{"url":"https:\/\/pubeurope.com\/@fr\/115241367127847049","error":""},"_links":{"self":[{"href":"https:\/\/www.europesays.com\/fr\/wp-json\/wp\/v2\/posts\/406769","targetHints":{"allow":["GET"]}}],"collection":[{"href":"https:\/\/www.europesays.com\/fr\/wp-json\/wp\/v2\/posts"}],"about":[{"href":"https:\/\/www.europesays.com\/fr\/wp-json\/wp\/v2\/types\/post"}],"author":[{"embeddable":true,"href":"https:\/\/www.europesays.com\/fr\/wp-json\/wp\/v2\/users\/2"}],"replies":[{"embeddable":true,"href":"https:\/\/www.europesays.com\/fr\/wp-json\/wp\/v2\/comments?post=406769"}],"version-history":[{"count":0,"href":"https:\/\/www.europesays.com\/fr\/wp-json\/wp\/v2\/posts\/406769\/revisions"}],"wp:featuredmedia":[{"embeddable":true,"href":"https:\/\/www.europesays.com\/fr\/wp-json\/wp\/v2\/media\/406770"}],"wp:attachment":[{"href":"https:\/\/www.europesays.com\/fr\/wp-json\/wp\/v2\/media?parent=406769"}],"wp:term":[{"taxonomy":"category","embeddable":true,"href":"https:\/\/www.europesays.com\/fr\/wp-json\/wp\/v2\/categories?post=406769"},{"taxonomy":"post_tag","embeddable":true,"href":"https:\/\/www.europesays.com\/fr\/wp-json\/wp\/v2\/tags?post=406769"}],"curies":[{"name":"wp","href":"https:\/\/api.w.org\/{rel}","templated":true}]}}