{"id":406784,"date":"2025-09-21T08:43:27","date_gmt":"2025-09-21T08:43:27","guid":{"rendered":"https:\/\/www.europesays.com\/fr\/406784\/"},"modified":"2025-09-21T08:43:27","modified_gmt":"2025-09-21T08:43:27","slug":"bas-en-basset-la-finale-de-la-ligue-de-pitch-and-putt-sest-deroulee-au-golf-de-coutanson-3","status":"publish","type":"post","link":"https:\/\/www.europesays.com\/fr\/406784\/","title":{"rendered":"Bas-en-Basset : la finale de la Ligue de pitch and putt s\u2019est d\u00e9roul\u00e9e au golf de Coutanson"},"content":{"rendered":"<p>\t\t\t\t\t\t\t\t\t\t\t\t\t\t\t\t\t\t\t\t\t\t\t\t\t\t\t\t\t\t\t\t\t\t\t\t\t\t\t\t\t\t\t\t\t\t\t\t\t\t\t\t\t\t\t\t\t\t\t\t\t\t\t<a href=\"https:\/\/www.lacommere43.fr\/component\/banners\/click\/1820.html\" target=\"_blank\" title=\"Maison Velay septembre 2025\" rel=\"noopener\"><br \/>\n\t\t\t\t\t\t\t<img decoding=\"async\" loading=\"lazy\" src=\"https:\/\/www.europesays.com\/fr\/wp-content\/uploads\/2025\/09\/1758444204_716_La_Commre_43_Pav__H600_x_L600_px2025.jpg\" alt=\"Maison Velay septembre 2025\"\/><br \/>\n\t\t\t\t\t\t<\/a><\/p>\n<p>\t\t\t\t\t\t\t\t\t\t\t\t\t\t\t\t\t\t\t\t\t\t\t\t\t\t\t\t\t\t\t\t\t\t\t\t\t\t\t\t\t\t\t\t\t\t\t\t\t\t\t\t\t\t\t\t\t\t\t\t\t\t\t<a href=\"https:\/\/www.lacommere43.fr\/component\/banners\/click\/1819.html\" target=\"_blank\" title=\"Saint-Romain-Lachalm Durieux Fermetures septembre 2025\" rel=\"noopener\"><br \/>\n\t\t\t\t\t\t\t<img decoding=\"async\" loading=\"lazy\" src=\"https:\/\/www.europesays.com\/fr\/wp-content\/uploads\/2025\/09\/La-Commre-43---17-09-au-07-10-25-carrs.gif\" alt=\"Saint-Romain-Lachalm Durieux Fermetures septembre 2025\"\/><br \/>\n\t\t\t\t\t\t<\/a><\/p>\n<p><strong>France Pitch &amp; Putt a organis\u00e9 la finale de la LIPP (Ligue interdistrict pitch and putt) sur le golf de Coutanson du 12 au 14 septembre avec une premi\u00e8re journ\u00e9e consacr\u00e9e \u00e0 la traditionnelle reconnaissance avant les deux jours de comp\u00e9tition.<\/strong><\/p>\n<p>Les comp\u00e9titeurs s\u2019\u00e9lan\u00e7aient avec deux objectifs diff\u00e9rents : un classement de \u201cChampion de Ligue\u201d avec les \u00e9quipes 1 de chaque club et les autres \u00e9quipes avec le Challenge John Hudson (fondateur du Pitch &amp; Putt en France) en perspective.<\/p>\n<p>Le premier tour de stroke play du samedi matin a permis de d\u00e9terminer un classement par \u00e9quipes et c\u2019est l\u2019\u00e9quipe de Riom qui passait en t\u00eate devant Coutanson, la Grande Motte et Champlong. Ces quatre \u00e9quipes \u00e9taient en route pour le titre de \u00ab Champion de Ligue \u00bb mais il fallait passer par deux demi-finales avec la terrible formule du match play.<\/p>\n<p>La premi\u00e8re demi-finale voyait Riom s\u2019imposer face \u00e0 Champlong pendant que sur l\u2019autre demi-finale Coutanson venait \u00e0 bout de La Grande Motte. La finale a oppos\u00e9 Riom \u00e0 Coutanson et au terme de la partie, les locaux d\u00e9crochaient le titre.<\/p>\n<p>En parall\u00e8le, l\u2019insatiable club de Coutanson s\u2019imposait avec son \u00e9quipe 2 face \u00e0 la Grande Motte pour le Challenge John Hudson.<\/p>\n<p>On ne peut passer sous silence les trous en un r\u00e9alis\u00e9s par Aur\u00e9lien Valeille et Jacques Perbet (Coutanson), Michel Fernandez et Jean-Luc Pannetier (La Grande Motte).<\/p>\n","protected":false},"excerpt":{"rendered":"France Pitch &amp; Putt a organis\u00e9 la finale de la LIPP (Ligue interdistrict pitch and putt) sur le&hellip;\n","protected":false},"author":2,"featured_media":398198,"comment_status":"","ping_status":"","sticky":false,"template":"","format":"standard","meta":{"footnotes":""},"categories":[1418],"tags":[2281,2282,1011,27,1472,2280,2284,2285,2283,60],"class_list":{"0":"post-406784","1":"post","2":"type-post","3":"status-publish","4":"format-standard","5":"has-post-thumbnail","7":"category-golf","8":"tag-actualite-43","9":"tag-faits-divers-auvergne","10":"tag-fr","11":"tag-france","12":"tag-golf","13":"tag-information-haute-loire","14":"tag-infos-43","15":"tag-journal-haute-loire","16":"tag-la-commere-43","17":"tag-sports"},"share_on_mastodon":{"url":"https:\/\/pubeurope.com\/@fr\/115241406419679013","error":""},"_links":{"self":[{"href":"https:\/\/www.europesays.com\/fr\/wp-json\/wp\/v2\/posts\/406784","targetHints":{"allow":["GET"]}}],"collection":[{"href":"https:\/\/www.europesays.com\/fr\/wp-json\/wp\/v2\/posts"}],"about":[{"href":"https:\/\/www.europesays.com\/fr\/wp-json\/wp\/v2\/types\/post"}],"author":[{"embeddable":true,"href":"https:\/\/www.europesays.com\/fr\/wp-json\/wp\/v2\/users\/2"}],"replies":[{"embeddable":true,"href":"https:\/\/www.europesays.com\/fr\/wp-json\/wp\/v2\/comments?post=406784"}],"version-history":[{"count":0,"href":"https:\/\/www.europesays.com\/fr\/wp-json\/wp\/v2\/posts\/406784\/revisions"}],"wp:featuredmedia":[{"embeddable":true,"href":"https:\/\/www.europesays.com\/fr\/wp-json\/wp\/v2\/media\/398198"}],"wp:attachment":[{"href":"https:\/\/www.europesays.com\/fr\/wp-json\/wp\/v2\/media?parent=406784"}],"wp:term":[{"taxonomy":"category","embeddable":true,"href":"https:\/\/www.europesays.com\/fr\/wp-json\/wp\/v2\/categories?post=406784"},{"taxonomy":"post_tag","embeddable":true,"href":"https:\/\/www.europesays.com\/fr\/wp-json\/wp\/v2\/tags?post=406784"}],"curies":[{"name":"wp","href":"https:\/\/api.w.org\/{rel}","templated":true}]}}