{"id":406788,"date":"2025-09-21T08:49:12","date_gmt":"2025-09-21T08:49:12","guid":{"rendered":"https:\/\/www.europesays.com\/fr\/406788\/"},"modified":"2025-09-21T08:49:12","modified_gmt":"2025-09-21T08:49:12","slug":"pourquoi-mclaren-peut-changer-le-chassis-de-piastri-sans-partir-des-stands","status":"publish","type":"post","link":"https:\/\/www.europesays.com\/fr\/406788\/","title":{"rendered":"Pourquoi McLaren peut changer le ch\u00e2ssis de Piastri sans partir des stands"},"content":{"rendered":"<p>La s\u00e9ance de qualification du Grand Prix d&rsquo;Azerba\u00efdjan a laiss\u00e9 des traces, n\u00e9anmoins les vingt pilotes de la grille sont attendus sur la grille de d\u00e9part \u00e0 13 heures, sur le circuit de Bakou. Les six drapeaux rouges brandis samedi apr\u00e8s-midi pendant Q1, Q2, et Q3, \u00e9tal\u00e9es sur quasiment deux heures, ont tous \u00e9t\u00e9 cons\u00e9cutifs \u00e0 des contacts en piste, plus ou moins importants.\u00a0<\/p>\n<p>Parti \u00e0 la faute au virage 3, le <a href=\"https:\/\/fr.motorsport.com\/f1\/standings\/2025\/\" target=\"_self\" rel=\"noopener\">leader du championnat<\/a>, <a href=\"https:\/\/fr.motorsport.com\/driver\/oscar-piastri\/835356\/\" target=\"_blank\" rel=\"noopener\">Oscar Piastri<\/a>, a fortement endommag\u00e9 sa <a href=\"https:\/\/fr.motorsport.com\/team\/mclaren\/609\/\" target=\"_blank\" rel=\"noopener\">McLaren<\/a>. Class\u00e9 neuvi\u00e8me, il pourra tenir son rang, m\u00eame si l&rsquo;\u00e9curie de Woking a confirm\u00e9 avoir proc\u00e9d\u00e9 \u00e0 un changement de ch\u00e2ssis. Un remplacement permis par le r\u00e8glement sous parc ferm\u00e9, ce qui n&rsquo;\u00e9tait pas le cas il y a encore quelques ann\u00e9es, mais encadr\u00e9 par certaines conditions.\u00a0<\/p>\n<p>Le R\u00e8glement Sportif de la Formule\u00a01 autorise en effet \u00ab\u00a0un changement de voiture si celle-ci a subi des dommages r\u00e9els lors d&rsquo;un accident ou a subi une d\u00e9faillance ou un d\u00e9faut significatif n\u00e9cessitant un changement de cellule de survie. Tous les composants de la voiture de remplacement doivent \u00eatre identiques dans leur conception et similaires en masse, inertie et fonction \u00e0 ceux de la voiture d&rsquo;origine. Le r\u00e9glage de la suspension doit \u00eatre le m\u00eame\u00a0\u00bb.<\/p>\n<p>   <img decoding=\"async\" draggable=\"false\" src=\"https:\/\/www.europesays.com\/fr\/wp-content\/uploads\/2025\/09\/franco-colapinto-alpine.jpg\" alt=\"Alpine a aussi chang\u00e9 le ch\u00e2ssis de Franco Colapinto.\" width=\"1200\" height=\"800\" loading=\"lazy\"\/> <\/p>\n<p class=\"title\">Alpine a aussi chang\u00e9 le ch\u00e2ssis de Franco Colapinto.<\/p>\n<p class=\"photographer\">Photo de: Joe Portlock \/ LAT Images via Getty Images<\/p>\n<p>Sorti de la piste en Q1, <a href=\"https:\/\/fr.motorsport.com\/driver\/franco-colapinto\/875918\/\" target=\"_blank\" rel=\"noopener\">Franco Colapinto<\/a> b\u00e9n\u00e9ficiera lui aussi d&rsquo;un nouveau ch\u00e2ssis pour la course, <a href=\"https:\/\/fr.motorsport.com\/team\/alpine\/37490\/\" target=\"_blank\" rel=\"noopener\">Alpine<\/a> ayant \u00e9galement pr\u00e9cis\u00e9 avoir proc\u00e9d\u00e9 \u00e0 un remplacement de la bo\u00eete de vitesses, qui n&rsquo;est plus non plus p\u00e9nalis\u00e9 lors des week-ends de Grand Prix depuis plusieurs saisons. L&rsquo;Argentin conserve ainsi sa 16e place sur la grille de d\u00e9part.\u00a0<\/p>\n<p>Enfin, <a href=\"https:\/\/fr.motorsport.com\/driver\/esteban-ocon\/95096\/\" target=\"_blank\" rel=\"noopener\">Esteban Ocon<\/a> a \u00e9t\u00e9 autoris\u00e9 \u00e0 prendre le d\u00e9part depuis la 20e et derni\u00e8re place. La <a href=\"https:\/\/fr.motorsport.com\/team\/haas\/1949\/\" target=\"_blank\" rel=\"noopener\">Haas<\/a> du pilote fran\u00e7ais a \u00e9t\u00e9 jug\u00e9e non conforme samedi soir apr\u00e8s avoir \u00e9chou\u00e9 lors des tests de flexibilit\u00e9 de l&rsquo;aileron arri\u00e8re, <a href=\"https:\/\/fr.motorsport.com\/f1\/news\/esteban-ocon-disqualification-haas-bakou\/10761072\/\" target=\"_self\" rel=\"noopener\">entra\u00eenant une exclusion des qualifications<\/a>. Les commissaires ont ensuite donn\u00e9 la permission \u00e0 l&rsquo;\u00e9curie am\u00e9ricaine de prendre le d\u00e9part en fond de grille, alors que son pilote s&rsquo;\u00e9tait initialement qualifi\u00e9 18e.\u00a0<\/p>\n<p style=\"text-align: right;\">Avec Roberto Chinchero<\/p>\n<p>Lire aussi :<\/p>\n","protected":false},"excerpt":{"rendered":"La s\u00e9ance de qualification du Grand Prix d&rsquo;Azerba\u00efdjan a laiss\u00e9 des traces, n\u00e9anmoins les vingt pilotes de la&hellip;\n","protected":false},"author":2,"featured_media":406789,"comment_status":"","ping_status":"","sticky":false,"template":"","format":"standard","meta":{"footnotes":""},"categories":[1412],"tags":[2674,52446,2249,1451,1452,1453,1454,1455,1011,27,18196,52445,4443,4475,2241,53863,60],"class_list":{"0":"post-406788","1":"post","2":"type-post","3":"status-publish","4":"format-standard","5":"has-post-thumbnail","7":"category-f1","8":"tag-alpine","9":"tag-baku-city-circuit","10":"tag-esteban-ocon","11":"tag-f1","12":"tag-formula-1","13":"tag-formula1","14":"tag-formule-1","15":"tag-formule1","16":"tag-fr","17":"tag-france","18":"tag-franco-colapinto","19":"tag-gp-dazerbau00efdjan","20":"tag-haas","21":"tag-mclaren","22":"tag-oscar-piastri","23":"tag-pourquoi-mclaren-peut-changer-le-chu00e2ssis-de-piastri-sans-partir-des-stands","24":"tag-sports"},"share_on_mastodon":{"url":"https:\/\/pubeurope.com\/@fr\/115241429843646162","error":""},"_links":{"self":[{"href":"https:\/\/www.europesays.com\/fr\/wp-json\/wp\/v2\/posts\/406788","targetHints":{"allow":["GET"]}}],"collection":[{"href":"https:\/\/www.europesays.com\/fr\/wp-json\/wp\/v2\/posts"}],"about":[{"href":"https:\/\/www.europesays.com\/fr\/wp-json\/wp\/v2\/types\/post"}],"author":[{"embeddable":true,"href":"https:\/\/www.europesays.com\/fr\/wp-json\/wp\/v2\/users\/2"}],"replies":[{"embeddable":true,"href":"https:\/\/www.europesays.com\/fr\/wp-json\/wp\/v2\/comments?post=406788"}],"version-history":[{"count":0,"href":"https:\/\/www.europesays.com\/fr\/wp-json\/wp\/v2\/posts\/406788\/revisions"}],"wp:featuredmedia":[{"embeddable":true,"href":"https:\/\/www.europesays.com\/fr\/wp-json\/wp\/v2\/media\/406789"}],"wp:attachment":[{"href":"https:\/\/www.europesays.com\/fr\/wp-json\/wp\/v2\/media?parent=406788"}],"wp:term":[{"taxonomy":"category","embeddable":true,"href":"https:\/\/www.europesays.com\/fr\/wp-json\/wp\/v2\/categories?post=406788"},{"taxonomy":"post_tag","embeddable":true,"href":"https:\/\/www.europesays.com\/fr\/wp-json\/wp\/v2\/tags?post=406788"}],"curies":[{"name":"wp","href":"https:\/\/api.w.org\/{rel}","templated":true}]}}