{"id":406800,"date":"2025-09-21T08:55:09","date_gmt":"2025-09-21T08:55:09","guid":{"rendered":"https:\/\/www.europesays.com\/fr\/406800\/"},"modified":"2025-09-21T08:55:09","modified_gmt":"2025-09-21T08:55:09","slug":"audiences-avant-20h-50mn-inside-en-zone-rouge-sur-tf1-largement-distance-par-france-2-et-france-3-sur-france-5-mohamed-bouhafsi-en-recul-avec-c-a-vous-stagne-a-800-000-telespectateurs","status":"publish","type":"post","link":"https:\/\/www.europesays.com\/fr\/406800\/","title":{"rendered":"Audiences Avant 20h : \u00ab\u00a050mn inside\u00a0\u00bb en zone rouge sur TF1, largement distanc\u00e9 par France 2 et France 3 &#8211; Sur France 5, Mohamed Bouhafsi, en recul avec \u00ab\u00a0C \u00e0 vous\u00a0\u00bb stagne \u00e0 800.000 t\u00e9l\u00e9spectateurs"},"content":{"rendered":"<p>TF1 proposait hier soir un nouveau num\u00e9ro de son \u00e9mission \u00ab\u00a050 min inside\u00a0\u00bb, pr\u00e9sent\u00e9 par Isabelle Ithurburu. En face, \u00ab\u00a0N&rsquo;oubliez pas les paroles\u00a0\u00bb , pr\u00e9sent\u00e9 par Nagui, \u00e9tait diffus\u00e9 sur France 2. Sur France 3, les t\u00e9l\u00e9spectateurs pouvaient retrouver \u00ab\u00a0ICI 19\/20\u00a0\u00bb.\u00a0<br \/>Sur France 5, Mohamed Bouhafsi, entour\u00e9 de son \u00e9quipe, proposait un num\u00e9ro de \u00ab\u00a0C \u00e0 vous\u00a0\u00bb. Cette saison, le journaliste est aux commandes du programme le vendredi et le samedi. Anne-Elisabeth Lemoine anime l&rsquo;\u00e9mission du lundi au jeudi.\u00a0<\/p>\n<p>Sur M6, Cyril Lignac pr\u00e9sentait son \u00e9mission \u00ab\u00a0Tous en cuisine\u00a0\u00bb. Place \u00e0 la cuisine du week-end pour prendre le temps de mijoter de bons petits plats en famille, sans stress et avec beaucoup de plaisir.<\/p>\n<p>Au menu : blanquette, pot-au-feu, couscous ou ratatouille. Des plats g\u00e9n\u00e9reux qui feront le bonheur des grandes tabl\u00e9es et r\u00e9chaufferont les c\u0153urs. Pr\u00e9parez-vous \u00e0 un festival de saveurs avec des recettes conviviales et r\u00e9confortantes.<\/p>\n<p>\u00a0<\/p>\n<p>        N&rsquo;oubliez pas les paroles<br \/>\n        16.9 % de PDA\n        <\/p>\n<p>        2 102 000<\/p>\n<p>        ICI 19\/20<br \/>\n        16.4 % de PDA\n        <\/p>\n<p>        2 036 000<\/p>\n<p>        50mn inside<br \/>\n        13.2 % de PDA\n        <\/p>\n<p>        1 576 000<\/p>\n<p>        C \u00e0 vous<br \/>\n        6.7 % de PDA\n        <\/p>\n<p>        807 000<\/p>\n<p>        Tous en cuisine<br \/>\n        5.2 % de PDA\n        <\/p>\n<p>        567 000<\/p>\n<p>  Le Top des parts de march\u00e9<\/p>\n","protected":false},"excerpt":{"rendered":"TF1 proposait hier soir un nouveau num\u00e9ro de son \u00e9mission \u00ab\u00a050 min inside\u00a0\u00bb, pr\u00e9sent\u00e9 par Isabelle Ithurburu. En&hellip;\n","protected":false},"author":2,"featured_media":406801,"comment_status":"","ping_status":"","sticky":false,"template":"","format":"standard","meta":{"footnotes":""},"categories":[1356],"tags":[2367,58,59,1011,27,876,594,494,252,199,1364],"class_list":{"0":"post-406800","1":"post","2":"type-post","3":"status-publish","4":"format-standard","5":"has-post-thumbnail","7":"category-television","8":"tag-audiences","9":"tag-divertissement","10":"tag-entertainment","11":"tag-fr","12":"tag-france","13":"tag-france-3","14":"tag-france-2","15":"tag-m6","16":"tag-television","17":"tag-tf1","18":"tag-tv"},"share_on_mastodon":{"url":"https:\/\/pubeurope.com\/@fr\/115241452992521305","error":""},"_links":{"self":[{"href":"https:\/\/www.europesays.com\/fr\/wp-json\/wp\/v2\/posts\/406800","targetHints":{"allow":["GET"]}}],"collection":[{"href":"https:\/\/www.europesays.com\/fr\/wp-json\/wp\/v2\/posts"}],"about":[{"href":"https:\/\/www.europesays.com\/fr\/wp-json\/wp\/v2\/types\/post"}],"author":[{"embeddable":true,"href":"https:\/\/www.europesays.com\/fr\/wp-json\/wp\/v2\/users\/2"}],"replies":[{"embeddable":true,"href":"https:\/\/www.europesays.com\/fr\/wp-json\/wp\/v2\/comments?post=406800"}],"version-history":[{"count":0,"href":"https:\/\/www.europesays.com\/fr\/wp-json\/wp\/v2\/posts\/406800\/revisions"}],"wp:featuredmedia":[{"embeddable":true,"href":"https:\/\/www.europesays.com\/fr\/wp-json\/wp\/v2\/media\/406801"}],"wp:attachment":[{"href":"https:\/\/www.europesays.com\/fr\/wp-json\/wp\/v2\/media?parent=406800"}],"wp:term":[{"taxonomy":"category","embeddable":true,"href":"https:\/\/www.europesays.com\/fr\/wp-json\/wp\/v2\/categories?post=406800"},{"taxonomy":"post_tag","embeddable":true,"href":"https:\/\/www.europesays.com\/fr\/wp-json\/wp\/v2\/tags?post=406800"}],"curies":[{"name":"wp","href":"https:\/\/api.w.org\/{rel}","templated":true}]}}