{"id":406818,"date":"2025-09-21T09:04:10","date_gmt":"2025-09-21T09:04:10","guid":{"rendered":"https:\/\/www.europesays.com\/fr\/406818\/"},"modified":"2025-09-21T09:04:10","modified_gmt":"2025-09-21T09:04:10","slug":"a-paris-une-election-legislative-partielle-sur-mesure-pour-michel-barnier-2","status":"publish","type":"post","link":"https:\/\/www.europesays.com\/fr\/406818\/","title":{"rendered":"\u00c0 Paris, une \u00e9lection l\u00e9gislative partielle sur mesure pour Michel Barnier\u00a0?"},"content":{"rendered":"<p>        <img decoding=\"async\" loading=\"lazy\" src=\"https:\/\/www.europesays.com\/fr\/wp-content\/uploads\/2025\/09\/1b95e60_upload-1-ffbranib1n4z-afp-20250903-73a76nq-v1-highres-francepoliticselectionscampaign.jpg\"  width=\"728\" height=\"409\" alt=\"Michel Barnier, ici lors de la campagne pour l\u2019\u00e9lection l\u00e9gislative partielle \u00e0 Paris, le 3\u00a0septembre 2025.\"\/>  <\/p>\n<p>STEPHANE DE SAKUTIN \/ AFP<\/p>\n<p>Michel Barnier, ici lors de la campagne pour l\u2019\u00e9lection l\u00e9gislative partielle \u00e0 Paris, le 3\u00a0septembre 2025.<\/p>\n<p class=\"asset asset-text\">POLITIQUE &#8211; Une campagne \u00e0 son image, feutr\u00e9e et sans chichis. Loin des coups d\u2019\u00e9clat et du tumulte qui agite parfois l\u2019Assembl\u00e9e nationale, <a href=\"https:\/\/www.huffingtonpost.fr\/politique\/article\/malgre-la-censure-michel-barnier-de-retour-dans-l-arene-politique_252625.html\" target=\"_blank\" rel=\"noopener\">Michel Barnier<\/a> est d\u2019un temp\u00e9rament beaucoup plus calme et r\u00e9serv\u00e9. Apr\u00e8s plusieurs semaines \u00e0 <a href=\"https:\/\/www.huffingtonpost.fr\/politique\/article\/rachida-dati-et-michel-barnier-l-apres-midi-de-reconciliation-lors-d-un-forum-a-paris_254789.html\" target=\"_blank\" rel=\"noopener\">battre le pav\u00e9 dans les tr\u00e8s cossus Ve, VIe et VIIe arrondissements de la capitale<\/a>, l\u2019ex-Premier ministre esp\u00e8re \u00eatre \u00e9lu d\u00e8s le premier tour d\u2019une l\u00e9gislative partielle ce dimanche 21\u00a0septembre.<\/p>\n<p class=\"asset asset-text\">La 2e circonscription de Paris est le th\u00e9\u00e2tre d\u2019une \u00e2pre bataille politique apr\u00e8s la d\u00e9cision du Conseil constitutionnel, rendue cet \u00e9t\u00e9, d\u2019invalider l\u2019\u00e9lection de Jean Laussucq\u00a0pour irr\u00e9gularit\u00e9s dans ses comptes de campagne. L\u2019ancien d\u00e9put\u00e9, proche de Rachida Dati, n\u2019a pas pu se repr\u00e9senter, laissant libre cours au centre et \u00e0 la droite de pr\u00e9senter leurs propres poulains. Dans un premier temps, la ministre de la Culture, \u00e9galement maire du VIIe arrondissement, a fait <a href=\"https:\/\/www.huffingtonpost.fr\/politique\/article\/rachida-dati-et-michel-barnier-trouvent-un-accord-sur-la-legislative-partielle-a-paris_254108.html\" target=\"_blank\" rel=\"noopener\">acte de candidature<\/a>. Fa\u00e7on pour elle de faire monter les ench\u00e8res \u00e0 l\u2019approche des \u00e9lections municipales. Elle a finalement jet\u00e9 l\u2019\u00e9ponge, pouss\u00e9e par les t\u00e9nors du parti Les R\u00e9publicains (LR), qui ont officiellement pr\u00e9f\u00e9r\u00e9 investir Michel Barnier.<\/p>\n<p class=\"asset asset-text\">Pour l\u2019ancien Premier ministre, renvers\u00e9 par une motion de censure il y a presque un an, ce retour plus que probable \u00e0 l\u2019Assembl\u00e9e nationale est synonyme de come-back politique. Depuis un an, le Savoyard a quasiment d\u00e9sert\u00e9 l\u2019ar\u00e8ne. On ne l\u2019a pas entendu commenter l\u2019action de son successeur, <a href=\"https:\/\/www.huffingtonpost.fr\/politique\/article\/la-toute-derniere-decision-de-francois-bayrou-avant-sa-chute-ne-concernait-pas-le-budget_254668.html\" target=\"_blank\" rel=\"noopener\">Fran\u00e7ois Bayrou<\/a>, ni disserter sur les choix budg\u00e9taires tr\u00e8s critiqu\u00e9s pr\u00e9sent\u00e9s au c\u0153ur de l\u2019\u00e9t\u00e9.<\/p>\n<p class=\"asset asset-text\">Ces derni\u00e8res semaines, il a retrouv\u00e9 le sourire \u00e0 distribuer des tracts et organiser des r\u00e9unions publiques. \u00ab\u00a0J\u2019adore les campagnes \u00e9lectorales\u00a0\u00bb, a-t-on pu l\u2019entendre dire \u00e0 plusieurs reprises, aux c\u00f4t\u00e9s de Val\u00e9rie P\u00e9cresse, <a href=\"https:\/\/www.huffingtonpost.fr\/politique\/article\/les-ministres-demissionnaires-outrepassent-ils-la-gestion-des-affaires-courantes_254905.html\" target=\"_blank\" rel=\"noopener\">Bruno Retailleau<\/a> ou Fran\u00e7ois-Xavier Bellamy, venus le soutenir, mais aussi de <a href=\"https:\/\/www.huffingtonpost.fr\/politique\/article\/astrid-panosyan-bouvet-ministre-du-travail-demissionnaire-depose-plainte-pour-denonciation-calomnieuse_255029.html\" target=\"_blank\" rel=\"noopener\">la ministre d\u00e9missionnaire du Travail Astrid Panosyan-Bouvet<\/a>. Car Renaissance n\u2019a pas pr\u00e9sent\u00e9 de candidat face \u00e0 lui, ce qui a suscit\u00e9 la d\u00e9ception de certains cadres et militants, qui ne comprennent pas que leur parti l\u00e2che si facilement une circonscription qu\u2019ils tenaient depuis 2017.<\/p>\n<p>                     Une friction PS\/LFI    <\/p>\n<p class=\"asset asset-text\">D\u00e9croch\u00e9e haut la main par Gilles Le Gendre (ex-pr\u00e9sident du groupe LREM \u00e0 l\u2019Assembl\u00e9e), elle \u00e9tait rest\u00e9e dans le giron macroniste en 2024\u00a0malgr\u00e9 la perc\u00e9e de la gauche, qui avait r\u00e9alis\u00e9 plus de 43\u00a0% des voix au second tour. Dans le cadre de l\u2019accord du Nouveau Front populaire, la circonscription \u00e9tait fl\u00e9ch\u00e9e vers le Parti socialiste, qui a d\u00e9cid\u00e9 de pr\u00e9senter l\u2019ex-ministre de Fran\u00e7ois Mitterrand Fr\u00e9d\u00e9rique Bredin. Par ailleurs pr\u00e9sidente du Centre national du cin\u00e9ma (CNC) entre 2014 et 2019, Fr\u00e9d\u00e9rique Bredin a donc la lourde t\u00e2che de porter les couleurs de la gauche sur un territoire tr\u00e8s bourgeois. Sa seule chance\u00a0? Faire le plein dans le Ve arrondissement, plus jeune et bobo que le reste de la circonscription.<\/p>\n<p class=\"asset asset-text\">Reste que les relations avec La France insoumise ne sont pas au beau fixe. Malgr\u00e9 le tr\u00e8s gros score r\u00e9alis\u00e9 par <a href=\"https:\/\/www.huffingtonpost.fr\/politique\/article\/a-la-fete-de-l-humanite-olivier-faure-a-eu-bien-du-mal-a-se-faire-entendre-surtout-face-a-lfi_254783.html\" target=\"_blank\" rel=\"noopener\">Jean-Luc M\u00e9lenchon<\/a> \u00e0 la pr\u00e9sidentielle de 2022 (plus de 26\u00a0%), Fr\u00e9d\u00e9rique Bredin a choisi de cliver avec le mouvement de gauche. Sur Radio J le 31\u00a0ao\u00fbt, la candidate PS avait renvoy\u00e9 La France insoumise et le Rassemblement national dos-\u00e0-dos, les qualifiant de \u00ab\u00a0grands dangers\u00a0\u00bb. \u00ab\u00a0Que ce soit l\u2019extr\u00eame droite ou l\u2019extr\u00eame gauche au sens\u00a0insoumis, je n\u2019en veux pas\u00a0\u00bb, avait-elle ajout\u00e9. Puis\u00a0: \u00ab\u00a0en cas de dissolution, les\u00a0insoumis ne seront pas des alli\u00e9s.\u00a0Il faut une gauche sociale-d\u00e9mocrate, progressiste, humaniste, qui ne soit ni l\u2019extr\u00eame gauche pro-Poutine, antis\u00e9mite, ni l\u2019extr\u00eame droite pro-Poutine aussi\u00a0\u00bb. Jean-Luc M\u00e9lenchon avait aussit\u00f4t demand\u00e9 \u00e0 la direction du Parti socialiste de \u00ab\u00a0r\u00e9agir\u00a0\u00bb.<\/p>\n<p>    La participation particuli\u00e8rement scrut\u00e9e    <\/p>\n<p class=\"asset asset-text\">Sur la ligne de d\u00e9part ce 21\u00a0septembre, figurent aussi les deux candidats d\u2019extr\u00eame droite Thierry Mariani (RN) et Hilaire Bouy\u00e9 (Reconqu\u00eate). Si l\u2019un et l\u2019autre n\u2019ont aucune chance de l\u2019emporter, ils pourraient emp\u00eacher Michel Barnier de plier le match d\u00e8s le premier tour, lui grappillant des voix sur sa droite. La question de la participation est tout aussi d\u00e9terminante, puisque les pr\u00e9c\u00e9dentes \u00e9lections l\u00e9gislatives partielles organis\u00e9es dans le pays ont montr\u00e9 que les \u00e9lecteurs se rendaient difficilement aux urnes.<\/p>\n<p class=\"asset asset-text\">Et cela a des cons\u00e9quences sur l\u2019issue du scrutin\u00a0: pour \u00eatre \u00e9lu\u00a0d\u00e8s le premier tour (ce qu\u2019esp\u00e8re Michel Barnier), un candidat doit obtenir\u00a0plus de 50\u00a0% des suffrages exprim\u00e9s, c\u2019est-\u00e0-dire de\u00a0l\u2019ensemble des bulletins de vote d\u00e9pos\u00e9s dans l\u2019urne, apr\u00e8s avoir d\u00e9duit les votes blancs et nuls. Il doit en parall\u00e8le recueillir un nombre de voix au moins \u00e9gal \u00e0 25\u00a0% du nombre des \u00e9lecteurs inscrits. En 2024, le taux de participation dans la 2e circonscription de Paris avait \u00e9t\u00e9 de 76\u00a0%. Et cette fois-ci\u00a0? Premiers \u00e9l\u00e9ments de r\u00e9ponse \u00e0 partir de 20h ce dimanche. Michel Barnier saura alors si, 30\u00a0ans apr\u00e8s l\u2019avoir quitt\u00e9, il retrouvera de nouveau l\u2019h\u00e9micycle de l\u2019Assembl\u00e9e nationale.<\/p>\n","protected":false},"excerpt":{"rendered":"STEPHANE DE SAKUTIN \/ AFP Michel Barnier, ici lors de la campagne pour l\u2019\u00e9lection l\u00e9gislative partielle \u00e0 Paris,&hellip;\n","protected":false},"author":2,"featured_media":406819,"comment_status":"","ping_status":"","sticky":false,"template":"","format":"standard","meta":{"footnotes":""},"categories":[4],"tags":[11,1011,27,39207,27636,12,626,316,25],"class_list":{"0":"post-406818","1":"post","2":"type-post","3":"status-publish","4":"format-standard","5":"has-post-thumbnail","7":"category-france","8":"tag-actualites","9":"tag-fr","10":"tag-france","11":"tag-legislative-partielle","12":"tag-michel-barnier","13":"tag-news","14":"tag-paris","15":"tag-politique","16":"tag-republique-francaise"},"share_on_mastodon":{"url":"https:\/\/pubeurope.com\/@fr\/115241489744752044","error":""},"_links":{"self":[{"href":"https:\/\/www.europesays.com\/fr\/wp-json\/wp\/v2\/posts\/406818","targetHints":{"allow":["GET"]}}],"collection":[{"href":"https:\/\/www.europesays.com\/fr\/wp-json\/wp\/v2\/posts"}],"about":[{"href":"https:\/\/www.europesays.com\/fr\/wp-json\/wp\/v2\/types\/post"}],"author":[{"embeddable":true,"href":"https:\/\/www.europesays.com\/fr\/wp-json\/wp\/v2\/users\/2"}],"replies":[{"embeddable":true,"href":"https:\/\/www.europesays.com\/fr\/wp-json\/wp\/v2\/comments?post=406818"}],"version-history":[{"count":0,"href":"https:\/\/www.europesays.com\/fr\/wp-json\/wp\/v2\/posts\/406818\/revisions"}],"wp:featuredmedia":[{"embeddable":true,"href":"https:\/\/www.europesays.com\/fr\/wp-json\/wp\/v2\/media\/406819"}],"wp:attachment":[{"href":"https:\/\/www.europesays.com\/fr\/wp-json\/wp\/v2\/media?parent=406818"}],"wp:term":[{"taxonomy":"category","embeddable":true,"href":"https:\/\/www.europesays.com\/fr\/wp-json\/wp\/v2\/categories?post=406818"},{"taxonomy":"post_tag","embeddable":true,"href":"https:\/\/www.europesays.com\/fr\/wp-json\/wp\/v2\/tags?post=406818"}],"curies":[{"name":"wp","href":"https:\/\/api.w.org\/{rel}","templated":true}]}}