{"id":406826,"date":"2025-09-21T09:11:17","date_gmt":"2025-09-21T09:11:17","guid":{"rendered":"https:\/\/www.europesays.com\/fr\/406826\/"},"modified":"2025-09-21T09:11:17","modified_gmt":"2025-09-21T09:11:17","slug":"football-ligue-2-sur-quelle-chaine-suivre-annecy","status":"publish","type":"post","link":"https:\/\/www.europesays.com\/fr\/406826\/","title":{"rendered":"Football. Ligue 2 : sur quelle cha\u00eene suivre Annecy"},"content":{"rendered":"<p>La Ligue 2 joue aussi en milieu semaine. Pour la premi\u00e8re fois cette saison, les clubs de l&rsquo;antichambre de la Ligue 1 vont jouer un mardi. Apr\u00e8s le derby des Alpes (<a href=\"https:\/\/www.ledauphine.com\/sport\/2025\/09\/19\/malgre-un-excellent-mamadou-diop-le-fc-annecy-humilie-le-gf38\" target=\"_blank\" rel=\"noopener\">victoire 3-1<\/a>), les hommes de <a href=\"https:\/\/www.ledauphine.com\/p\/laurent-guyot\" target=\"_blank\" rel=\"noopener\">Laurent Guyot<\/a> encha\u00eenent par une r\u00e9ception, toujours au stade Gaston-G\u00e9rard de Dijon, de Nancy ce 23 septembre (20h30) dans le cadre de la 7e journ\u00e9e.<\/p>\n<p>Une rencontre loin d&rsquo;\u00eatre facile pour les Ann\u00e9ciens face au promu nanc\u00e9en qui joue les premiers r\u00f4les en ce d\u00e9but de championnat. Les hommes de Pablo Correa sont neuvi\u00e8mes avec deux victoires, deux nuls et deux d\u00e9faites. Ils restent d&rsquo;ailleurs sur une d\u00e9faite contre le Red Star (0-1).<\/p>\n<p><a href=\"https:\/\/www.ledauphine.com\/sport\/calendrier-resultats\/football\/national-ligue-2\" target=\"_blank\" rel=\"noopener\"><strong>&gt;&gt;\u00a0Les r\u00e9sultats, le classement et le calendrier de Ligue 2<\/strong><\/a><\/p>\n<p>La derni\u00e8re fois qu&rsquo;Annecy et Nancy se sont affront\u00e9s c&rsquo;\u00e9tait en Coupe de France lors de la saison 2018-2019. Les Lorrains, alors en Ligue 2, \u00e9taient venus s&rsquo;imposer au Parc des Sports (1-0) face \u00e0 des Haut-Savoyards, pensionnaires de National 2.<\/p>\n<p>La rencontre sera \u00e0 suivre sur beIN Sports Max\u00a07\u00a0et sur notre site internet en direct comment\u00e9.<\/p>\n","protected":false},"excerpt":{"rendered":"La Ligue 2 joue aussi en milieu semaine. Pour la premi\u00e8re fois cette saison, les clubs de l&rsquo;antichambre&hellip;\n","protected":false},"author":2,"featured_media":406827,"comment_status":"","ping_status":"","sticky":false,"template":"","format":"standard","meta":{"footnotes":""},"categories":[9635],"tags":[1111,11,3853,3854,3855,3856,9543,1777,674,20116,1701,63,1011,27,775,4638,12636,1702,12,25,517,1947,2205],"class_list":{"0":"post-406826","1":"post","2":"type-post","3":"status-publish","4":"format-standard","5":"has-post-thumbnail","7":"category-nancy","8":"tag-actu","9":"tag-actualites","10":"tag-annecy","11":"tag-annecy-bassin","12":"tag-annecy-region","13":"tag-edition-annecy-rumilly-les-aravis","14":"tag-edition-mont-blanc-arve","15":"tag-eu","16":"tag-europe","17":"tag-fc-annecy","18":"tag-fil-info-sport","19":"tag-football","20":"tag-fr","21":"tag-france","22":"tag-grand-est","23":"tag-haute-savoie","24":"tag-ligue-2-football","25":"tag-nancy","26":"tag-news","27":"tag-republique-francaise","28":"tag-sport","29":"tag-sport-national","30":"tag-television-medias"},"share_on_mastodon":{"url":"https:\/\/pubeurope.com\/@fr\/115241515942375309","error":""},"_links":{"self":[{"href":"https:\/\/www.europesays.com\/fr\/wp-json\/wp\/v2\/posts\/406826","targetHints":{"allow":["GET"]}}],"collection":[{"href":"https:\/\/www.europesays.com\/fr\/wp-json\/wp\/v2\/posts"}],"about":[{"href":"https:\/\/www.europesays.com\/fr\/wp-json\/wp\/v2\/types\/post"}],"author":[{"embeddable":true,"href":"https:\/\/www.europesays.com\/fr\/wp-json\/wp\/v2\/users\/2"}],"replies":[{"embeddable":true,"href":"https:\/\/www.europesays.com\/fr\/wp-json\/wp\/v2\/comments?post=406826"}],"version-history":[{"count":0,"href":"https:\/\/www.europesays.com\/fr\/wp-json\/wp\/v2\/posts\/406826\/revisions"}],"wp:featuredmedia":[{"embeddable":true,"href":"https:\/\/www.europesays.com\/fr\/wp-json\/wp\/v2\/media\/406827"}],"wp:attachment":[{"href":"https:\/\/www.europesays.com\/fr\/wp-json\/wp\/v2\/media?parent=406826"}],"wp:term":[{"taxonomy":"category","embeddable":true,"href":"https:\/\/www.europesays.com\/fr\/wp-json\/wp\/v2\/categories?post=406826"},{"taxonomy":"post_tag","embeddable":true,"href":"https:\/\/www.europesays.com\/fr\/wp-json\/wp\/v2\/tags?post=406826"}],"curies":[{"name":"wp","href":"https:\/\/api.w.org\/{rel}","templated":true}]}}