{"id":406848,"date":"2025-09-21T09:25:11","date_gmt":"2025-09-21T09:25:11","guid":{"rendered":"https:\/\/www.europesays.com\/fr\/406848\/"},"modified":"2025-09-21T09:25:11","modified_gmt":"2025-09-21T09:25:11","slug":"je-ne-demande-pas-grand-chose-juste-un-petit-studio-de-20m%c2%b2-victime-dun-feu-a-cagnes-sur-mer-cette-retraitee-cherche-un-logement-provisoire","status":"publish","type":"post","link":"https:\/\/www.europesays.com\/fr\/406848\/","title":{"rendered":"\u00ab\u00a0Je ne demande pas grand-chose, juste un petit studio de 20m\u00b2\u00a0\u00bb: victime d&rsquo;un feu \u00e0 Cagnes-sur-Mer, cette retrait\u00e9e cherche un logement provisoire"},"content":{"rendered":"<p>Elle avait \u00e9t\u00e9 <strong><a href=\"https:\/\/www.nicematin.com\/faits-divers\/feu-d-appartement-a-cagnes-sur-mer-il-escalade-la-facade-de-l-immeuble-pour-extirper-une-vieille-dame-du-brasier-994502\" target=\"_blank\" rel=\"noopener\">sauv\u00e9e des flammes le 15 juillet<\/a>.<\/strong> Sylvie Flender, 77 ans, retrait\u00e9e, \u00e9tait dans son appartement au 15 rue des Reynes \u00e0 Cagnes-sur-Mer quand la friteuse a pris feu. \u00ab\u00a0Les flammes ont d\u00e9vor\u00e9 ma cuisine, mon salon et mon entr\u00e9e. Il y avait de la fum\u00e9e partout. Je suis sortie par les escaliers avec mon chien gr\u00e2ce \u00e0 l\u2019aide d\u2019un pompier. \u00c7a m\u2019a vraiment choqu\u00e9\u00a0\u00bb, raconte la retrait\u00e9e. Ce jour-l\u00e0, Najib Mosbahi, qui travaillait \u00e0 quelques pas de l\u2019immeuble de Sylvie Flender est \u00e9galement intervenu pour sauver la Cagnoise.<\/p>\n<p>Depuis, la sinistr\u00e9e est log\u00e9e par son fils qui vit en colocation \u00e0 Nice. \u00ab\u00a0Mais ce n\u2019est pas durable, raconte-t-elle. Il faut que je trouve une situation plus p\u00e9renne surtout \u00e0 mon \u00e2ge.\u00a0\u00bb La femme de 77 ans \u00ab\u00a0cherche partout, mais ne trouve rien. Mon assurance peut me d\u00e9dommager autour de 850 euros, mais personne ne veut me louer un logement pour une courte p\u00e9riode&#8230; Le temps de r\u00e9aliser les travaux dans mon appartement sinistr\u00e9 qui pourraient prendre plusieurs mois, au moins jusqu\u2019\u00e0 la fin de l\u2019ann\u00e9e.\u00a0\u00bb Et de poursuivre: \u00ab\u00a0J\u2019ai des r\u00e9ponses d\u2019agents immobiliers ou de propri\u00e9taires, mais ils me disent clairement qu\u2019ils pr\u00e9f\u00e8rent louer pour des \u00e9tudiants pendant neuf mois.\u00a0\u00bb<\/p>\n<p><strong>\u00ab\u00a0C\u2019est le sort qui s\u2019acharne sur moi\u00a0\u00bb<\/strong><\/p>\n<p>La retrait\u00e9e jure avoir fait une centaine de demandes. Et se dit \u00ab\u00a0\u00e9puis\u00e9e par toutes ces d\u00e9marches qui ne d\u00e9bouchent sur rien. J\u2019ai perdu mon fils a\u00een\u00e9 d\u2019une leuc\u00e9mie foudroyante en d\u00e9cembre l\u2019ann\u00e9e derni\u00e8re. C\u2019est le sort qui s\u2019acharne sur moi. Je ne demande pas grand-chose, juste un petit studio de 20m\u00b2\u00a0\u00bb.<\/p>\n<p>La mairie de Cagnes-sur-Mer explique avoir accompagn\u00e9 \u2013 via son Centre communal d\u2019action sociale (CCAS) \u2013 Sylvie Flender. \u00ab\u00a0Nous avons initi\u00e9 avec elle toutes les d\u00e9marches pour l\u2019incendie. Et nous l\u2019avons mise en lien avec l\u2019association Secours famille pour qu\u2019elle ait des v\u00eatements. Elle a \u00e9t\u00e9 transport\u00e9e par nos services chez son fils \u00e0 Nice\u00a0\u00bb, explique la Ville. Depuis le 11 ao\u00fbt, le CCAS n\u2019a pas eu de contact avec la retrait\u00e9e.<\/p>\n<p>Sylvie Flender regrette que <strong>\u00ab\u00a0Cagnes-sur-Mer n\u2019ait pas de logements d\u2019urgence\u00a0\u00bb.<\/strong> Une r\u00e9alit\u00e9 confirm\u00e9e par la mairie de Louis N\u00e8gre qui invoque: \u00ab\u00a0<strong>Il n\u2019y en a pas plus dans les communes voisines.\u00a0\u00bb<\/strong><\/p>\n<p>Mais la Ville souhaite trouver une solution: \u00ab\u00a0Le CCAS va prendre attache \u00e0 nouveau avec Sylvie Flender. Parall\u00e8lement, les \u00e9quipes sont en train de se renseigner aupr\u00e8s [d\u2019une r\u00e9sidence dans le centre de Cagnes-sur-Mer] afin de savoir si un studio serait disponible et si cela correspondrait \u00e0 son budget.\u00a0\u00bb<\/p>\n","protected":false},"excerpt":{"rendered":"Elle avait \u00e9t\u00e9 sauv\u00e9e des flammes le 15 juillet. Sylvie Flender, 77 ans, retrait\u00e9e, \u00e9tait dans son appartement&hellip;\n","protected":false},"author":2,"featured_media":406849,"comment_status":"","ping_status":"","sticky":false,"template":"","format":"standard","meta":{"footnotes":""},"categories":[2819],"tags":[1111,11,1777,674,1011,27,12,2401,882,25,3366],"class_list":{"0":"post-406848","1":"post","2":"type-post","3":"status-publish","4":"format-standard","5":"has-post-thumbnail","7":"category-nice","8":"tag-actu","9":"tag-actualites","10":"tag-eu","11":"tag-europe","12":"tag-fr","13":"tag-france","14":"tag-news","15":"tag-nice","16":"tag-provence-alpes-cote-dazur","17":"tag-republique-francaise","18":"tag-vie-locale"},"share_on_mastodon":{"url":"https:\/\/pubeurope.com\/@fr\/115241571130902808","error":""},"_links":{"self":[{"href":"https:\/\/www.europesays.com\/fr\/wp-json\/wp\/v2\/posts\/406848","targetHints":{"allow":["GET"]}}],"collection":[{"href":"https:\/\/www.europesays.com\/fr\/wp-json\/wp\/v2\/posts"}],"about":[{"href":"https:\/\/www.europesays.com\/fr\/wp-json\/wp\/v2\/types\/post"}],"author":[{"embeddable":true,"href":"https:\/\/www.europesays.com\/fr\/wp-json\/wp\/v2\/users\/2"}],"replies":[{"embeddable":true,"href":"https:\/\/www.europesays.com\/fr\/wp-json\/wp\/v2\/comments?post=406848"}],"version-history":[{"count":0,"href":"https:\/\/www.europesays.com\/fr\/wp-json\/wp\/v2\/posts\/406848\/revisions"}],"wp:featuredmedia":[{"embeddable":true,"href":"https:\/\/www.europesays.com\/fr\/wp-json\/wp\/v2\/media\/406849"}],"wp:attachment":[{"href":"https:\/\/www.europesays.com\/fr\/wp-json\/wp\/v2\/media?parent=406848"}],"wp:term":[{"taxonomy":"category","embeddable":true,"href":"https:\/\/www.europesays.com\/fr\/wp-json\/wp\/v2\/categories?post=406848"},{"taxonomy":"post_tag","embeddable":true,"href":"https:\/\/www.europesays.com\/fr\/wp-json\/wp\/v2\/tags?post=406848"}],"curies":[{"name":"wp","href":"https:\/\/api.w.org\/{rel}","templated":true}]}}