{"id":406852,"date":"2025-09-21T09:27:10","date_gmt":"2025-09-21T09:27:10","guid":{"rendered":"https:\/\/www.europesays.com\/fr\/406852\/"},"modified":"2025-09-21T09:27:10","modified_gmt":"2025-09-21T09:27:10","slug":"une-salle-de-cinema-immersif-en-permanence-a-nantes-en-juin-2026","status":"publish","type":"post","link":"https:\/\/www.europesays.com\/fr\/406852\/","title":{"rendered":"Une salle de cin\u00e9ma immersif en permanence \u00e0 Nantes, en\u00a0juin\u00a02026\u00a0?\u00a0"},"content":{"rendered":"<p>Une salle de cin\u00e9ma immersif permanente\u00a0sur l\u2019\u00eele de Nantes en juin\u00a02026\u00a0? Plus exactement une salle de diffusion d\u2019exp\u00e9rience immersive. Le projet est dans les cartons, sorti d\u2019incubation en juin, port\u00e9 par la <a href=\"https:\/\/tadamm-immersive.com\/notre-concept\/\" target=\"_blank\" rel=\"noopener\">start-up Tadamm<\/a>, et accompagn\u00e9 par la Samoa (Soci\u00e9t\u00e9 d\u2019am\u00e9nagement de la m\u00e9tropole Ouest Atlantique) et\u00a0Nantes m\u00e9tropole.<\/p>\n<p>Le projet est d\u00e9velopp\u00e9 par Nicolas Violette et Michael Couzigou, ancien directeur de l\u2019Atelier des Lumi\u00e8res \u00e0 Paris. Ce dernier \u00e9tait \u00e0 Nantes, jeudi 18\u00a0septembre, pour une journ\u00e9e consacr\u00e9e aux Rencontres de l\u2019immersif dans le cadre de Nantes Digital week, qui a d\u00e9but\u00e9 mercredi 17\u00a0septembre et dure jusqu\u2019au dimanche\u00a028.<\/p>\n<p>Un modulaire fixe\u00a0de 400\u00a0m2<\/p>\n<p>Depuis quelques mois, ces<strong> \u00ab\u00a0nomades de l\u2019immersif\u00a0\u00bb,<\/strong> comme ils se d\u00e9finissent, testent un Tadamm ambulant avec projection, en immersion sur les quatre murs de la structure, des contenus cr\u00e9\u00e9s sp\u00e9cifiquement pour\u00a0: un film sur le Magicien d\u2019Oz, une immersion dans les Fables de La Fontaine ou encore le Titanic.<\/p>\n<p>Mais pour Nantes, elle envisage un modulaire fixe de 400\u00a0m2 permanent, pouvant accueillir 150\u00a0spectateurs. Cette structure pourrait prendre place \u00e0 l\u2019\u00e9t\u00e9 2026 sur le site <a href=\"https:\/\/www.samoa-nantes.fr\/pole-economique\/immobilier-activites\/min-de-rien\/\" target=\"_blank\" rel=\"noopener\">Min de rien<\/a>, pr\u00e8s de l\u2019Agronaute \u00e0 c\u00f4t\u00e9 du futur CHU, o\u00f9 seraient propos\u00e9es, pour 13\u00a0\u20ac, des s\u00e9ances de trente minutes.<\/p>\n<p>\u00a0<\/p>\n","protected":false},"excerpt":{"rendered":"Une salle de cin\u00e9ma immersif permanente\u00a0sur l\u2019\u00eele de Nantes en juin\u00a02026\u00a0? Plus exactement une salle de diffusion d\u2019exp\u00e9rience&hellip;\n","protected":false},"author":2,"featured_media":406853,"comment_status":"","ping_status":"","sticky":false,"template":"","format":"standard","meta":{"footnotes":""},"categories":[2818],"tags":[5734,1111,11,1438,650,1777,674,1011,27,39744,3687,766,12,2636,20993,25,8878],"class_list":{"0":"post-406852","1":"post","2":"type-post","3":"status-publish","4":"format-standard","5":"has-post-thumbnail","7":"category-nantes","8":"tag-5734","9":"tag-actu","10":"tag-actualites","11":"tag-angers","12":"tag-cinema","13":"tag-eu","14":"tag-europe","15":"tag-fr","16":"tag-france","17":"tag-immersif","18":"tag-juin","19":"tag-nantes","20":"tag-news","21":"tag-pays-de-la-loire","22":"tag-permanence","23":"tag-republique-francaise","24":"tag-salle"},"share_on_mastodon":{"url":"https:\/\/pubeurope.com\/@fr\/115241578940160348","error":""},"_links":{"self":[{"href":"https:\/\/www.europesays.com\/fr\/wp-json\/wp\/v2\/posts\/406852","targetHints":{"allow":["GET"]}}],"collection":[{"href":"https:\/\/www.europesays.com\/fr\/wp-json\/wp\/v2\/posts"}],"about":[{"href":"https:\/\/www.europesays.com\/fr\/wp-json\/wp\/v2\/types\/post"}],"author":[{"embeddable":true,"href":"https:\/\/www.europesays.com\/fr\/wp-json\/wp\/v2\/users\/2"}],"replies":[{"embeddable":true,"href":"https:\/\/www.europesays.com\/fr\/wp-json\/wp\/v2\/comments?post=406852"}],"version-history":[{"count":0,"href":"https:\/\/www.europesays.com\/fr\/wp-json\/wp\/v2\/posts\/406852\/revisions"}],"wp:featuredmedia":[{"embeddable":true,"href":"https:\/\/www.europesays.com\/fr\/wp-json\/wp\/v2\/media\/406853"}],"wp:attachment":[{"href":"https:\/\/www.europesays.com\/fr\/wp-json\/wp\/v2\/media?parent=406852"}],"wp:term":[{"taxonomy":"category","embeddable":true,"href":"https:\/\/www.europesays.com\/fr\/wp-json\/wp\/v2\/categories?post=406852"},{"taxonomy":"post_tag","embeddable":true,"href":"https:\/\/www.europesays.com\/fr\/wp-json\/wp\/v2\/tags?post=406852"}],"curies":[{"name":"wp","href":"https:\/\/api.w.org\/{rel}","templated":true}]}}