{"id":406862,"date":"2025-09-21T09:32:10","date_gmt":"2025-09-21T09:32:10","guid":{"rendered":"https:\/\/www.europesays.com\/fr\/406862\/"},"modified":"2025-09-21T09:32:10","modified_gmt":"2025-09-21T09:32:10","slug":"proprietaires-origine-du-feu-lieu-durbex-ce-que-lon-sait-du-manoir-incendie-pres-de-toulouse","status":"publish","type":"post","link":"https:\/\/www.europesays.com\/fr\/406862\/","title":{"rendered":"Propri\u00e9taires, origine du feu, lieu d&rsquo;urbex&#8230; Ce que l&rsquo;on sait du manoir incendi\u00e9 pr\u00e8s de Toulouse"},"content":{"rendered":"<p>            Par<br \/>\n        <strong><br \/>\n            <a href=\"https:\/\/actu.fr\/auteur\/lucie-2\" title=\"Consulter tous les articles de Lucie Fraisse\" rel=\"nofollow noopener\" target=\"_blank\">Lucie Fraisse<\/a><br \/>\n        <\/strong><\/p>\n<p>        Publi\u00e9 le<\/p>\n<p>            21 sept. 2025 \u00e0 11h01        <\/p>\n<p>De l\u2019ancien manoir qui se tenait chemin de Ladoux, \u00e0 Saint-Jory (Haute-Garonne), pr\u00e8s de <strong>Toulouse<\/strong>, il ne reste rien ou presque. <a href=\"https:\/\/actu.fr\/occitanie\/saint-jory_31490\/en-images-pres-de-toulouse-un-manoir-de-400-m-totalement-embrase-les-pompiers-evitent-le-pire_63192357.html\" rel=\"nofollow noopener\" target=\"_blank\">Un incendie survenu dans la soir\u00e9e du 20 septembre 2025 a totalement d\u00e9truit cet \u00e9difice de 400 m\u00b2<\/a>. Le ch\u00e2teau de Novital, ou \u00ab\u00a0ch\u00e2teau du colonel\u00a0\u00bb, datait du XVIe si\u00e8cle et \u00e9tait laiss\u00e9 \u00e0 l\u2019abandon depuis plusieurs ann\u00e9es, l\u2019incendie n\u2019a pas fait de victime.\u00a0 Voici ce que l\u2019on sait au lendemain de l\u2019incendie.<\/p>\n<p>    <a href=\"https:\/\/www.google.com\/maps\/embed?pb=!1m18!1m12!1m3!1d2882.707222105404!2d1.3776627746705874!3d43.73740864698261!2m3!1f0!2f0!3f0!3m2!1i1024!2i768!4f13.1!3m3!1m2!1s0x12aea630f03ceec3%3A0x8915299c4317b44a!2sChem.%20de%20Ladoux%2C%2031790%20Saint-Jory!5e0!3m2!1sfr!2sfr!4v1758443409029!5m2!1sfr!2sfr\" title=\"Ouvrie le lien\" rel=\"nofollow noopener\" target=\"_blank\">Cliquez ici pour visualiser le contenu<\/a><\/p>\n<p>Un ch\u00e2teau r\u00e9guli\u00e8rement visit\u00e9 par les fans d\u2019Urbex<\/p>\n<p class=\" wall-content\">\u00ab\u00a0Cet incendie qui a lieu en ce week-end des Journ\u00e9es du patrimoine, nous rappelle combien notre patrimoine est fragile, soupire Victor Denouvion, maire de Saint-Jory. \u00ab\u00a0<strong>Nos pens\u00e9es vont aux propri\u00e9taires concern\u00e9s<\/strong> et notre soutien \u00e0 la trentaine des pompiers mobilis\u00e9s hier soir.\u00a0\u00bb<\/p>\n<p class=\" wall-content\">Le ch\u00e2teau de Novital ou \u00ab\u00a0ch\u00e2teau du colonel\u00a0\u00bb \u00e9tait inhabit\u00e9 depuis une \u00ab\u00a0dizaine d\u2019ann\u00e9es\u00a0\u00bb selon le maire de Saint-Jory. \u00ab\u00a0Il \u00e9tait r\u00e9pertori\u00e9 sur les sites d\u2019Urbex, donc r\u00e9guli\u00e8rement visit\u00e9, raconte Nicolas Denouvion. M\u00eame si les propri\u00e9taires avaient s\u00e9curis\u00e9 les entr\u00e9es des lieux, des gens y venaient.\u00a0\u00bb<\/p>\n<p>\u00c9tat d\u2019abandon et de d\u00e9labrement<\/p>\n<p class=\" wall-content\">On trouve ainsi sur internet plusieurs vid\u00e9os et photos du ch\u00e2teau de Novital, dans un \u00e9tat d\u2019abandon et de d\u00e9labrement certains. Planchers effondr\u00e9s, tags, murs cass\u00e9s, objets renvers\u00e9s, feuilles \u00e9parpill\u00e9es\u2026<\/p>\n<p class=\" wall-content\"><strong>Une vid\u00e9o tourn\u00e9e dans le ch\u00e2teau en 2022\u00a0 :<\/strong><\/p>\n<p class=\" wall-content\">\n<p>Agha Petros, l\u2019illustre anc\u00eatre\u00a0<\/p>\n<p class=\" wall-content\">Selon le maire de la commune, le ch\u00e2teau de Novital est une propri\u00e9t\u00e9 priv\u00e9e qui appartient aujourd\u2019hui <strong>aux descendants d\u2019Agha Petros<\/strong>, un chef d\u2019\u00c9tat et militaire assyrien (un groupe ethnique de M\u00e9sopotanie) qui acheta les lieux apr\u00e8s la Premi\u00e8re guerre mondiale.\u00a0<\/p>\n<p class=\" wall-content\">Agha Petros \u00e9tait g\u00e9n\u00e9ral d\u2019arm\u00e9e et s\u2019est illustr\u00e9 pendant la Premi\u00e8re Guerre mondiale, aux c\u00f4t\u00e9s des alli\u00e9s. Il \u00e9tait consid\u00e9r\u00e9 comme un h\u00e9ros national pour les Assyriens et d\u2019autres minorit\u00e9s chr\u00e9tiennes du Moyen-Orient.<\/p>\n<p>Votre r\u00e9gion, votre actu !<\/p>\n<p>Recevez chaque jour les infos qui comptent pour vous.<\/p>\n<p>\t<a href=\"https:\/\/actu.fr\/newsletter\" class=\"ac-btn ac-btn--corner ac-btn--medium ac-btn--blue800\" rel=\"nofollow noopener\" target=\"_blank\">S&rsquo;incrire<\/a><\/p>\n<p class=\" wall-content\">Agha Petros v\u00e9cu \u00e0 Saint-Jory jusqu\u2019\u00e0 sa mort d\u2019une attaque c\u00e9r\u00e9brale en 1932. Il est enterr\u00e9 \u00e0 Toulouse.<\/p>\n<p>Pas d\u2019\u00e9lectricit\u00e9 sur place, la piste criminelle ?<\/p>\n<p class=\" wall-content\">\u00ab\u00a0Ses descendants ne viennent jamais au ch\u00e2teau de Novital\u00a0\u00bb, souligne Victor Denouvion. \u00ab\u00a0Il n\u2019y avait plus d\u2019\u00e9lectricit\u00e9 sur place, ce qui exclut la possibilit\u00e9 d\u2019un faux contact comme origine de l\u2019incendie, <strong>qui est sans doute crimine<\/strong>l.\u00a0\u00bb<\/p>\n<p>Une enqu\u00eate est en cours\u00a0<\/p>\n<p class=\" wall-content\">Les gendarmes se sont rendus sur les lieux de l\u2019incendie d\u00e8s hier soir. Contact\u00e9e par Actu Toulouse, la gendarmerie de Haute-Garonne ne se prononce pas encore sur les causes du sinistre, mais confirme qu\u2019<strong>\u00ab\u00a0une enqu\u00eate est en cours sur la recherche de l\u2019origine de l\u2019incendie\u00a0\u00bb<\/strong>. Les forces de l\u2019ordre ont pris attache avec les propri\u00e9taires des lieux.<\/p>\n<p class=\" wall-content\">Les services municipaux doivent intervenir d\u00e8s lundi au ch\u00e2teau de Novital. \u00ab\u00a0On verra s\u2019il y a des arr\u00eat\u00e9s sp\u00e9cifiques \u00e0 prendre en termes de s\u00e9curit\u00e9\u00a0\u00bb, explique Victor Denouvion. \u00ab\u00a0C\u2019est triste qu\u2019un tel lieu disparaisse\u00a0\u00bb.<\/p>\n<p class=\" wall-content\">Personnalisez votre actualit\u00e9 en ajoutant vos villes et m\u00e9dias en favori avec <a href=\"https:\/\/moncompte.actu.fr\" title=\"D\u00e9couvez Mon Actu\" rel=\"nofollow noopener\" data-trk=\"{&quot;cta&quot;:{&quot;action&quot;:&quot;https:\\\/\\\/moncompte.actu.fr&quot;,&quot;category&quot;:&quot;mon compte&quot;,&quot;from&quot;:&quot;article footer&quot;,&quot;name&quot;:&quot;Mon actu&quot;,&quot;type&quot;:&quot;cta&quot;}}\" target=\"_blank\">Mon Actu<\/a>.<\/p>\n","protected":false},"excerpt":{"rendered":"Par Lucie Fraisse Publi\u00e9 le 21 sept. 2025 \u00e0 11h01 De l\u2019ancien manoir qui se tenait chemin de&hellip;\n","protected":false},"author":2,"featured_media":406863,"comment_status":"","ping_status":"","sticky":false,"template":"","format":"standard","meta":{"footnotes":""},"categories":[2816],"tags":[1111,11,1777,674,118,1011,27,12,2680,1311,25,2312],"class_list":{"0":"post-406862","1":"post","2":"type-post","3":"status-publish","4":"format-standard","5":"has-post-thumbnail","7":"category-toulouse","8":"tag-actu","9":"tag-actualites","10":"tag-eu","11":"tag-europe","12":"tag-faits-divers","13":"tag-fr","14":"tag-france","15":"tag-news","16":"tag-occitanie","17":"tag-pompiers","18":"tag-republique-francaise","19":"tag-toulouse"},"share_on_mastodon":{"url":"https:\/\/pubeurope.com\/@fr\/115241598734943830","error":""},"_links":{"self":[{"href":"https:\/\/www.europesays.com\/fr\/wp-json\/wp\/v2\/posts\/406862","targetHints":{"allow":["GET"]}}],"collection":[{"href":"https:\/\/www.europesays.com\/fr\/wp-json\/wp\/v2\/posts"}],"about":[{"href":"https:\/\/www.europesays.com\/fr\/wp-json\/wp\/v2\/types\/post"}],"author":[{"embeddable":true,"href":"https:\/\/www.europesays.com\/fr\/wp-json\/wp\/v2\/users\/2"}],"replies":[{"embeddable":true,"href":"https:\/\/www.europesays.com\/fr\/wp-json\/wp\/v2\/comments?post=406862"}],"version-history":[{"count":0,"href":"https:\/\/www.europesays.com\/fr\/wp-json\/wp\/v2\/posts\/406862\/revisions"}],"wp:featuredmedia":[{"embeddable":true,"href":"https:\/\/www.europesays.com\/fr\/wp-json\/wp\/v2\/media\/406863"}],"wp:attachment":[{"href":"https:\/\/www.europesays.com\/fr\/wp-json\/wp\/v2\/media?parent=406862"}],"wp:term":[{"taxonomy":"category","embeddable":true,"href":"https:\/\/www.europesays.com\/fr\/wp-json\/wp\/v2\/categories?post=406862"},{"taxonomy":"post_tag","embeddable":true,"href":"https:\/\/www.europesays.com\/fr\/wp-json\/wp\/v2\/tags?post=406862"}],"curies":[{"name":"wp","href":"https:\/\/api.w.org\/{rel}","templated":true}]}}