{"id":406864,"date":"2025-09-21T09:33:12","date_gmt":"2025-09-21T09:33:12","guid":{"rendered":"https:\/\/www.europesays.com\/fr\/406864\/"},"modified":"2025-09-21T09:33:12","modified_gmt":"2025-09-21T09:33:12","slug":"que-faire-a-lille-et-alentours-2","status":"publish","type":"post","link":"https:\/\/www.europesays.com\/fr\/406864\/","title":{"rendered":"Que faire \u00e0 Lille et alentours\u00a0?"},"content":{"rendered":"<p>Vous n\u2019avez rien de sp\u00e9cial \u00e0 faire ce <a href=\"https:\/\/www.20minutes.fr\/dossier\/week-end\" class=\"c-link c-link--is-underlined\" target=\"_blank\" rel=\"noopener\">week-end<\/a>, et ce n\u2019est pas une question. C\u2019est tant mieux d\u2019ailleurs, puisque les 20 et 21\u00a0septembre, ce sont les <a href=\"https:\/\/www.20minutes.fr\/dossier\/journees_europeennes_du_patrimoine\" class=\"c-link c-link--is-underlined\" target=\"_blank\" rel=\"noopener\">Journ\u00e9es europ\u00e9ennes du patrimoine<\/a>, JEP pour les intimes. Parce qu\u2019on sait que vous avez la flemme d\u2019\u00e9plucher tous les programmes, 20 Minutes a fait le taf \u00e0 votre place, d\u00e9nichant cinq sites \u00e0 <a href=\"https:\/\/www.20minutes.fr\/lille\/\" class=\"c-link c-link--is-underlined\" target=\"_blank\" rel=\"noopener\">Lille <\/a>et dans les environs, connus mais \u00e0 d\u00e9couvrir diff\u00e9remment.<\/p>\n<p>L\u2019institut Pasteur<\/p>\n<p>Tout le monde conna\u00eet cette institution \u00e0 Lille et certains sont sans doute d\u00e9j\u00e0 pass\u00e9s pour y faire un bilan de sant\u00e9 ou des vaccins. Mais rares sont ceux qui savent ce qui se cache derri\u00e8re les murs des salles ferm\u00e9es au public.<\/p>\n<p>Samedi et dimanche, des visites organis\u00e9es vous feront d\u00e9couvrir les coulisses du c\u00e9l\u00e8bre institut qui a, notamment, largement contribu\u00e9 \u00e0 la lutte contre le Covid-19. Au 48 boulevard du Mar\u00e9chal Vaillant, \u00e0 Lille. Gratuit sur r\u00e9servation.<\/p>\n<p>Le port de Lille<\/p>\n<p>D\u2019accord, Lille n\u2019est pas au bord de la mer. Il n\u2019emp\u00eache que la ville poss\u00e8de quand m\u00eame son propre port et que l\u2019activit\u00e9 y est particuli\u00e8rement soutenue. Il s\u2019agit d\u2019ailleurs du troisi\u00e8me port fluvial de France, qui voit passer pr\u00e8s de 1.800 barges conteneurs et plus de 1.100 trains chaque ann\u00e9e.<\/p>\n<\/p>\n<p>L\u2019endroit, habituellement ferm\u00e9 au public, sera donc ouvert exceptionnellement samedi, pour des visites guid\u00e9es entre les quais, les entrep\u00f4ts g\u00e9ants et les immenses grues. Port de Lille, 5e rue. Gratuit sur r\u00e9servation.<\/p>\n<p>Des r\u00e9servoirs d\u2019eau<\/p>\n<p>Saviez-vous que de la fin du XIXe jusqu\u2019aux ann\u00e9es\u00a01930, de nombreuses usines de Roubaix \u00e9taient aliment\u00e9es en eau gr\u00e2ce \u00e0 d\u2019imposants r\u00e9servoirs\u00a0? Il en existe encore en excellent \u00e9tat, les r\u00e9servoirs du Huchon, un patrimoine industriel d\u00e9sormais inscrit au titre des monuments historiques.<\/p>\n<p>Samedi, vous pourrez prendre la place de l\u2019eau dans ces r\u00e9servoirs au cours d\u2019une visite guid\u00e9e d\u2019une heure avec, en prime, des concerts. Au 6b boulevard Lacordaire, \u00e0 Roubaix. Gratuit sur r\u00e9servation.<\/p>\n<p>Train \u00e0 vapeur<\/p>\n<p>Ce week-end, vous pourrez passer trois heures dans une gare, mais pas \u00e0 attendre votre train en retard. La SNCF et l\u2019Amicale des anciens et amis de la traction \u00e0 vapeur organisent une visite de l\u2019ancienne halle \u00e0 marchandises de la gare de Villeneuve d&rsquo;Ascq. A l\u2019int\u00e9rieur, une authentique locomotive \u00e0 vapeur de\u00a01932, la 141 TC pour les connaisseurs, entour\u00e9e de locomotives \u00e9lectriques r\u00e9form\u00e9es.<\/p>\n<p>Samedi et dimanche, de 10 heures \u00e0 18 heures au 10 rue des Martyrs \u00e0 Villeneuve d&rsquo;Ascq. Gratuit sans r\u00e9servation.<\/p>\n<p>Justice des mineurs<\/p>\n<p>L\u2019une des plus anciennes usines de Roubaix, la filature Delattre, abrite d\u00e9sormais la tr\u00e8s ferm\u00e9e Ecole nationale de protection judiciaire de la jeunesse. C\u2019est au sein des murs presque bicentenaires de ce b\u00e2timent que sont enseign\u00e9s aujourd\u2019hui les m\u00e9tiers du travail social et de la justice des mineurs.<\/p>\n<p><a href=\"https:\/\/www.20minutes.fr\/dossier\/journees_europeennes_du_patrimoine\" class=\"c-link c-btn c-btn--primary\" target=\"_blank\" rel=\"noopener\">Nos articles sur les Journ\u00e9es europ\u00e9ennes du patrimoine<\/a><\/p>\n<p>Mais samedi et dimanche, l\u2019ENPJJ ouvrira ses portes aux visiteurs lors de visites guid\u00e9es avec, en prime, un tour de l\u2019exposition Les cheveux blancs d\u2019Anouk Desury. A 14 et 15 heures, samedi et dimanche, au 16 rue du Curoir, \u00e0 Roubaix. Gratuit sur r\u00e9servation. Ne pas oublier de se munir d\u2019une pi\u00e8ce d\u2019identit\u00e9.<\/p>\n<p><\/p>\n","protected":false},"excerpt":{"rendered":"Vous n\u2019avez rien de sp\u00e9cial \u00e0 faire ce week-end, et ce n\u2019est pas une question. C\u2019est tant mieux&hellip;\n","protected":false},"author":2,"featured_media":406865,"comment_status":"","ping_status":"","sticky":false,"template":"","format":"standard","meta":{"footnotes":""},"categories":[2815],"tags":[1111,11,251,1777,674,1011,27,811,47275,1307,1393,12,1308,1309,2551,1306,25,7940],"class_list":{"0":"post-406864","1":"post","2":"type-post","3":"status-publish","4":"format-standard","5":"has-post-thumbnail","7":"category-lille","8":"tag-actu","9":"tag-actualites","10":"tag-culture","11":"tag-eu","12":"tag-europe","13":"tag-fr","14":"tag-france","15":"tag-hauts-de-france","16":"tag-journees-europeennes-du-patrimoine","17":"tag-lille","18":"tag-loisirs","19":"tag-news","20":"tag-nord","21":"tag-nord-pas-de-calais","22":"tag-patrimoine","23":"tag-regions","24":"tag-republique-francaise","25":"tag-roubaix"},"share_on_mastodon":{"url":"https:\/\/pubeurope.com\/@fr\/115241602605397323","error":""},"_links":{"self":[{"href":"https:\/\/www.europesays.com\/fr\/wp-json\/wp\/v2\/posts\/406864","targetHints":{"allow":["GET"]}}],"collection":[{"href":"https:\/\/www.europesays.com\/fr\/wp-json\/wp\/v2\/posts"}],"about":[{"href":"https:\/\/www.europesays.com\/fr\/wp-json\/wp\/v2\/types\/post"}],"author":[{"embeddable":true,"href":"https:\/\/www.europesays.com\/fr\/wp-json\/wp\/v2\/users\/2"}],"replies":[{"embeddable":true,"href":"https:\/\/www.europesays.com\/fr\/wp-json\/wp\/v2\/comments?post=406864"}],"version-history":[{"count":0,"href":"https:\/\/www.europesays.com\/fr\/wp-json\/wp\/v2\/posts\/406864\/revisions"}],"wp:featuredmedia":[{"embeddable":true,"href":"https:\/\/www.europesays.com\/fr\/wp-json\/wp\/v2\/media\/406865"}],"wp:attachment":[{"href":"https:\/\/www.europesays.com\/fr\/wp-json\/wp\/v2\/media?parent=406864"}],"wp:term":[{"taxonomy":"category","embeddable":true,"href":"https:\/\/www.europesays.com\/fr\/wp-json\/wp\/v2\/categories?post=406864"},{"taxonomy":"post_tag","embeddable":true,"href":"https:\/\/www.europesays.com\/fr\/wp-json\/wp\/v2\/tags?post=406864"}],"curies":[{"name":"wp","href":"https:\/\/api.w.org\/{rel}","templated":true}]}}