{"id":406868,"date":"2025-09-21T09:35:14","date_gmt":"2025-09-21T09:35:14","guid":{"rendered":"https:\/\/www.europesays.com\/fr\/406868\/"},"modified":"2025-09-21T09:35:14","modified_gmt":"2025-09-21T09:35:14","slug":"rassembles-devant-le-tribunal-jeudi-pour-la-marseillaise","status":"publish","type":"post","link":"https:\/\/www.europesays.com\/fr\/406868\/","title":{"rendered":"Rassembl\u00e9s devant le tribunal jeudi pour \u00ab La Marseillaise \u00bb"},"content":{"rendered":"\n<p>Dans une plainte dont s\u2019est saisie une magistrate, Alexandre Allegret-Pilot, d\u00e9put\u00e9 d\u2019extr\u00eame droite du Gard, accuse notre journal de diffamation. En cause\u00a0: deux articles, l\u2019un sur ses tweets tellement outranciers que son compte avait \u00e9t\u00e9 d\u00e9sactiv\u00e9 par la plateforme X et l\u2019autre sur la validation lorsqu\u2019il \u00e9tait haut fonctionnaire \u00e0 Bercy d\u2019une aide publique \u00e0 une entreprise priv\u00e9e pas encore cr\u00e9\u00e9e.<\/p>\n<p>Ce jeudi, L\u00e9o Purguette, directeur de publication et Tristan Arnaud, r\u00e9dacteur, se rendront donc au tribunal pour se d\u00e9fendre.<\/p>\n<p> P\u00e9tition\n              <\/p>\n<p>En soutien, notre journal, les Amis de La Marseillaise et le syndicat CGT des personnels de La\u00a0Marseillaise appellent \u00e0 se rassembler \u00e0 9h30 pr\u00e9cises devant le tribunal situ\u00e9 6 rue Autran (Marseille, 6e).<\/p>\n<p>D\u00e8s la notification de la plainte de nombreux soutiens individuels et collectifs s\u2019\u00e9taient exprim\u00e9s, notamment de la part d\u2019organisations syndicales et de clubs de la presse de la r\u00e9gion.<\/p>\n<p>C\u00f4t\u00e9 lecteurs, <a rel=\"nofollow noopener\" href=\"https:\/\/www.change.org\/p\/pas-touche-a-la-presse\" target=\"_blank\">une p\u00e9tition a \u00e9t\u00e9 lanc\u00e9e <\/a>\u00e0 l\u2019occasion du festival Terres de R\u00e9sistance \u00e0 Martigues par les Amis de La\u00a0Marseillaise. Elle est d\u00e9sormais en ligne (lire ci-contre) o\u00f9 elle a recueilli en quelques jours plus de 400 signatures.<\/p>\n<p>\u00ab\u00a0Nous l\u2019avons \u00e9galement fait signer en nombre\u00a0en marge de la manifestation du 18\u00a0septembre\u00a0\u00bb, rapporte Fr\u00e9d\u00e9ric Boffi, membre de l\u2019association, r\u00e9volt\u00e9 par la situation.<\/p>\n<p> Le journal \u00ab La Marseillaise \u00bb est attaqu\u00e9, d\u00e9fendons-le !!!\n              <\/p>\n<p>Apr\u00e8s des menaces de mort contre son pr\u00e9sident L\u00e9o Purguette, le journal est tra\u00een\u00e9 en justice par ceux qui s\u2019inspirent des id\u00e9es du Rassemblement National (les m\u00eames que nous avons combattus durant les heures sombres de l\u2019histoire du pays).C\u2019est tout simplement la d\u00e9mocratie qui est attaqu\u00e9e. Le titre La Marseillaise est n\u00e9 pendant l\u2019occupation nazie et a toujours port\u00e9 le combat pour la paix, la libert\u00e9 et la d\u00e9mocratie. C\u2019est cela que les fascistes veulent faire tomber. Nous sommes de fervents partisans de la libert\u00e9 d\u2019expression du pluralisme de la presse pour que la libert\u00e9 puisse vivre. Nous cr\u00e9ons ce comit\u00e9 de soutien et appelons toutes les femmes et tous les hommes \u00e9pris de justice et de d\u00e9mocratie \u00e0 manifester leur soutien au journal La Marseillaise et \u00e0 la libert\u00e9 de la presse en signant cet appel.<\/p>\n","protected":false},"excerpt":{"rendered":"Dans une plainte dont s\u2019est saisie une magistrate, Alexandre Allegret-Pilot, d\u00e9put\u00e9 d\u2019extr\u00eame droite du Gard, accuse notre journal&hellip;\n","protected":false},"author":2,"featured_media":406869,"comment_status":"","ping_status":"","sticky":false,"template":"","format":"standard","meta":{"footnotes":""},"categories":[2814],"tags":[1111,11,1777,674,1011,27,884,12,2844,882,25],"class_list":{"0":"post-406868","1":"post","2":"type-post","3":"status-publish","4":"format-standard","5":"has-post-thumbnail","7":"category-marseille","8":"tag-actu","9":"tag-actualites","10":"tag-eu","11":"tag-europe","12":"tag-fr","13":"tag-france","14":"tag-marseille","15":"tag-news","16":"tag-petition","17":"tag-provence-alpes-cote-dazur","18":"tag-republique-francaise"},"share_on_mastodon":{"url":"https:\/\/pubeurope.com\/@fr\/115241610351629940","error":""},"_links":{"self":[{"href":"https:\/\/www.europesays.com\/fr\/wp-json\/wp\/v2\/posts\/406868","targetHints":{"allow":["GET"]}}],"collection":[{"href":"https:\/\/www.europesays.com\/fr\/wp-json\/wp\/v2\/posts"}],"about":[{"href":"https:\/\/www.europesays.com\/fr\/wp-json\/wp\/v2\/types\/post"}],"author":[{"embeddable":true,"href":"https:\/\/www.europesays.com\/fr\/wp-json\/wp\/v2\/users\/2"}],"replies":[{"embeddable":true,"href":"https:\/\/www.europesays.com\/fr\/wp-json\/wp\/v2\/comments?post=406868"}],"version-history":[{"count":0,"href":"https:\/\/www.europesays.com\/fr\/wp-json\/wp\/v2\/posts\/406868\/revisions"}],"wp:featuredmedia":[{"embeddable":true,"href":"https:\/\/www.europesays.com\/fr\/wp-json\/wp\/v2\/media\/406869"}],"wp:attachment":[{"href":"https:\/\/www.europesays.com\/fr\/wp-json\/wp\/v2\/media?parent=406868"}],"wp:term":[{"taxonomy":"category","embeddable":true,"href":"https:\/\/www.europesays.com\/fr\/wp-json\/wp\/v2\/categories?post=406868"},{"taxonomy":"post_tag","embeddable":true,"href":"https:\/\/www.europesays.com\/fr\/wp-json\/wp\/v2\/tags?post=406868"}],"curies":[{"name":"wp","href":"https:\/\/api.w.org\/{rel}","templated":true}]}}