{"id":406874,"date":"2025-09-21T09:39:20","date_gmt":"2025-09-21T09:39:20","guid":{"rendered":"https:\/\/www.europesays.com\/fr\/406874\/"},"modified":"2025-09-21T09:39:20","modified_gmt":"2025-09-21T09:39:20","slug":"en-images-une-citroen-2-cv-remontee-de-la-saone-a-lyon-dans-les-archives-du-progres-en-1961","status":"publish","type":"post","link":"https:\/\/www.europesays.com\/fr\/406874\/","title":{"rendered":"En images. Une Citro\u00ebn 2 CV remont\u00e9e de la Sa\u00f4ne \u00e0 Lyon&#8230; Dans les archives du Progr\u00e8s en 1961"},"content":{"rendered":"<p>&#13;<br \/>\n              Vincent Bourbotte &#8211; &#13;<br \/>\n        &#13;<br \/>\n          Aujourd&rsquo;hui \u00e0 07:00&#13;<br \/>\n    &#13;<br \/>\n                  | mis \u00e0 jour aujourd&rsquo;hui \u00e0 07:06&#13;<br \/>\n              &#8211; Temps de lecture : &#13;<br \/>\n  &#13;\n<\/p>\n<ul class=\"galerieContent carousel-wrapper__slides\" id=\"71b4a728-383f-4068-8cce-4e844bcd2006\">        &#13;<\/p>\n<li class=\"carousel-wrapper__slides--slide item\" id=\"slide-1\">&#13;<br \/>\n                                    &#13;<br \/>\n                        <a class=\"chocolat-image GA-tracking\" data-ga_type=\"click\" data-ga_category=\"D\u00e9tail\" data-ga_action=\"zoomer\" data-ga_label=\"aggrandir image\" href=\"https:\/\/cdn-s-www.leprogres.fr\/images\/9F060D46-24EE-4BCC-904A-C2D7257B3496\/NW_raw\/ce-wagon-citerne-a-tente-de-reprendre-sa-liberte-a-la-gare-des-brotteaux-ce-9-avril-1961-archives-le-progres-1754763483.jpg\" title=\"Ce wagon-citerne a tent\u00e9 de reprendre sa libert\u00e9 \u00e0 la gare des Brotteaux ce 9 avril 1961. Archives Le Progr\u00e8s\" target=\"_blank\" rel=\"noopener\">&#13;<br \/>\n                            <img decoding=\"async\" src=\"https:\/\/www.europesays.com\/fr\/wp-content\/uploads\/2025\/09\/ce-wagon-citerne-a-tente-de-reprendre-sa-liberte-a-la-gare-des-brotteaux-ce-9-avril-1961-archives-le.jpeg\"   alt=\"Ce wagon-citerne a tent\u00e9 de reprendre sa libert\u00e9 \u00e0 la gare des Brotteaux ce 9 avril 1961. Archives Le Progr\u00e8s\" fetchpriority=\"high\" data-mobile=\"NW_detail_M|1754763483\" data-base=\"NW_detail|1754763483\"\/>&#13;<br \/>\n                        <\/a>&#13;<\/p>\n<p>&#13;<br \/>\n                                01 \/ 18&#13;\n                            <\/p>\n<p>Ce wagon-citerne a tent\u00e9 de reprendre sa libert\u00e9 \u00e0 la gare des Brotteaux ce 9 avril 1961. Archives Le Progr\u00e8s<\/p>\n<p>                        &#13;<br \/>\n                                           &#13;\n                <\/li>\n<p>&#13;<br \/>\n            &#13;<\/p>\n<li class=\"carousel-wrapper__slides--slide item\" id=\"slide-2\">&#13;<br \/>\n                                    &#13;<br \/>\n                        <a class=\"chocolat-image GA-tracking\" data-ga_type=\"click\" data-ga_category=\"D\u00e9tail\" data-ga_action=\"zoomer\" data-ga_label=\"aggrandir image\" href=\"https:\/\/cdn-s-www.leprogres.fr\/images\/15773F56-718C-48CC-89C1-E14BB1331B0C\/NW_raw\/8-janvier-1961-les-francais-sont-appeles-a-voter-lors-du-referendum-sur-l-autodetermination-de-l-algerie-approuve-a-pres-de-75-ce-vote-entrouvre-la-porte-a-l-independance-de-l-algerie-qui-sera-finalement-proclamee-en-juillet-1962-archives-le-progres-1754763482.jpg\" title=\"8 janvier 1961, les fran\u00e7ais sont appel\u00e9s \u00e0 voter lors du r\u00e9f\u00e9rendum sur l&#039;autod\u00e9termination de l&#039;Alg\u00e9rie. Approuv\u00e9 \u00e0 pr\u00e8s de 75%, ce vote entrouvre la porte \u00e0 l&#039;ind\u00e9pendance de l&#039;Alg\u00e9rie qui sera finalement proclam\u00e9e en juillet 1962. Archives Le Progr\u00e8s\" target=\"_blank\" rel=\"noopener\">&#13;<br \/>\n                            <img decoding=\"async\" src=\"https:\/\/www.europesays.com\/fr\/wp-content\/uploads\/2025\/09\/8-janvier-1961-les-francais-sont-appeles-a-voter-lors-du-referendum-sur-l-autodetermination-de-l-alg.jpeg\"   alt=\"8 janvier 1961, les fran\u00e7ais sont appel\u00e9s \u00e0 voter lors du r\u00e9f\u00e9rendum sur l'autod\u00e9termination de l'Alg\u00e9rie. Approuv\u00e9 \u00e0 pr\u00e8s de 75%, ce vote entrouvre la porte \u00e0 l'ind\u00e9pendance de l'Alg\u00e9rie qui sera finalement proclam\u00e9e en juillet 1962. Archives Le Progr\u00e8s\" loading=\"lazy\" fetchpriority=\"low\" data-mobile=\"NW_detail_M|1754763482\" data-base=\"NW_detail|1754763482\"\/>&#13;<br \/>\n                        <\/a>&#13;<\/p>\n<p>&#13;<br \/>\n                                02 \/ 18&#13;\n                            <\/p>\n<p>8 janvier 1961, les fran\u00e7ais sont appel\u00e9s \u00e0 voter lors du r\u00e9f\u00e9rendum sur l&rsquo;autod\u00e9termination de l&rsquo;Alg\u00e9rie. Approuv\u00e9 \u00e0 pr\u00e8s de 75%, ce vote entrouvre la porte \u00e0 l&rsquo;ind\u00e9pendance de l&rsquo;Alg\u00e9rie qui sera finalement proclam\u00e9e en juillet 1962. Archives Le Progr\u00e8s<\/p>\n<p>                        &#13;<br \/>\n                                           &#13;\n                <\/li>\n<p>&#13;<br \/>\n            &#13;<\/p>\n<li class=\"carousel-wrapper__slides--slide item\" id=\"slide-3\">&#13;<br \/>\n                                    &#13;<br \/>\n                        <a class=\"chocolat-image GA-tracking\" data-ga_type=\"click\" data-ga_category=\"D\u00e9tail\" data-ga_action=\"zoomer\" data-ga_label=\"aggrandir image\" href=\"https:\/\/cdn-s-www.leprogres.fr\/images\/D105BAD3-38B3-4C64-B1C4-9E8A6FD9B67C\/NW_raw\/presentation-des-coiffures-tendances-pour-les-femmes-le-20-mars-1961-visiblement-la-mode-est-au-cheveux-courts-archives-le-progres-1747388256.jpg\" title=\"Pr\u00e9sentation des coiffures tendances pour les femmes le 20 mars 1961. Visiblement, la mode est au cheveux courts\u00a0! Archives Le Progr\u00e8s\" target=\"_blank\" rel=\"noopener\">&#13;<br \/>\n                            <img decoding=\"async\" src=\"https:\/\/www.europesays.com\/fr\/wp-content\/uploads\/2025\/09\/presentation-des-coiffures-tendances-pour-les-femmes-le-20-mars-1961-visiblement-la-mode-est-au-chev.jpeg\"   alt=\"Pr\u00e9sentation des coiffures tendances pour les femmes le 20 mars 1961. Visiblement, la mode est au cheveux courts\u00a0! Archives Le Progr\u00e8s\" loading=\"lazy\" fetchpriority=\"low\" data-mobile=\"NW_detail_M|1747388256\" data-base=\"NW_detail|1747388256\"\/>&#13;<br \/>\n                        <\/a>&#13;<\/p>\n<p>&#13;<br \/>\n                                03 \/ 18&#13;\n                            <\/p>\n<p>Pr\u00e9sentation des coiffures tendances pour les femmes le 20 mars 1961. Visiblement, la mode est au cheveux courts\u00a0! Archives Le Progr\u00e8s<\/p>\n<p>                        &#13;<br \/>\n                                           &#13;\n                <\/li>\n<p>&#13;<br \/>\n            &#13;<\/p>\n<li class=\"carousel-wrapper__slides--slide item\" id=\"slide-4\">&#13;<br \/>\n                                    &#13;<br \/>\n                        <a class=\"chocolat-image GA-tracking\" data-ga_type=\"click\" data-ga_category=\"D\u00e9tail\" data-ga_action=\"zoomer\" data-ga_label=\"aggrandir image\" href=\"https:\/\/cdn-s-www.leprogres.fr\/images\/55569629-8194-4210-980E-3E3FD00E81E5\/NW_raw\/on-abat-des-arbres-sur-le-cours-gambetta-a-lyon-le-21-mars-1961-le-travail-doit-etre-precis-car-la-circulation-n-est-pas-pour-autant-interdite-meme-avec-des-troncons-de-taille-significative-archives-le-progres-1747388256.jpg\" title=\"On abat des arbres sur le cours Gambetta \u00e0 Lyon le 21 mars 1961. Le travail doit \u00eatre pr\u00e9cis car la circulation n&#039;est pas pour autant interdite, m\u00eame avec des tron\u00e7ons de taille significative. Archives Le Progr\u00e8s\" target=\"_blank\" rel=\"noopener\">&#13;<br \/>\n                            <img decoding=\"async\" src=\"https:\/\/www.europesays.com\/fr\/wp-content\/uploads\/2025\/09\/on-abat-des-arbres-sur-le-cours-gambetta-a-lyon-le-21-mars-1961-le-travail-doit-etre-precis-car-la-c.jpeg\"   alt=\"On abat des arbres sur le cours Gambetta \u00e0 Lyon le 21 mars 1961. Le travail doit \u00eatre pr\u00e9cis car la circulation n'est pas pour autant interdite, m\u00eame avec des tron\u00e7ons de taille significative. Archives Le Progr\u00e8s\" loading=\"lazy\" fetchpriority=\"low\" data-mobile=\"NW_detail_M|1747388256\" data-base=\"NW_detail|1747388256\"\/>&#13;<br \/>\n                        <\/a>&#13;<\/p>\n<p>&#13;<br \/>\n                                04 \/ 18&#13;\n                            <\/p>\n<p>On abat des arbres sur le cours Gambetta \u00e0 Lyon le 21 mars 1961. Le travail doit \u00eatre pr\u00e9cis car la circulation n&rsquo;est pas pour autant interdite, m\u00eame avec des tron\u00e7ons de taille significative. Archives Le Progr\u00e8s<\/p>\n<p>                        &#13;<br \/>\n                                           &#13;\n                <\/li>\n<p>&#13;<br \/>\n            &#13;<\/p>\n<li class=\"carousel-wrapper__slides--slide item\" id=\"slide-5\">&#13;<br \/>\n                                    &#13;<br \/>\n                        <a class=\"chocolat-image GA-tracking\" data-ga_type=\"click\" data-ga_category=\"D\u00e9tail\" data-ga_action=\"zoomer\" data-ga_label=\"aggrandir image\" href=\"https:\/\/cdn-s-www.leprogres.fr\/images\/EACF994E-13DC-4B44-955E-F39BC3E6309E\/NW_raw\/cet-homme-fait-les-frais-d-une-cohabitation-difficile-entre-les-cyclistes-et-les-automobilistes-le-2-avril-1961-trop-pose-pour-etre-un-instantane-l-image-semble-avoir-ete-realisee-pour-un-spot-de-la-securite-routiere-archives-le-progres-1747388256.jpg\" title=\"Cet homme fait les frais d&#039;une cohabitation difficile entre les cyclistes et les automobilistes\u00a0le 2 avril 1961. Trop pos\u00e9 pour \u00eatre un instantan\u00e9. L&#039;image semble avoir \u00e9t\u00e9 r\u00e9alis\u00e9e pour un spot de la s\u00e9curit\u00e9 routi\u00e8re...\u00a0 Archives Le Progr\u00e8s\" target=\"_blank\" rel=\"noopener\">&#13;<br \/>\n                            <img decoding=\"async\" src=\"https:\/\/www.europesays.com\/fr\/wp-content\/uploads\/2025\/09\/cet-homme-fait-les-frais-d-une-cohabitation-difficile-entre-les-cyclistes-et-les-automobilistes-le-2.jpeg\"   alt=\"Cet homme fait les frais d'une cohabitation difficile entre les cyclistes et les automobilistes\u00a0le 2 avril 1961. Trop pos\u00e9 pour \u00eatre un instantan\u00e9. L'image semble avoir \u00e9t\u00e9 r\u00e9alis\u00e9e pour un spot de la s\u00e9curit\u00e9 routi\u00e8re...\u00a0 Archives Le Progr\u00e8s\" loading=\"lazy\" fetchpriority=\"low\" data-mobile=\"NW_detail_M|1747388256\" data-base=\"NW_detail|1747388256\"\/>&#13;<br \/>\n                        <\/a>&#13;<\/p>\n<p>&#13;<br \/>\n                                05 \/ 18&#13;\n                            <\/p>\n<p>Cet homme fait les frais d&rsquo;une cohabitation difficile entre les cyclistes et les automobilistes\u00a0le 2 avril 1961. Trop pos\u00e9 pour \u00eatre un instantan\u00e9. L&rsquo;image semble avoir \u00e9t\u00e9 r\u00e9alis\u00e9e pour un spot de la s\u00e9curit\u00e9 routi\u00e8re&#8230;\u00a0 Archives Le Progr\u00e8s<\/p>\n<p>                        &#13;<br \/>\n                                           &#13;\n                <\/li>\n<p>&#13;<br \/>\n            &#13;<\/p>\n<li class=\"carousel-wrapper__slides--slide item\" id=\"slide-6\">&#13;<br \/>\n                                    &#13;<br \/>\n                        <a class=\"chocolat-image GA-tracking\" data-ga_type=\"click\" data-ga_category=\"D\u00e9tail\" data-ga_action=\"zoomer\" data-ga_label=\"aggrandir image\" href=\"https:\/\/cdn-s-www.leprogres.fr\/images\/5EE0D532-86F9-468E-A4A9-E0C5B86F01A4\/NW_raw\/2-avril-1961-le-xv-de-france-affronte-l-italie-en-test-match-a-chambery-et-remporte-le-match-17-0-il-faudra-encore-attendre-quelques-annees-pour-que-l-italie-integre-le-tournoi-des-(cinq-puis-six)-nations-archives-le-progres-1747388256.jpg\" title=\"2 avril 1961, le XV de France affronte l&#039;Italie en test match \u00e0 Chamb\u00e9ry et remporte le match 17-0. Il faudra encore attendre quelques ann\u00e9es pour que l&#039;Italie int\u00e8gre le tournoi des (cinq puis six) Nations. Archives Le Progr\u00e8s\" target=\"_blank\" rel=\"noopener\">&#13;<br \/>\n                            <img decoding=\"async\" src=\"https:\/\/www.europesays.com\/fr\/wp-content\/uploads\/2025\/09\/2-avril-1961-le-xv-de-france-affronte-l-italie-en-test-match-a-chambery-et-remporte-le-match-17-0-il.jpeg\"   alt=\"2 avril 1961, le XV de France affronte l'Italie en test match \u00e0 Chamb\u00e9ry et remporte le match 17-0. Il faudra encore attendre quelques ann\u00e9es pour que l'Italie int\u00e8gre le tournoi des (cinq puis six) Nations. Archives Le Progr\u00e8s\" loading=\"lazy\" fetchpriority=\"low\" data-mobile=\"NW_detail_M|1747388256\" data-base=\"NW_detail|1747388256\"\/>&#13;<br \/>\n                        <\/a>&#13;<\/p>\n<p>&#13;<br \/>\n                                06 \/ 18&#13;\n                            <\/p>\n<p>2 avril 1961, le XV de France affronte l&rsquo;Italie en test match \u00e0 Chamb\u00e9ry et remporte le match 17-0. Il faudra encore attendre quelques ann\u00e9es pour que l&rsquo;Italie int\u00e8gre le tournoi des (cinq puis six) Nations. Archives Le Progr\u00e8s<\/p>\n<p>                        &#13;<br \/>\n                                           &#13;\n                <\/li>\n<p>&#13;<br \/>\n            &#13;<\/p>\n<li class=\"carousel-wrapper__slides--slide item\" id=\"slide-7\">&#13;<br \/>\n                                    &#13;<br \/>\n                        <a class=\"chocolat-image GA-tracking\" data-ga_type=\"click\" data-ga_category=\"D\u00e9tail\" data-ga_action=\"zoomer\" data-ga_label=\"aggrandir image\" href=\"https:\/\/cdn-s-www.leprogres.fr\/images\/2312A909-74AB-43F6-9B91-DE9CBE00C1C9\/NW_raw\/les-pompiers-interviennent-dans-le-tunnel-de-la-croix-rousse-pour-une-automobile-qui-a-pris-feu-le-4-juin-1961-archives-le-progres-1747388256.jpg\" title=\"Les pompiers interviennent dans le tunnel de la Croix-Rousse pour une automobile qui a pris feu le 4 juin 1961. Archives Le Progr\u00e8s\" target=\"_blank\" rel=\"noopener\">&#13;<br \/>\n                            <img decoding=\"async\" src=\"https:\/\/www.europesays.com\/fr\/wp-content\/uploads\/2025\/09\/les-pompiers-interviennent-dans-le-tunnel-de-la-croix-rousse-pour-une-automobile-qui-a-pris-feu-le-4.jpeg\"   alt=\"Les pompiers interviennent dans le tunnel de la Croix-Rousse pour une automobile qui a pris feu le 4 juin 1961. Archives Le Progr\u00e8s\" loading=\"lazy\" fetchpriority=\"low\" data-mobile=\"NW_detail_M|1747388256\" data-base=\"NW_detail|1747388256\"\/>&#13;<br \/>\n                        <\/a>&#13;<\/p>\n<p>&#13;<br \/>\n                                07 \/ 18&#13;\n                            <\/p>\n<p>Les pompiers interviennent dans le tunnel de la Croix-Rousse pour une automobile qui a pris feu le 4 juin 1961. Archives Le Progr\u00e8s<\/p>\n<p>                        &#13;<br \/>\n                                           &#13;\n                <\/li>\n<p>&#13;<br \/>\n            &#13;<\/p>\n<li class=\"carousel-wrapper__slides--slide item\" id=\"slide-8\">&#13;<br \/>\n                                    &#13;<br \/>\n                        <a class=\"chocolat-image GA-tracking\" data-ga_type=\"click\" data-ga_category=\"D\u00e9tail\" data-ga_action=\"zoomer\" data-ga_label=\"aggrandir image\" href=\"https:\/\/cdn-s-www.leprogres.fr\/images\/B7D659B0-72F3-4FCE-90D7-7F931211DBA1\/NW_raw\/11-juin-1961-ces-etudiants-ne-semblent-pas-trop-stresses-en-cette-premiere-journee-d-examen-du-baccalaureat-archives-le-progres-1747388256.jpg\" title=\"11 juin 1961, ces \u00e9tudiants ne semblent pas trop stress\u00e9s en cette premi\u00e8re journ\u00e9e d\u2019examen du baccalaur\u00e9at. Archives Le Progr\u00e8s\" target=\"_blank\" rel=\"noopener\">&#13;<br \/>\n                            <img decoding=\"async\" src=\"https:\/\/www.europesays.com\/fr\/wp-content\/uploads\/2025\/09\/11-juin-1961-ces-etudiants-ne-semblent-pas-trop-stresses-en-cette-premiere-journee-d-examen-du-bacca.jpeg\"   alt=\"11 juin 1961, ces \u00e9tudiants ne semblent pas trop stress\u00e9s en cette premi\u00e8re journ\u00e9e d\u2019examen du baccalaur\u00e9at. Archives Le Progr\u00e8s\" loading=\"lazy\" fetchpriority=\"low\" data-mobile=\"NW_detail_M|1747388256\" data-base=\"NW_detail|1747388256\"\/>&#13;<br \/>\n                        <\/a>&#13;<\/p>\n<p>&#13;<br \/>\n                                08 \/ 18&#13;\n                            <\/p>\n<p>11 juin 1961, ces \u00e9tudiants ne semblent pas trop stress\u00e9s en cette premi\u00e8re journ\u00e9e d\u2019examen du baccalaur\u00e9at. Archives Le Progr\u00e8s<\/p>\n<p>                        &#13;<br \/>\n                                           &#13;\n                <\/li>\n<p>&#13;<br \/>\n            &#13;<\/p>\n<li class=\"carousel-wrapper__slides--slide item\" id=\"slide-9\">&#13;<br \/>\n                                    &#13;<br \/>\n                        <a class=\"chocolat-image GA-tracking\" data-ga_type=\"click\" data-ga_category=\"D\u00e9tail\" data-ga_action=\"zoomer\" data-ga_label=\"aggrandir image\" href=\"https:\/\/cdn-s-www.leprogres.fr\/images\/61748EC8-6423-4D73-80A3-04F6BCB37482\/NW_raw\/les-paysans-roulent-en-direction-de-lyon-ici-a-tassin-la-demi-lune-le-26-juin-1961-le-4-juin-les-paysans-bretons-en-colere-contre-la-baisse-des-cours-prennent-d-assaut-la-sous-prefecture-de-morlaix-dans-le-finistere-le-mouvement-de-contestation-s-etendra-alors-dans-toute-la-france-archives-le-progres-1754763481.jpg\" title=\"Les paysans roulent en direction de Lyon, ici \u00e0 Tassin la Demi Lune le 26 juin 1961. Le 4 juin, les paysans bretons en col\u00e8re contre la baisse des cours, prennent d&#039;assaut la sous-pr\u00e9fecture de Morlaix dans le Finist\u00e8re. Le mouvement de contestation s&#039;\u00e9tendra alors dans toute la France. Archives Le Progr\u00e8s\" target=\"_blank\" rel=\"noopener\">&#13;<br \/>\n                            <img decoding=\"async\" src=\"https:\/\/www.europesays.com\/fr\/wp-content\/uploads\/2025\/09\/les-paysans-roulent-en-direction-de-lyon-ici-a-tassin-la-demi-lune-le-26-juin-1961-le-4-juin-les-pay.jpeg\"   alt=\"Les paysans roulent en direction de Lyon, ici \u00e0 Tassin la Demi Lune le 26 juin 1961. Le 4 juin, les paysans bretons en col\u00e8re contre la baisse des cours, prennent d'assaut la sous-pr\u00e9fecture de Morlaix dans le Finist\u00e8re. Le mouvement de contestation s'\u00e9tendra alors dans toute la France. Archives Le Progr\u00e8s\" loading=\"lazy\" fetchpriority=\"low\" data-mobile=\"NW_detail_M|1754763481\" data-base=\"NW_detail|1754763481\"\/>&#13;<br \/>\n                        <\/a>&#13;<\/p>\n<p>&#13;<br \/>\n                                09 \/ 18&#13;\n                            <\/p>\n<p>Les paysans roulent en direction de Lyon, ici \u00e0 Tassin la Demi Lune le 26 juin 1961. Le 4 juin, les paysans bretons en col\u00e8re contre la baisse des cours, prennent d&rsquo;assaut la sous-pr\u00e9fecture de Morlaix dans le Finist\u00e8re. Le mouvement de contestation s&rsquo;\u00e9tendra alors dans toute la France. Archives Le Progr\u00e8s<\/p>\n<p>                        &#13;<br \/>\n                                           &#13;\n                <\/li>\n<p>&#13;<br \/>\n            &#13;<\/p>\n<li class=\"carousel-wrapper__slides--slide item\" id=\"slide-10\">&#13;<br \/>\n                                    &#13;<br \/>\n                        <a class=\"chocolat-image GA-tracking\" data-ga_type=\"click\" data-ga_category=\"D\u00e9tail\" data-ga_action=\"zoomer\" data-ga_label=\"aggrandir image\" href=\"https:\/\/cdn-s-www.leprogres.fr\/images\/5EEF6FEF-4591-47EC-87BB-01CD75EE2A5B\/NW_raw\/une-vaste-operation-de-deratisation-est-organisee-a-mions-le-2-octobre-1961-la-cigarette-remplace-le-materiel-de-protection-contre-les-produits-chimiques-archives-le-progres-1754763484.jpg\" title=\"Une vaste op\u00e9ration de d\u00e9ratisation est organis\u00e9e \u00e0 Mions le 2 octobre 1961. La cigarette remplace le mat\u00e9riel de protection contre les produits chimiques... Archives Le Progr\u00e8s\" target=\"_blank\" rel=\"noopener\">&#13;<br \/>\n                            <img decoding=\"async\" src=\"https:\/\/www.europesays.com\/fr\/wp-content\/uploads\/2025\/09\/une-vaste-operation-de-deratisation-est-organisee-a-mions-le-2-octobre-1961-la-cigarette-remplace-le.jpeg\"   alt=\"Une vaste op\u00e9ration de d\u00e9ratisation est organis\u00e9e \u00e0 Mions le 2 octobre 1961. La cigarette remplace le mat\u00e9riel de protection contre les produits chimiques... Archives Le Progr\u00e8s\" loading=\"lazy\" fetchpriority=\"low\" data-mobile=\"NW_detail_M|1754763484\" data-base=\"NW_detail|1754763484\"\/>&#13;<br \/>\n                        <\/a>&#13;<\/p>\n<p>&#13;<br \/>\n                                10 \/ 18&#13;\n                            <\/p>\n<p>Une vaste op\u00e9ration de d\u00e9ratisation est organis\u00e9e \u00e0 Mions le 2 octobre 1961. La cigarette remplace le mat\u00e9riel de protection contre les produits chimiques&#8230; Archives Le Progr\u00e8s<\/p>\n<p>                        &#13;<br \/>\n                                           &#13;\n                <\/li>\n<p>&#13;<br \/>\n            &#13;<\/p>\n<li class=\"carousel-wrapper__slides--slide item\" id=\"slide-11\">&#13;<br \/>\n                                    &#13;<br \/>\n                        <a class=\"chocolat-image GA-tracking\" data-ga_type=\"click\" data-ga_category=\"D\u00e9tail\" data-ga_action=\"zoomer\" data-ga_label=\"aggrandir image\" href=\"https:\/\/cdn-s-www.leprogres.fr\/images\/57F10CB9-408E-4CC4-9B9E-A07A24574E93\/NW_raw\/scene-de-vie-place-bellecour-dans-laquelle-un-petit-gone-devore-son-gouter-16-octobre-1961-archives-le-progres-1754763484.jpg\" title=\"Sc\u00e8ne de vie place Bellecour dans laquelle un petit gone d\u00e9vore son go\u00fbter, 16 octobre 1961. Archives Le Progr\u00e8s\" target=\"_blank\" rel=\"noopener\">&#13;<br \/>\n                            <img decoding=\"async\" src=\"https:\/\/www.europesays.com\/fr\/wp-content\/uploads\/2025\/09\/scene-de-vie-place-bellecour-dans-laquelle-un-petit-gone-devore-son-gouter-16-octobre-1961-archives-.jpeg\"   alt=\"Sc\u00e8ne de vie place Bellecour dans laquelle un petit gone d\u00e9vore son go\u00fbter, 16 octobre 1961. Archives Le Progr\u00e8s\" loading=\"lazy\" fetchpriority=\"low\" data-mobile=\"NW_detail_M|1754763484\" data-base=\"NW_detail|1754763484\"\/>&#13;<br \/>\n                        <\/a>&#13;<\/p>\n<p>&#13;<br \/>\n                                11 \/ 18&#13;\n                            <\/p>\n<p>Sc\u00e8ne de vie place Bellecour dans laquelle un petit gone d\u00e9vore son go\u00fbter, 16 octobre 1961. Archives Le Progr\u00e8s<\/p>\n<p>                        &#13;<br \/>\n                                           &#13;\n                <\/li>\n<p>&#13;<br \/>\n            &#13;<\/p>\n<li class=\"carousel-wrapper__slides--slide item\" id=\"slide-12\">&#13;<br \/>\n                                    &#13;<br \/>\n                        <a class=\"chocolat-image GA-tracking\" data-ga_type=\"click\" data-ga_category=\"D\u00e9tail\" data-ga_action=\"zoomer\" data-ga_label=\"aggrandir image\" href=\"https:\/\/cdn-s-www.leprogres.fr\/images\/E7690A56-698F-46AB-8287-2BFDB4670964\/NW_raw\/ray-charles-arrive-a-la-gare-des-brotteaux-a-lyon-pour-se-produire-le-19-octobre-1961-sur-la-scene-du-palais-des-congres-archives-le-progres-1747388257.jpg\" title=\"Ray Charles arrive \u00e0 la Gare des Brotteaux \u00e0 Lyon pour se produire le 19 octobre 1961 sur la sc\u00e8ne du palais des Congr\u00e8s. Archives Le Progr\u00e8s\" target=\"_blank\" rel=\"noopener\">&#13;<br \/>\n                            <img decoding=\"async\" src=\"https:\/\/www.europesays.com\/fr\/wp-content\/uploads\/2025\/09\/ray-charles-arrive-a-la-gare-des-brotteaux-a-lyon-pour-se-produire-le-19-octobre-1961-sur-la-scene-d.jpeg\"   alt=\"Ray Charles arrive \u00e0 la Gare des Brotteaux \u00e0 Lyon pour se produire le 19 octobre 1961 sur la sc\u00e8ne du palais des Congr\u00e8s. Archives Le Progr\u00e8s\" loading=\"lazy\" fetchpriority=\"low\" data-mobile=\"NW_detail_M|1747388257\" data-base=\"NW_detail|1747388257\"\/>&#13;<br \/>\n                        <\/a>&#13;<\/p>\n<p>&#13;<br \/>\n                                12 \/ 18&#13;\n                            <\/p>\n<p>Ray Charles arrive \u00e0 la Gare des Brotteaux \u00e0 Lyon pour se produire le 19 octobre 1961 sur la sc\u00e8ne du palais des Congr\u00e8s. Archives Le Progr\u00e8s<\/p>\n<p>                        &#13;<br \/>\n                                           &#13;\n                <\/li>\n<p>&#13;<br \/>\n            &#13;<\/p>\n<li class=\"carousel-wrapper__slides--slide item\" id=\"slide-13\">&#13;<br \/>\n                                    &#13;<br \/>\n                        <a class=\"chocolat-image GA-tracking\" data-ga_type=\"click\" data-ga_category=\"D\u00e9tail\" data-ga_action=\"zoomer\" data-ga_label=\"aggrandir image\" href=\"https:\/\/cdn-s-www.leprogres.fr\/images\/5EB8F44D-ADA6-4CA8-A90A-4DF94EC8771F\/NW_raw\/travaux-de-sondage-sur-le-site-de-la-future-piscine-du-rhone-quai-claude-bernard-le-30-octobre-1961-les-lyonnais-vont-devoir-patienter-encore-4-ans-avant-de-pouvoir-profiter-de-la-baignade-archives-le-progres-1747388256.jpg\" title=\"Travaux de sondage sur le site de la future piscine du Rh\u00f4ne quai Claude Bernard le 30 octobre 1961. Les lyonnais vont devoir patienter encore 4 ans avant de pouvoir profiter de la baignade... Archives Le Progr\u00e8s\" target=\"_blank\" rel=\"noopener\">&#13;<br \/>\n                            <img decoding=\"async\" src=\"https:\/\/www.europesays.com\/fr\/wp-content\/uploads\/2025\/09\/travaux-de-sondage-sur-le-site-de-la-future-piscine-du-rhone-quai-claude-bernard-le-30-octobre-1961-.jpeg\"   alt=\"Travaux de sondage sur le site de la future piscine du Rh\u00f4ne quai Claude Bernard le 30 octobre 1961. Les lyonnais vont devoir patienter encore 4 ans avant de pouvoir profiter de la baignade... Archives Le Progr\u00e8s\" loading=\"lazy\" fetchpriority=\"low\" data-mobile=\"NW_detail_M|1747388256\" data-base=\"NW_detail|1747388256\"\/>&#13;<br \/>\n                        <\/a>&#13;<\/p>\n<p>&#13;<br \/>\n                                13 \/ 18&#13;\n                            <\/p>\n<p>Travaux de sondage sur le site de la future piscine du Rh\u00f4ne quai Claude Bernard le 30 octobre 1961. Les lyonnais vont devoir patienter encore 4 ans avant de pouvoir profiter de la baignade&#8230; Archives Le Progr\u00e8s<\/p>\n<p>                        &#13;<br \/>\n                                           &#13;\n                <\/li>\n<p>&#13;<br \/>\n            &#13;<\/p>\n<li class=\"carousel-wrapper__slides--slide item\" id=\"slide-14\">&#13;<br \/>\n                                    &#13;<br \/>\n                        <a class=\"chocolat-image GA-tracking\" data-ga_type=\"click\" data-ga_category=\"D\u00e9tail\" data-ga_action=\"zoomer\" data-ga_label=\"aggrandir image\" href=\"https:\/\/cdn-s-www.leprogres.fr\/images\/71716DF9-59B2-4F81-813E-98A1AC2E77DF\/NW_raw\/les-hotesses-de-caisse-sont-pretes-en-ce-jour-d-inauguration-du-supermarche-casino-avenue-jean-mermoz-a-lyon-le-13-novembre-1961-archives-le-progres-1747388256.jpg\" title=\"Les h\u00f4tesses de caisse sont pr\u00eates en ce jour d&#039;inauguration du Supermarch\u00e9 Casino avenue Jean-Mermoz \u00e0 Lyon le 13 novembre 1961. Archives Le Progr\u00e8s\" target=\"_blank\" rel=\"noopener\">&#13;<br \/>\n                            <img decoding=\"async\" src=\"https:\/\/www.europesays.com\/fr\/wp-content\/uploads\/2025\/09\/les-hotesses-de-caisse-sont-pretes-en-ce-jour-d-inauguration-du-supermarche-casino-avenue-jean-mermo.jpeg\"   alt=\"Les h\u00f4tesses de caisse sont pr\u00eates en ce jour d'inauguration du Supermarch\u00e9 Casino avenue Jean-Mermoz \u00e0 Lyon le 13 novembre 1961. Archives Le Progr\u00e8s\" loading=\"lazy\" fetchpriority=\"low\" data-mobile=\"NW_detail_M|1747388256\" data-base=\"NW_detail|1747388256\"\/>&#13;<br \/>\n                        <\/a>&#13;<\/p>\n<p>&#13;<br \/>\n                                14 \/ 18&#13;\n                            <\/p>\n<p>Les h\u00f4tesses de caisse sont pr\u00eates en ce jour d&rsquo;inauguration du Supermarch\u00e9 Casino avenue Jean-Mermoz \u00e0 Lyon le 13 novembre 1961. Archives Le Progr\u00e8s<\/p>\n<p>                        &#13;<br \/>\n                                           &#13;\n                <\/li>\n<p>&#13;<br \/>\n            &#13;<\/p>\n<li class=\"carousel-wrapper__slides--slide item\" id=\"slide-15\">&#13;<br \/>\n                                    &#13;<br \/>\n                        <a class=\"chocolat-image GA-tracking\" data-ga_type=\"click\" data-ga_category=\"D\u00e9tail\" data-ga_action=\"zoomer\" data-ga_label=\"aggrandir image\" href=\"https:\/\/cdn-s-www.leprogres.fr\/images\/FE36F30C-B5D0-462E-8F34-DB7B7E882D12\/NW_raw\/deminage-d-une-bombe-trouvee-sur-un-chantier-a-la-duchere-le-13-novembre-1961-archives-le-progres-1747388256.jpg\" title=\"D\u00e9minage d&#039;une bombe trouv\u00e9e sur un chantier \u00e0 la Duch\u00e8re le 13 novembre 1961. Archives Le Progr\u00e8s\" target=\"_blank\" rel=\"noopener\">&#13;<br \/>\n                            <img decoding=\"async\" src=\"https:\/\/www.europesays.com\/fr\/wp-content\/uploads\/2025\/09\/deminage-d-une-bombe-trouvee-sur-un-chantier-a-la-duchere-le-13-novembre-1961-archives-le-progres-17.jpeg\"   alt=\"D\u00e9minage d'une bombe trouv\u00e9e sur un chantier \u00e0 la Duch\u00e8re le 13 novembre 1961. Archives Le Progr\u00e8s\" loading=\"lazy\" fetchpriority=\"low\" data-mobile=\"NW_detail_M|1747388256\" data-base=\"NW_detail|1747388256\"\/>&#13;<br \/>\n                        <\/a>&#13;<\/p>\n<p>&#13;<br \/>\n                                15 \/ 18&#13;\n                            <\/p>\n<p>D\u00e9minage d&rsquo;une bombe trouv\u00e9e sur un chantier \u00e0 la Duch\u00e8re le 13 novembre 1961. Archives Le Progr\u00e8s<\/p>\n<p>                        &#13;<br \/>\n                                           &#13;\n                <\/li>\n<p>&#13;<br \/>\n            &#13;<\/p>\n<li class=\"carousel-wrapper__slides--slide item\" id=\"slide-16\">&#13;<br \/>\n                                    &#13;<br \/>\n                        <a class=\"chocolat-image GA-tracking\" data-ga_type=\"click\" data-ga_category=\"D\u00e9tail\" data-ga_action=\"zoomer\" data-ga_label=\"aggrandir image\" href=\"https:\/\/cdn-s-www.leprogres.fr\/images\/AD60147A-B1F0-4ED2-A014-AFE826613635\/NW_raw\/17-novembre-1961-on-repeche-une-2cv-tombee-dans-la-saone-au-niveau-du-quai-joseph-gillet-et-du-pont-de-serin-archives-le-progres-1754763482.jpg\" title=\"17 novembre 1961, on rep\u00eache une 2CV tomb\u00e9e dans la sa\u00f4ne au niveau du quai Joseph-Gillet et du pont de Serin. Archives Le Progr\u00e8s\" target=\"_blank\" rel=\"noopener\">&#13;<br \/>\n                            <img decoding=\"async\" src=\"https:\/\/www.europesays.com\/fr\/wp-content\/uploads\/2025\/09\/17-novembre-1961-on-repeche-une-2cv-tombee-dans-la-saone-au-niveau-du-quai-joseph-gillet-et-du-pont-.jpeg\"   alt=\"17 novembre 1961, on rep\u00eache une 2CV tomb\u00e9e dans la sa\u00f4ne au niveau du quai Joseph-Gillet et du pont de Serin. Archives Le Progr\u00e8s\" loading=\"lazy\" fetchpriority=\"low\" data-mobile=\"NW_detail_M|1754763482\" data-base=\"NW_detail|1754763482\"\/>&#13;<br \/>\n                        <\/a>&#13;<\/p>\n<p>&#13;<br \/>\n                                16 \/ 18&#13;\n                            <\/p>\n<p>17 novembre 1961, on rep\u00eache une 2CV tomb\u00e9e dans la sa\u00f4ne au niveau du quai Joseph-Gillet et du pont de Serin. Archives Le Progr\u00e8s<\/p>\n<p>                        &#13;<br \/>\n                                           &#13;\n                <\/li>\n<p>&#13;<br \/>\n            &#13;<\/p>\n<li class=\"carousel-wrapper__slides--slide item\" id=\"slide-17\">&#13;<br \/>\n                                    &#13;<br \/>\n                        <a class=\"chocolat-image GA-tracking\" data-ga_type=\"click\" data-ga_category=\"D\u00e9tail\" data-ga_action=\"zoomer\" data-ga_label=\"aggrandir image\" href=\"https:\/\/cdn-s-www.leprogres.fr\/images\/9D865420-A39F-45CC-B566-8EF299F40CAC\/NW_raw\/manifestation-houleuse-en-france-et-a-lyon-contre-l-oas-(organisation-de-l-armee-secrete)-groupe-extremiste-terroriste-oppose-a-l-independance-de-l-algerie-entrainant-des-heurts-entre-policiers-et-manifestants-ce-6-decembre-1961-archives-le-progres-1747388257.jpg\" title=\"Manifestation houleuse en France et \u00e0 Lyon contre l&#039;OAS (Organisation de l&#039;Arm\u00e9e Secr\u00e8te), groupe extr\u00e9miste terroriste oppos\u00e9 \u00e0 l\u2019ind\u00e9pendance de l&#039;Alg\u00e9rie, entrainant des heurts entre policiers et manifestants ce 6 d\u00e9cembre 1961. Archives Le Progr\u00e8s\" target=\"_blank\" rel=\"noopener\">&#13;<br \/>\n                            <img decoding=\"async\" src=\"https:\/\/www.europesays.com\/fr\/wp-content\/uploads\/2025\/09\/manifestation-houleuse-en-france-et-a-lyon-contre-l-oas-(organisation-de-l-armee-secrete)-groupe-ext.jpeg\"   alt=\"Manifestation houleuse en France et \u00e0 Lyon contre l'OAS (Organisation de l'Arm\u00e9e Secr\u00e8te), groupe extr\u00e9miste terroriste oppos\u00e9 \u00e0 l\u2019ind\u00e9pendance de l'Alg\u00e9rie, entrainant des heurts entre policiers et manifestants ce 6 d\u00e9cembre 1961. Archives Le Progr\u00e8s\" loading=\"lazy\" fetchpriority=\"low\" data-mobile=\"NW_detail_M|1747388257\" data-base=\"NW_detail|1747388257\"\/>&#13;<br \/>\n                        <\/a>&#13;<\/p>\n<p>&#13;<br \/>\n                                17 \/ 18&#13;\n                            <\/p>\n<p>Manifestation houleuse en France et \u00e0 Lyon contre l&rsquo;OAS (Organisation de l&rsquo;Arm\u00e9e Secr\u00e8te), groupe extr\u00e9miste terroriste oppos\u00e9 \u00e0 l\u2019ind\u00e9pendance de l&rsquo;Alg\u00e9rie, entrainant des heurts entre policiers et manifestants ce 6 d\u00e9cembre 1961. Archives Le Progr\u00e8s<\/p>\n<p>                        &#13;<br \/>\n                                           &#13;\n                <\/li>\n<p>&#13;<br \/>\n            &#13;<\/p>\n<li class=\"carousel-wrapper__slides--slide item\" id=\"slide-18\">&#13;<br \/>\n                                    &#13;<br \/>\n                        <a class=\"chocolat-image GA-tracking\" data-ga_type=\"click\" data-ga_category=\"D\u00e9tail\" data-ga_action=\"zoomer\" data-ga_label=\"aggrandir image\" href=\"https:\/\/cdn-s-www.leprogres.fr\/images\/B6EE9AEC-C552-408B-97FE-0193AF0DB6E2\/NW_raw\/en-cette-veille-de-noel-les-retardataires-peuvent-encore-acheter-un-sapin-sur-le-quai-saint-antoine-a-lyon-archives-le-progres-1747388257.jpg\" title=\"En cette veille de No\u00ebl, les retardataires peuvent encore acheter un sapin sur le quai Saint-Antoine \u00e0 Lyon. Archives Le Progr\u00e8s\" target=\"_blank\" rel=\"noopener\">&#13;<br \/>\n                            <img decoding=\"async\" src=\"https:\/\/www.europesays.com\/fr\/wp-content\/uploads\/2025\/09\/en-cette-veille-de-noel-les-retardataires-peuvent-encore-acheter-un-sapin-sur-le-quai-saint-antoine-.jpeg\"   alt=\"En cette veille de No\u00ebl, les retardataires peuvent encore acheter un sapin sur le quai Saint-Antoine \u00e0 Lyon. Archives Le Progr\u00e8s\" loading=\"lazy\" fetchpriority=\"low\" data-mobile=\"NW_detail_M|1747388257\" data-base=\"NW_detail|1747388257\"\/>&#13;<br \/>\n                        <\/a>&#13;<\/p>\n<p>&#13;<br \/>\n                                18 \/ 18&#13;\n                            <\/p>\n<p>En cette veille de No\u00ebl, les retardataires peuvent encore acheter un sapin sur le quai Saint-Antoine \u00e0 Lyon. Archives Le Progr\u00e8s<\/p>\n<p>                        &#13;<br \/>\n                                           &#13;\n                <\/li>\n<p>&#13;<br \/>\n            &#13;\n                <\/ul>\n<p>Une plong\u00e9e dans la malle \u00e0 souvenirs du Progr\u00e8s. Aujourd&rsquo;hui, balade dans les archives photographiques de 1961<\/p>\n<p>\t\tArticles les plus lusSoci\u00e9t\u00e9   <\/p>\n<p>&#13;<br \/>\n                                                                                     .menuWrapper .nav_niv2.depts_list .itemLevel3 a {<br \/>\n    padding-left: 30px;<br \/>\n}<br \/>\n.itemLevel2.dep li.itemLevel3 {<br \/>\n    float: left !important;<br \/>\n}<\/p>\n<p>@media screen and (max-width: 999px) {<\/p>\n<p>    .layout_unes .List_1.cmsblock[data-column=\u00a0\u00bb3&Prime;] {<br \/>\n        grid-template-columns: 1fr;<br \/>\n    }<\/p>\n<p>    .layout_unes .List_1.cmsblock[data-column=\u00a0\u00bb2&Prime;] {<br \/>\n        grid-template-columns: 1fr !important;<br \/>\n    }<br \/>\n.layout_unes .List_1.pubblock .sectionTitle {<br \/>\n        grid-column: span 1 !important;<br \/>\n    }<br \/>\n}<\/p>\n<p>.listPromotionBlock.nbBlock_1 .promotionBlock .promotionBlock-list-cta .promotionBlock-cta a {<br \/>\n    font-weight: 400 !important;<br \/>\n    padding: 5px 10px !important;<br \/>\n    border-radius: 30px !important;<br \/>\n    text-transform: unset !important;<br \/>\n}<\/p>\n<p>.promotionBlock.S.blockNb_1 .promotionBlock-list-cta .promotionBlock-cta a {<br \/>\n    color: #212121 !important;<br \/>\n    text-decoration: unset !important;<br \/>\n    background-color: #fff;<br \/>\n}<\/p>\n<p>.promotionBlock.S.blockNb_1 .promotionBlock-list-cta .promotionBlock-cta a:hover {<br \/>\n    color: #212121 !important;<br \/>\n    text-decoration: unset !important;<br \/>\n    background-color: #f5f5f5;<br \/>\n}<br \/>\n]]>                <\/p>\n","protected":false},"excerpt":{"rendered":"&#13; Vincent Bourbotte &#8211; &#13; &#13; Aujourd&rsquo;hui \u00e0 07:00&#13; &#13; | mis \u00e0 jour aujourd&rsquo;hui \u00e0 07:06&#13; &#8211;&hellip;\n","protected":false},"author":2,"featured_media":406875,"comment_status":"","ping_status":"","sticky":false,"template":"","format":"standard","meta":{"footnotes":""},"categories":[1889],"tags":[1111,11,2430,11986,1777,674,107,1011,27,5325,2798,2428,12,25,2429,273,3151,104],"class_list":{"0":"post-406874","1":"post","2":"type-post","3":"status-publish","4":"format-standard","5":"has-post-thumbnail","7":"category-lyon","8":"tag-actu","9":"tag-actualites","10":"tag-auvergne-rhone-alpes","11":"tag-doc-photo","12":"tag-eu","13":"tag-europe","14":"tag-fil-info","15":"tag-fr","16":"tag-france","17":"tag-galerie-media","18":"tag-galerie-photo","19":"tag-lyon","20":"tag-news","21":"tag-republique-francaise","22":"tag-rhone","23":"tag-selection-de-la-redaction","24":"tag-selection-de-la-redaction-69","25":"tag-societe"},"share_on_mastodon":{"url":"https:\/\/pubeurope.com\/@fr\/115241626977282782","error":""},"_links":{"self":[{"href":"https:\/\/www.europesays.com\/fr\/wp-json\/wp\/v2\/posts\/406874","targetHints":{"allow":["GET"]}}],"collection":[{"href":"https:\/\/www.europesays.com\/fr\/wp-json\/wp\/v2\/posts"}],"about":[{"href":"https:\/\/www.europesays.com\/fr\/wp-json\/wp\/v2\/types\/post"}],"author":[{"embeddable":true,"href":"https:\/\/www.europesays.com\/fr\/wp-json\/wp\/v2\/users\/2"}],"replies":[{"embeddable":true,"href":"https:\/\/www.europesays.com\/fr\/wp-json\/wp\/v2\/comments?post=406874"}],"version-history":[{"count":0,"href":"https:\/\/www.europesays.com\/fr\/wp-json\/wp\/v2\/posts\/406874\/revisions"}],"wp:featuredmedia":[{"embeddable":true,"href":"https:\/\/www.europesays.com\/fr\/wp-json\/wp\/v2\/media\/406875"}],"wp:attachment":[{"href":"https:\/\/www.europesays.com\/fr\/wp-json\/wp\/v2\/media?parent=406874"}],"wp:term":[{"taxonomy":"category","embeddable":true,"href":"https:\/\/www.europesays.com\/fr\/wp-json\/wp\/v2\/categories?post=406874"},{"taxonomy":"post_tag","embeddable":true,"href":"https:\/\/www.europesays.com\/fr\/wp-json\/wp\/v2\/tags?post=406874"}],"curies":[{"name":"wp","href":"https:\/\/api.w.org\/{rel}","templated":true}]}}