{"id":406882,"date":"2025-09-21T09:44:09","date_gmt":"2025-09-21T09:44:09","guid":{"rendered":"https:\/\/www.europesays.com\/fr\/406882\/"},"modified":"2025-09-21T09:44:09","modified_gmt":"2025-09-21T09:44:09","slug":"val-de-marne-lattaque-du-commissariat-provoque-un-incendie-et-conduit-un-habitant-a-lhopital","status":"publish","type":"post","link":"https:\/\/www.europesays.com\/fr\/406882\/","title":{"rendered":"Val-de-Marne\u00a0: l\u2019attaque du commissariat provoque un incendie et conduit un habitant \u00e0 l\u2019h\u00f4pital"},"content":{"rendered":"<p class=\"paragraph text_align_left lp-f-body-02\">Qu\u2019est-ce qui a pouss\u00e9 plusieurs personnes \u00e0 s\u2019en prendre au <a href=\"https:\/\/www.leparisien.fr\/val-de-marne-94\/champigny-un-homme-interpelle-apres-de-nouveaux-tirs-de-mortiers-sur-le-commissariat-05-07-2025-G5HTSGUWXZGU5KRSISENUYAGJE.php\" target=\"_self\" rel=\"noopener\">commissariat de Champigny-sur-Marne<\/a>, situ\u00e9 en plein c\u0153ur du quartier du Bois-l\u2019Abb\u00e9, ce samedi soir ? Les raisons de cette attaque restent myst\u00e9rieuses en ce dimanche matin, mais ses cons\u00e9quences, elles, sont bien r\u00e9elles.<\/p>\n<p class=\"paragraph text_align_left lp-f-body-02\">Le tir d\u2019un mortier d\u2019artifice a provoqu\u00e9 un d\u00e9part d\u2019incendie dans l\u2019un des appartements situ\u00e9s juste au-dessus de l\u2019h\u00f4tel de police. Plusieurs personnes ont \u00e9t\u00e9 incommod\u00e9es par les fum\u00e9es et l\u2019une d\u2019elles a d\u00fb \u00eatre conduite \u00e0 <a href=\"https:\/\/www.leparisien.fr\/val-de-marne-94\/cest-notre-star-en-fin-de-vie-ce-photographe-honore-ses-soignants-en-exposant-leur-portrait-a-lhopital-01-07-2025-7ABN5HXGRRH6TDWHCRBSDWL2NE.php\" target=\"_self\" rel=\"noopener\">l\u2019h\u00f4pital Saint Camille <\/a>\u00e0 Bry-sur-Marne. Ses jours ne sont pas en danger.<\/p>\n<p class=\"paragraph text_align_left lp-f-body-02\">Tout commence vers 22h30 au Bois-l\u2019Abb\u00e9. Faisant face au commissariat, plusieurs personnes attaquent cet h\u00f4tel de police, qui g\u00e8re toute la commune. Les assaillants tirent de multiples mortiers sur la fa\u00e7ade du commissariat. L\u2019un d\u2019eux atterrit dans la cuisine d\u2019un logement situ\u00e9 juste au-dessus de l\u2019h\u00f4tel de police.<\/p>\n<p>Les assaillants repouss\u00e9s avec un lanceur de balles de d\u00e9fense<\/p>\n<p class=\"paragraph text_align_left lp-f-body-02\">Imm\u00e9diatement avis\u00e9s, des policiers arrivent en renfort depuis le reste du d\u00e9partement et dispersent les attaquants du commissariat, notamment en faisant usage d\u2019un lanceur de balles de d\u00e9fense. L\u2019habitante de l\u2019appartement dans lequel le mortier est arriv\u00e9 sort rapidement de chez elle et trouve refuge aupr\u00e8s des policiers.<\/p>\n<p class=\"paragraph text_align_left lp-f-body-02\">Dans le m\u00eame temps les pompiers arrivent et commencent \u00e0 \u00e9teindre l\u2019incendie provoqu\u00e9 par le mortier. Mais deux personnes qui vivent dans ce m\u00eame immeuble sont incommod\u00e9es par les fum\u00e9es et doivent \u00eatre prises en charge par la brigade des sapeurs-pompiers de Paris. L\u2019une d\u2019elles est m\u00eame transport\u00e9e \u00e0 l\u2019h\u00f4pital Saint-Camille-de-Bry pour des soins compl\u00e9mentaires.<\/p>\n<p class=\"paragraph text_align_left lp-f-body-02\">Trois des assaillants pr\u00e9sum\u00e9s ont \u00e9t\u00e9 interpell\u00e9s par la police et plac\u00e9s en garde \u00e0 vue. Ce dimanche matin, le parquet n\u2019\u00e9tait pas encore en mesure d\u2019annoncer s\u2019ils seraient poursuivis pour participation \u00e0 un groupement en vue de commettre des violences et d\u00e9gradation du commissariat et d\u2019un appartement par tirs de mortiers.<\/p>\n<p class=\"paragraph text_align_left lp-f-body-02\">D\u00e8s cette nuit de samedi \u00e0 dimanche, la pr\u00e9fecture de police de Paris a d\u00e9p\u00each\u00e9 sur place des techniciens du laboratoire pour relever des indices sur les mortiers tir\u00e9s. Les images des cam\u00e9ras de vid\u00e9osurveillance doivent \u00e9galement \u00eatre analys\u00e9es.<\/p>\n<p class=\"paragraph text_align_left lp-f-body-02\">Le commissariat de Champigny est r\u00e9guli\u00e8rement l\u2019objet d\u2019attaques aux mortiers. D\u00e9but juillet, l\u2019h\u00f4tel de police avait \u00e9t\u00e9 la cible de plusieurs tirs d\u2019artifices alors que le quartier du Bois l\u2019Abb\u00e9 \u00e9tait plong\u00e9 dans le noir suite \u00e0 une coupure de courant. Les policiers avaient retrouv\u00e9 des munitions \u00e0 proximit\u00e9. Et apr\u00e8s deux nuits de tirs d\u2019artifices contre l\u2019h\u00f4tel de police, <a href=\"https:\/\/www.leparisien.fr\/val-de-marne-94\/champigny-sur-marne-apres-le-commissariat-des-policiers-municipaux-attaques-a-coups-de-mortiers-07-07-2025-DD2FOBQAQZCB7IDQZFUNTXDHZQ.php\" target=\"_self\" rel=\"noopener\">la police municipale<\/a> avait \u00e9t\u00e9 appel\u00e9e pour patrouiller dans le quartier du Bois l\u2019Abb\u00e9 et avait \u00e9t\u00e9 attaqu\u00e9e \u00e0 son tour.<\/p>\n","protected":false},"excerpt":{"rendered":"Qu\u2019est-ce qui a pouss\u00e9 plusieurs personnes \u00e0 s\u2019en prendre au commissariat de Champigny-sur-Marne, situ\u00e9 en plein c\u0153ur du&hellip;\n","protected":false},"author":2,"featured_media":406883,"comment_status":"","ping_status":"","sticky":false,"template":"","format":"standard","meta":{"footnotes":""},"categories":[1888],"tags":[11,1777,674,118,1011,27,1944,12,626,25,1125],"class_list":{"0":"post-406882","1":"post","2":"type-post","3":"status-publish","4":"format-standard","5":"has-post-thumbnail","7":"category-paris","8":"tag-actualites","9":"tag-eu","10":"tag-europe","11":"tag-faits-divers","12":"tag-fr","13":"tag-france","14":"tag-ma-ville","15":"tag-news","16":"tag-paris","17":"tag-republique-francaise","18":"tag-val-de-marne"},"share_on_mastodon":{"url":"https:\/\/pubeurope.com\/@fr\/115241645773092313","error":""},"_links":{"self":[{"href":"https:\/\/www.europesays.com\/fr\/wp-json\/wp\/v2\/posts\/406882","targetHints":{"allow":["GET"]}}],"collection":[{"href":"https:\/\/www.europesays.com\/fr\/wp-json\/wp\/v2\/posts"}],"about":[{"href":"https:\/\/www.europesays.com\/fr\/wp-json\/wp\/v2\/types\/post"}],"author":[{"embeddable":true,"href":"https:\/\/www.europesays.com\/fr\/wp-json\/wp\/v2\/users\/2"}],"replies":[{"embeddable":true,"href":"https:\/\/www.europesays.com\/fr\/wp-json\/wp\/v2\/comments?post=406882"}],"version-history":[{"count":0,"href":"https:\/\/www.europesays.com\/fr\/wp-json\/wp\/v2\/posts\/406882\/revisions"}],"wp:featuredmedia":[{"embeddable":true,"href":"https:\/\/www.europesays.com\/fr\/wp-json\/wp\/v2\/media\/406883"}],"wp:attachment":[{"href":"https:\/\/www.europesays.com\/fr\/wp-json\/wp\/v2\/media?parent=406882"}],"wp:term":[{"taxonomy":"category","embeddable":true,"href":"https:\/\/www.europesays.com\/fr\/wp-json\/wp\/v2\/categories?post=406882"},{"taxonomy":"post_tag","embeddable":true,"href":"https:\/\/www.europesays.com\/fr\/wp-json\/wp\/v2\/tags?post=406882"}],"curies":[{"name":"wp","href":"https:\/\/api.w.org\/{rel}","templated":true}]}}