{"id":406890,"date":"2025-09-21T09:48:10","date_gmt":"2025-09-21T09:48:10","guid":{"rendered":"https:\/\/www.europesays.com\/fr\/406890\/"},"modified":"2025-09-21T09:48:10","modified_gmt":"2025-09-21T09:48:10","slug":"les-talibans-jugent-impossible-de-rendre-aux-etats-unis-la-base-de-bagram","status":"publish","type":"post","link":"https:\/\/www.europesays.com\/fr\/406890\/","title":{"rendered":"les talibans jugent \u00abimpossible\u00bb de rendre aux \u00c9tats-Unis la base de Bagram"},"content":{"rendered":"<p>Le pr\u00e9sident am\u00e9ricain Donald Trump a menac\u00e9 samedi l\u2019Afghanistan de sanctions, sans pr\u00e9ciser lesquelles, si les talibans ne remettaient pas aux \u00c9tats-Unis cette base a\u00e9rienne, qu\u2019ils ont quitt\u00e9e lors de leur retrait du pays en 2021.<\/p>\n<p class=\"fig-paragraph\">Fin de non-recevoir. Tout accord de restitution de l&rsquo;ex-base am\u00e9ricaine de Bagram est \u00abimpossible\u00bb, a d\u00e9clar\u00e9 dimanche 21 septembre le gouvernement afghan, apr\u00e8s que le pr\u00e9sident am\u00e9ricain\u00a0<a href=\"https:\/\/www.lefigaro.fr\/tag\/donald-trump\" target=\"_blank\" rel=\"sponsored noopener\" data-gtm-custom-categorie=\"navigation\" data-gtm-custom-action=\"crossclick\" data-gtm-custom-label=\"Contextuel\" data-gtm-event=\"customEventSPE\">Donald Trump<\/a>\u00a0a menac\u00e9 l&rsquo;<a href=\"https:\/\/www.lefigaro.fr\/tag\/afghanistan\" target=\"_blank\" rel=\"sponsored noopener\" data-gtm-custom-categorie=\"navigation\" data-gtm-custom-action=\"crossclick\" data-gtm-custom-label=\"Contextuel\" data-gtm-event=\"customEventSPE\">Afghanistan<\/a>\u00a0de sanctions en cas de refus.<\/p>\n<p class=\"fig-paragraph\">\u00abR\u00e9cemment, certaines personnes ont d\u00e9clar\u00e9 avoir entam\u00e9 des n\u00e9gociations avec l&rsquo;Afghanistan pour r\u00e9cup\u00e9rer la base a\u00e9rienne de Bagram\u00bb, a d\u00e9clar\u00e9 Fasihuddin Fitrat, chef de cabinet du minist\u00e8re de la D\u00e9fense, cit\u00e9 dans les m\u00e9dias locaux. \u00abUn accord sur ne serait-ce qu&rsquo;un centim\u00e8tre carr\u00e9 du sol afghan est impossible\u00bb, a-t-il ajout\u00e9.<\/p>\n","protected":false},"excerpt":{"rendered":"Le pr\u00e9sident am\u00e9ricain Donald Trump a menac\u00e9 samedi l\u2019Afghanistan de sanctions, sans pr\u00e9ciser lesquelles, si les talibans ne&hellip;\n","protected":false},"author":2,"featured_media":406891,"comment_status":"","ping_status":"","sticky":false,"template":"","format":"standard","meta":{"footnotes":""},"categories":[1589],"tags":[11,598,75,73,1866,12,1864,1865,1863,308],"class_list":{"0":"post-406890","1":"post","2":"type-post","3":"status-publish","4":"format-standard","5":"has-post-thumbnail","7":"category-etats-unis","8":"tag-actualites","9":"tag-afghanistan","10":"tag-donald-trump","11":"tag-etats-unis","12":"tag-etats-unis-damerique","13":"tag-news","14":"tag-united-states","15":"tag-united-states-of-america","16":"tag-us","17":"tag-usa"},"share_on_mastodon":{"url":"https:\/\/pubeurope.com\/@fr\/115241661745544586","error":""},"_links":{"self":[{"href":"https:\/\/www.europesays.com\/fr\/wp-json\/wp\/v2\/posts\/406890","targetHints":{"allow":["GET"]}}],"collection":[{"href":"https:\/\/www.europesays.com\/fr\/wp-json\/wp\/v2\/posts"}],"about":[{"href":"https:\/\/www.europesays.com\/fr\/wp-json\/wp\/v2\/types\/post"}],"author":[{"embeddable":true,"href":"https:\/\/www.europesays.com\/fr\/wp-json\/wp\/v2\/users\/2"}],"replies":[{"embeddable":true,"href":"https:\/\/www.europesays.com\/fr\/wp-json\/wp\/v2\/comments?post=406890"}],"version-history":[{"count":0,"href":"https:\/\/www.europesays.com\/fr\/wp-json\/wp\/v2\/posts\/406890\/revisions"}],"wp:featuredmedia":[{"embeddable":true,"href":"https:\/\/www.europesays.com\/fr\/wp-json\/wp\/v2\/media\/406891"}],"wp:attachment":[{"href":"https:\/\/www.europesays.com\/fr\/wp-json\/wp\/v2\/media?parent=406890"}],"wp:term":[{"taxonomy":"category","embeddable":true,"href":"https:\/\/www.europesays.com\/fr\/wp-json\/wp\/v2\/categories?post=406890"},{"taxonomy":"post_tag","embeddable":true,"href":"https:\/\/www.europesays.com\/fr\/wp-json\/wp\/v2\/tags?post=406890"}],"curies":[{"name":"wp","href":"https:\/\/api.w.org\/{rel}","templated":true}]}}