{"id":406898,"date":"2025-09-21T09:52:13","date_gmt":"2025-09-21T09:52:13","guid":{"rendered":"https:\/\/www.europesays.com\/fr\/406898\/"},"modified":"2025-09-21T09:52:13","modified_gmt":"2025-09-21T09:52:13","slug":"si-nous-avions-eu-un-talent-comme-lamine-yamal-nous-laurions-perdu-assure-un-ancien-selectionneur-de-lequipe-ditalie","status":"publish","type":"post","link":"https:\/\/www.europesays.com\/fr\/406898\/","title":{"rendered":"\u00ab Si nous avions eu un talent comme Lamine Yamal, nous l\u2019aurions perdu \u00bb, assure un ancien s\u00e9lectionneur de l\u2019Equipe d\u2019Italie"},"content":{"rendered":"<p>\n\t\t\t\t\t\t\t\t  Notre site web est gratuit et fonctionne gr\u00e2ce \u00e0 l&rsquo;affichage de publicit\u00e9s. Merci de soutenir notre travail en d\u00e9sactivant votre bloqueur de publicit\u00e9s. \ud83d\ude4f\n\t\t\t\t\t\t\t\t<\/p>\n<p>Cesare Prandelli, l\u2019ancien s\u00e9lectionneur de l\u2019Italie, livre un constat sans appel sur l\u2019\u00e9tat actuel de la formation des jeunes footballeurs dans son pays. Dans un entretien accord\u00e9 au Corriere della Sera, il d\u00e9nonce une approche trop rigide et \u00e9touffante : \u00ab Si nous avions eu un talent comme Lamine Yamal dans nos \u00e9quipes de jeunes, nous l\u2019aurions perdu. Nos entra\u00eeneurs lui auraient enlev\u00e9 la joie de jouer, en l\u2019abrutissant de sch\u00e9mas, de diagonales, d\u2019occupation des espaces et d\u2019attaques plac\u00e9es \u00bb.<\/p>\n<p>\u00c0 67 ans, Prandelli parle avec lucidit\u00e9 mais aussi avec une pointe de m\u00e9lancolie. Selon lui, les \u00e9coles de football italiennes ont pris depuis trop longtemps une mauvaise direction : \u00ab Inculquer \u00e0 des enfants de 8, 9 ou 10 ans les fondamentaux d\u2019un professionnel, c\u2019est une folie \u00bb. Pour l\u2019ancien coach de la Fiorentina, l\u2019essentiel est ailleurs : redonner au jeu son caract\u00e8re ludique et spontan\u00e9.<\/p>\n<p>Aux c\u00f4t\u00e9s du pr\u00e9sident de la F\u00e9d\u00e9ration italienne, Gabriele Gravina, Prandelli pr\u00e9pare un projet destin\u00e9 aux \u00e9coles de football. Sa vision est claire : \u00ab \u00c0 des moins de 14 ans, on ne peut pas parler de faux neuf, de pressing ou de syst\u00e8mes. Il faut absolument leur rendre le plaisir de jouer. Et si un gamin veut dribbler, qu\u2019il le fasse ! Les r\u00e8gles et les sch\u00e9mas viendront plus tard \u00bb.<\/p>\n<p>\n\t\t\t\t\t\t\t\t\t<strong>\ud83d\udd25 Les sujets chauds du jour :<\/strong><\/p>\n<p>\u2022 <a href=\"https:\/\/www.calciomio.fr\/il-a-reussi-lexploit-rare-de-voler-la-couverture-a-son-coequipier-decisif-litalien-pio-esposito-creve-lecran-id-169146\" rel=\"bookmark noopener\" target=\"_blank\">\u00ab\u00a0Il a r\u00e9ussi l\u2019exploit rare de voler la couverture \u00e0 son co\u00e9quipier d\u00e9cisif\u00a0\u00bb \u2013 L\u2019Italien Pio Esposito cr\u00e8ve l\u2019\u00e9cran !<\/a><\/p>\n<p>\u2022 <a href=\"https:\/\/www.calciomio.fr\/re-giorgio-est-de-retour-scalvini-renaissance-apres-lenfer-id-169138\" rel=\"bookmark noopener\" target=\"_blank\">\u00ab Re Giorgio est de retour \u00bb : Scalvini, renaissance apr\u00e8s l\u2019enfer<\/a><\/p>\n<p>\u2022 <a href=\"https:\/\/www.calciomio.fr\/ne-pas-jouer-cest-renoncer-au-mondial-litalie-face-au-dilemme-israel-id-169142\" rel=\"bookmark noopener\" target=\"_blank\">\u00ab Ne pas jouer, c\u2019est renoncer au Mondial \u00bb : l\u2019Italie face au dilemme Isra\u00ebl<\/a><\/p>\n<p>\u2022 <a href=\"https:\/\/www.calciomio.fr\/kovac-ensorcele-par-filippo-mane-le-joyau-italien-du-borussia-dortmund-id-169136\" rel=\"bookmark noopener\" target=\"_blank\">\u00ab Kovac ensorcel\u00e9 par Filippo Man\u00e9 \u00bb : le joyau italien du Borussia Dortmund<\/a><\/p>\n<p>\u2022 <a href=\"https:\/\/www.calciomio.fr\/les-clubs-italiens-face-au-defi-de-leurope-renaissance-ou-nouvelle-desillusion-id-169133\" rel=\"bookmark noopener\" target=\"_blank\">Les clubs italiens face au d\u00e9fi de l\u2019Europe : renaissance ou nouvelle d\u00e9sillusion ?<\/a><\/p>\n","protected":false},"excerpt":{"rendered":"Notre site web est gratuit et fonctionne gr\u00e2ce \u00e0 l&rsquo;affichage de publicit\u00e9s. Merci de soutenir notre travail en&hellip;\n","protected":false},"author":2,"featured_media":406899,"comment_status":"","ping_status":"","sticky":false,"template":"","format":"standard","meta":{"footnotes":""},"categories":[1586],"tags":[11,1777,674,1779,53868,1011,27,53869,12,25,1778,364],"class_list":{"0":"post-406898","1":"post","2":"type-post","3":"status-publish","4":"format-standard","5":"has-post-thumbnail","7":"category-europe","8":"tag-actualites","9":"tag-eu","10":"tag-europe","11":"tag-european-union","12":"tag-fbok","13":"tag-fr","14":"tag-france","15":"tag-livefoot","16":"tag-news","17":"tag-republique-francaise","18":"tag-ue","19":"tag-union-europeenne"},"share_on_mastodon":{"url":"https:\/\/pubeurope.com\/@fr\/115241677241514780","error":""},"_links":{"self":[{"href":"https:\/\/www.europesays.com\/fr\/wp-json\/wp\/v2\/posts\/406898","targetHints":{"allow":["GET"]}}],"collection":[{"href":"https:\/\/www.europesays.com\/fr\/wp-json\/wp\/v2\/posts"}],"about":[{"href":"https:\/\/www.europesays.com\/fr\/wp-json\/wp\/v2\/types\/post"}],"author":[{"embeddable":true,"href":"https:\/\/www.europesays.com\/fr\/wp-json\/wp\/v2\/users\/2"}],"replies":[{"embeddable":true,"href":"https:\/\/www.europesays.com\/fr\/wp-json\/wp\/v2\/comments?post=406898"}],"version-history":[{"count":0,"href":"https:\/\/www.europesays.com\/fr\/wp-json\/wp\/v2\/posts\/406898\/revisions"}],"wp:featuredmedia":[{"embeddable":true,"href":"https:\/\/www.europesays.com\/fr\/wp-json\/wp\/v2\/media\/406899"}],"wp:attachment":[{"href":"https:\/\/www.europesays.com\/fr\/wp-json\/wp\/v2\/media?parent=406898"}],"wp:term":[{"taxonomy":"category","embeddable":true,"href":"https:\/\/www.europesays.com\/fr\/wp-json\/wp\/v2\/categories?post=406898"},{"taxonomy":"post_tag","embeddable":true,"href":"https:\/\/www.europesays.com\/fr\/wp-json\/wp\/v2\/tags?post=406898"}],"curies":[{"name":"wp","href":"https:\/\/api.w.org\/{rel}","templated":true}]}}