{"id":406912,"date":"2025-09-21T10:02:15","date_gmt":"2025-09-21T10:02:15","guid":{"rendered":"https:\/\/www.europesays.com\/fr\/406912\/"},"modified":"2025-09-21T10:02:15","modified_gmt":"2025-09-21T10:02:15","slug":"alonso-pourrait-quitter-la-f1-en-2026-si-laston-martin-est-performante","status":"publish","type":"post","link":"https:\/\/www.europesays.com\/fr\/406912\/","title":{"rendered":"Alonso pourrait quitter la F1 en 2026 \u00ab\u00a0si l&rsquo;Aston Martin est performante\u00a0\u00bb"},"content":{"rendered":"<p>Alors qu&rsquo;<a href=\"https:\/\/fr.motorsport.com\/team\/aston-martin\/806\/\" target=\"_blank\" rel=\"noopener\">Aston Martin<\/a> s&rsquo;appr\u00eate \u00e0 vivre un moment d\u00e9cisif de sa jeune histoire en Formule 1 avec la r\u00e9volution r\u00e9glementaire 2026 qui approche \u00e0 grands pas, <a href=\"https:\/\/fr.motorsport.com\/driver\/fernando-alonso\/76096\/\" target=\"_blank\" rel=\"noopener\">Fernando Alonso<\/a> a affirm\u00e9 que si la monoplace con\u00e7ue pour l&rsquo;ann\u00e9e prochaine \u00e9tait suffisamment bonne, il pourrait s&rsquo;agir de sa toute derni\u00e8re saison dans la discipline. Dans le cas contraire&#8230; eh bien, il resterait certainement\u00a0!<\/p>\n<p>L&rsquo;\u00e9curie bas\u00e9e \u00e0 Silverstone et dirig\u00e9e par Lawrence Stroll n&rsquo;a jamais cach\u00e9 que son horizon \u00e9tait 2026, et les nombreux investissements et recrutements faits depuis plusieurs ann\u00e9es en t\u00e9moignent, tout en laissant entendre que tout ne sera peut-\u00eatre pas encore \u00e0 100% au moment d&rsquo;entrer dans la prochaine \u00e8re technologique.<\/p>\n<p>Dans ce cocktail cependant prometteur entre une marque aux moyens importants, un motoriste (Honda) qui est depuis des ann\u00e9es parmi les r\u00e9f\u00e9rences, un a\u00e9rodynamicien de l\u00e9gende (Adrian Newey) et nombre de recrues talentueuses dans divers d\u00e9partement de la performance, Fernando Alonso d\u00e9note non pas en termes de talent mais en ce qu&rsquo;il est aujourd&rsquo;hui le pilote le plus \u00e2g\u00e9 de la grille (44 ans) et &#8211; quand bien m\u00eame cette \u00e9ch\u00e9ance n&rsquo;a cess\u00e9 d&rsquo;\u00eatre repouss\u00e9e &#8211; plus proche de la fin de sa carri\u00e8re que du d\u00e9but ; pas vraiment un \u00ab\u00a0pilote d&rsquo;avenir\u00a0\u00bb, donc.<\/p>\n<blockquote>\n<p>C&rsquo;est le dernier grand changement que je vais vivre, et ma derni\u00e8re chance de remporter une autre course, [&#8230;] de me battre pour un titre.<\/p>\n<\/blockquote>\n<p>Interrog\u00e9 dans le cadre d&rsquo;un entretien pour\u00a0<a href=\"https:\/\/en.as.com\/racing\/fernando-alonso-makes-serious-admission-about-2026-in-formula-1-n\/\" target=\"_blank\" rel=\"noopener\">AS.com<\/a>\u00a0sur le changement r\u00e9glementaire qui approche, Alonso n&rsquo;a pas cach\u00e9 l&rsquo;ambivalence de ce moment sur le plan personnel, lui qui n&rsquo;a plus \u00e9t\u00e9 titr\u00e9 depuis 2006 et n&rsquo;a plus gagn\u00e9 depuis 2013 : \u00ab\u00a0[C&rsquo;est] tr\u00e8s motivant. Je sais que c&rsquo;est ma derni\u00e8re chance. C&rsquo;est le facteur cl\u00e9.\u00a0\u00bb<\/p>\n<p>\u00ab\u00a0Avant, je consid\u00e9rais les changements r\u00e9glementaires comme de simples changements, en esp\u00e9rant que mon \u00e9quipe interpr\u00e8te bien les r\u00e8gles et me fournisse une voiture rapide. Mais cette fois-ci, c&rsquo;est diff\u00e9rent, car c&rsquo;est le dernier grand changement que je vais vivre, et ma derni\u00e8re chance de remporter une autre course, de savourer les moments forts, de monter sur le podium, de me battre pour un titre.\u00a0\u00bb<\/p>\n<p>\u00ab\u00a0Il y a beaucoup d&rsquo;espoirs li\u00e9s \u00e0 2026. M\u00eame si ce changement n&rsquo;est ni plus important ni moins important que les pr\u00e9c\u00e9dents, il est tr\u00e8s important pour moi sur le plan \u00e9motionnel.\u00a0\u00bb<\/p>\n<p>Alonso veut \u00ab\u00a0partir en \u00e9tant au top\u00a0\u00bb<br \/>\n   <img decoding=\"async\" draggable=\"false\" src=\"https:\/\/www.europesays.com\/fr\/wp-content\/uploads\/2025\/09\/1758448935_796_fernando-alonso-aston-martin-r.jpg\" alt=\"Fernando Alonso (Aston Martin).\" width=\"1200\" height=\"800\" loading=\"lazy\"\/> <\/p>\n<p class=\"title\">Fernando Alonso (Aston Martin).<\/p>\n<p class=\"photographer\">Photo de: Clive Rose \/ Getty Images<\/p>\n<p>D&rsquo;autant plus important que le double champion du monde assure qu&rsquo;il pourrait s&rsquo;agir de sa derni\u00e8re saison. Mais, de fa\u00e7on \u00e9tonnante, ce ne serait pas le fait de vivre une nouvelle campagne loin de la lutte pour la victoire qui le pousserait vers la sortie, mais bien son envie de ne pas quitter la F1 sur une mauvaise note. Aussi assure-t-il qu&rsquo;il aurait plus de chances de raccrocher le casque et les gants si Aston lui mettait entre les mains une voiture performante.<\/p>\n<p>\u00ab\u00a0Si la voiture est performante, il y a de fortes chances que ce soit ma derni\u00e8re ann\u00e9e. Je sais que j&rsquo;aurais plus de chances de bien figurer en 2027 ou 2028, une fois que le groupe que nous avons actuellement avec Newey sera compl\u00e8tement rod\u00e9.\u00a0\u00bb<\/p>\n<p>\u00ab\u00a0La premi\u00e8re ann\u00e9e pourrait bien se passer, mais d\u00e8s la deuxi\u00e8me ou la troisi\u00e8me, vous pouvez \u00eatre s\u00fbr que ce sera le cas. Mais je dois voir par moi-m\u00eame. Si la voiture est mauvaise, je pourrais continuer une ann\u00e9e de plus juste pour finir sur une note positive. Si la voiture est performante, 2026 sera probablement ma derni\u00e8re ann\u00e9e.\u00a0\u00bb<\/p>\n<blockquote>\n<p>Quand je quitterai la Formule 1, je veux partir tel que je suis aujourd&rsquo;hui, convaincu d&rsquo;\u00eatre le meilleur. Et avec au moins 30 ou 40% du monde ext\u00e9rieur qui continue de penser que je suis le meilleur.<\/p>\n<\/blockquote>\n<p>\u00ab\u00a0Quand je quitterai la Formule 1, je veux partir tel que je suis aujourd&rsquo;hui, convaincu d&rsquo;\u00eatre le meilleur\u00a0\u00bb, a-t-il plus tard ajout\u00e9, dans son style caract\u00e9ristique. \u00ab\u00a0Et avec au moins 30 ou 40% du monde ext\u00e9rieur qui continue de penser que je suis le meilleur. Je ne veux pas m&rsquo;arr\u00eater parce que j&rsquo;ai perdu mon talent. Je vais profiter de l&rsquo;ann\u00e9e prochaine et prendre les saisons les unes apr\u00e8s les autres. Mais oui, je veux partir en \u00e9tant au top.\u00a0\u00bb<\/p>\n<p>Depuis la parenth\u00e8se de la premi\u00e8re moiti\u00e9 de saison 2023, moment o\u00f9 Aston Martin a soudainement \u00e9t\u00e9 propuls\u00e9e comme la deuxi\u00e8me force du plateau derri\u00e8re <a href=\"https:\/\/fr.motorsport.com\/team\/red-bull\/553\/\" target=\"_blank\" rel=\"noopener\">Red Bull<\/a>, l&rsquo;\u00e9curie n&rsquo;a connu qu&rsquo;un lent d\u00e9clin, sans parvenir \u00e0 v\u00e9ritablement l&rsquo;enrayer via le d\u00e9veloppement, et ce qui s&rsquo;est pass\u00e9 en piste a donc \u00e9t\u00e9 loin refl\u00e9ter les ambitions affich\u00e9es en dehors. La campagne 2025 coche toutes les cases de l&rsquo;ann\u00e9e de transition, Alonso ne manquant pas d&rsquo;insister la lassitude qui gagne l&rsquo;\u00e9quipe de course et l&rsquo;impatience d&rsquo;\u00eatre \u00e0 l&rsquo;ann\u00e9e prochaine.<\/p>\n<p>\u00ab\u00a0L&rsquo;\u00e9quipe se dirige vers sa meilleure p\u00e9riode. Sur la piste, nous faisons ce que nous pouvons chaque week-end et oui, il y a une certaine fatigue \u2013 nous voulons que la saison se termine pour pouvoir repartir \u00e0 z\u00e9ro. Mais \u00e0 l&rsquo;usine, c&rsquo;est tout le contraire : tout est ax\u00e9 sur 2026, il y a beaucoup d&rsquo;enthousiasme et une nouvelle fa\u00e7on de travailler sous la direction de Newey. Aston Martin est clairement sur une pente ascendante.\u00a0\u00bb<\/p>\n<p style=\"text-align: right;\">Avec Alex Harrington<\/p>\n<p>Lire aussi :<\/p>\n","protected":false},"excerpt":{"rendered":"Alors qu&rsquo;Aston Martin s&rsquo;appr\u00eate \u00e0 vivre un moment d\u00e9cisif de sa jeune histoire en Formule 1 avec la&hellip;\n","protected":false},"author":2,"featured_media":406913,"comment_status":"","ping_status":"","sticky":false,"template":"","format":"standard","meta":{"footnotes":""},"categories":[1412],"tags":[53870,1709,1451,1710,1452,1453,1454,1455,1011,27,60],"class_list":{"0":"post-406912","1":"post","2":"type-post","3":"status-publish","4":"format-standard","5":"has-post-thumbnail","7":"category-f1","8":"tag-alonso-pourrait-quitter-la-f1-en-2026-si-laston-martin-est-performante","9":"tag-aston-martin","10":"tag-f1","11":"tag-fernando-alonso","12":"tag-formula-1","13":"tag-formula1","14":"tag-formule-1","15":"tag-formule1","16":"tag-fr","17":"tag-france","18":"tag-sports"},"share_on_mastodon":{"url":"https:\/\/pubeurope.com\/@fr\/115241716617269380","error":""},"_links":{"self":[{"href":"https:\/\/www.europesays.com\/fr\/wp-json\/wp\/v2\/posts\/406912","targetHints":{"allow":["GET"]}}],"collection":[{"href":"https:\/\/www.europesays.com\/fr\/wp-json\/wp\/v2\/posts"}],"about":[{"href":"https:\/\/www.europesays.com\/fr\/wp-json\/wp\/v2\/types\/post"}],"author":[{"embeddable":true,"href":"https:\/\/www.europesays.com\/fr\/wp-json\/wp\/v2\/users\/2"}],"replies":[{"embeddable":true,"href":"https:\/\/www.europesays.com\/fr\/wp-json\/wp\/v2\/comments?post=406912"}],"version-history":[{"count":0,"href":"https:\/\/www.europesays.com\/fr\/wp-json\/wp\/v2\/posts\/406912\/revisions"}],"wp:featuredmedia":[{"embeddable":true,"href":"https:\/\/www.europesays.com\/fr\/wp-json\/wp\/v2\/media\/406913"}],"wp:attachment":[{"href":"https:\/\/www.europesays.com\/fr\/wp-json\/wp\/v2\/media?parent=406912"}],"wp:term":[{"taxonomy":"category","embeddable":true,"href":"https:\/\/www.europesays.com\/fr\/wp-json\/wp\/v2\/categories?post=406912"},{"taxonomy":"post_tag","embeddable":true,"href":"https:\/\/www.europesays.com\/fr\/wp-json\/wp\/v2\/tags?post=406912"}],"curies":[{"name":"wp","href":"https:\/\/api.w.org\/{rel}","templated":true}]}}