{"id":406915,"date":"2025-09-21T10:04:14","date_gmt":"2025-09-21T10:04:14","guid":{"rendered":"https:\/\/www.europesays.com\/fr\/406915\/"},"modified":"2025-09-21T10:04:14","modified_gmt":"2025-09-21T10:04:14","slug":"om-mercato-adrien-rabiot-casse-deja-tout-a-milan","status":"publish","type":"post","link":"https:\/\/www.europesays.com\/fr\/406915\/","title":{"rendered":"OM Mercato : Adrien Rabiot casse d\u00e9j\u00e0 tout \u00e0 Milan !\u00a0"},"content":{"rendered":"<p><strong>Parti dans la tourmente de l\u2019<a href=\"https:\/\/www.butfootballclub.fr\/619371-psg-les-banderoles-cinglantes-des-ultras-contre-lom\/\" target=\"_blank\" rel=\"noopener\">Olympique de Marseille<\/a> cet \u00e9t\u00e9, Adrien Rabiot n\u2019a pas mis longtemps \u00e0 rebondir. Arriv\u00e9 au Milan AC dans les ultimes heures du mercato, le milieu fran\u00e7ais d\u00e9tonne d\u00e9j\u00e0 en Italie.<\/strong><\/p>\n<p>Adrien Rabiot n\u2019a pas mis tr\u00e8s longtemps \u00e0 rebondir apr\u00e8s son d\u00e9part tumultueux de l\u2019<a href=\"https:\/\/www.butfootballclub.fr\/619341-om-de-zerbi-enregistre-une-excellente-nouvelle-avant-daffronter-le-psg\/\" target=\"_blank\" rel=\"noopener\">OM<\/a>.\u00a0\u00c0 peine trois entra\u00eenements effectu\u00e9s que l\u2019ancien Marseillais \u00e9tait d\u00e9j\u00e0 propuls\u00e9 titulaire le week-end dernier face \u00e0 Bologne (1-0). Align\u00e9 d\u2019entr\u00e9e, l\u2019international tricolore (55 s\u00e9lections, 6 buts) va encha\u00eener une deuxi\u00e8me titularisation ce week-end sur le terrain de l\u2019Udinese (20h45). Un signe fort de la confiance absolue que lui accorde Max Allegri, qui l\u2019avait d\u00e9j\u00e0 utilis\u00e9 \u00e0 94 % du temps lors de leur passage commun \u00e0 la Juventus (119 titularisations en 127 matchs).<\/p>\n<p><a href=\"https:\/\/www.butfootballclub.fr\/618821-om-benatia-devoile-enfin-toute-la-verite-sur-laffaire-rabiot\/\" target=\"_blank\" rel=\"noopener\">La Gazzetta dello Sport<\/a> souligne d\u2019ailleurs que Rabiot est d\u00e9j\u00e0 consid\u00e9r\u00e9 comme un pilier de l\u2019entrejeu milanais apr\u00e8s\u2026 un seul match. Une int\u00e9gration express facilit\u00e9e par une relation fusionnelle avec Allegri.\u00a0 \u00ab Avec lui, je peux discuter de tout, pas seulement de football. Et c\u2019est \u00e9vident : s\u2019il m\u2019appelle, je serai toujours pr\u00eat \u00e0 \u00e9changer avec lui \u00bb, avait confi\u00e9 le Fran\u00e7ais il y a quelques semaines.<\/p>\n<p>Initialement tent\u00e9 par une poursuite de son aventure marseillaise, l\u2019ancien Parisien a finalement chang\u00e9 de cap apr\u00e8s les tensions cons\u00e9cutives \u00e0 la d\u00e9faite de l\u2019OM \u00e0 Rennes. R\u00e9sultat : Milan r\u00e9cup\u00e8re un taulier au milieu, et la Serie A tremble d\u00e9j\u00e0 devant ce duo Allegri-Rabiot qui vise clairement un retour en Ligue des champions.<\/p>\n","protected":false},"excerpt":{"rendered":"Parti dans la tourmente de l\u2019Olympique de Marseille cet \u00e9t\u00e9, Adrien Rabiot n\u2019a pas mis longtemps \u00e0 rebondir.&hellip;\n","protected":false},"author":2,"featured_media":406916,"comment_status":"","ping_status":"","sticky":false,"template":"","format":"standard","meta":{"footnotes":""},"categories":[1410],"tags":[11,448,63,1011,27,66,3388,12,60,10662],"class_list":{"0":"post-406915","1":"post","2":"type-post","3":"status-publish","4":"format-standard","5":"has-post-thumbnail","7":"category-football","8":"tag-actualites","9":"tag-champions-league","10":"tag-football","11":"tag-fr","12":"tag-france","13":"tag-ligue-1","14":"tag-matchs","15":"tag-news","16":"tag-sports","17":"tag-transferts"},"share_on_mastodon":{"url":"https:\/\/pubeurope.com\/@fr\/115241724494131433","error":""},"_links":{"self":[{"href":"https:\/\/www.europesays.com\/fr\/wp-json\/wp\/v2\/posts\/406915","targetHints":{"allow":["GET"]}}],"collection":[{"href":"https:\/\/www.europesays.com\/fr\/wp-json\/wp\/v2\/posts"}],"about":[{"href":"https:\/\/www.europesays.com\/fr\/wp-json\/wp\/v2\/types\/post"}],"author":[{"embeddable":true,"href":"https:\/\/www.europesays.com\/fr\/wp-json\/wp\/v2\/users\/2"}],"replies":[{"embeddable":true,"href":"https:\/\/www.europesays.com\/fr\/wp-json\/wp\/v2\/comments?post=406915"}],"version-history":[{"count":0,"href":"https:\/\/www.europesays.com\/fr\/wp-json\/wp\/v2\/posts\/406915\/revisions"}],"wp:featuredmedia":[{"embeddable":true,"href":"https:\/\/www.europesays.com\/fr\/wp-json\/wp\/v2\/media\/406916"}],"wp:attachment":[{"href":"https:\/\/www.europesays.com\/fr\/wp-json\/wp\/v2\/media?parent=406915"}],"wp:term":[{"taxonomy":"category","embeddable":true,"href":"https:\/\/www.europesays.com\/fr\/wp-json\/wp\/v2\/categories?post=406915"},{"taxonomy":"post_tag","embeddable":true,"href":"https:\/\/www.europesays.com\/fr\/wp-json\/wp\/v2\/tags?post=406915"}],"curies":[{"name":"wp","href":"https:\/\/api.w.org\/{rel}","templated":true}]}}