{"id":406923,"date":"2025-09-21T10:08:12","date_gmt":"2025-09-21T10:08:12","guid":{"rendered":"https:\/\/www.europesays.com\/fr\/406923\/"},"modified":"2025-09-21T10:08:12","modified_gmt":"2025-09-21T10:08:12","slug":"linterview-de-marion-cotillard-par-lea-salame-sinvite-et-laisse-la-journaliste-sans-voix","status":"publish","type":"post","link":"https:\/\/www.europesays.com\/fr\/406923\/","title":{"rendered":"l\u2019interview de Marion Cotillard par L\u00e9a Salam\u00e9 s\u2019invite et laisse la journaliste sans voix"},"content":{"rendered":"<p>        <img decoding=\"async\" loading=\"lazy\" src=\"https:\/\/www.europesays.com\/fr\/wp-content\/uploads\/2025\/09\/0d8e725_upload-1-u12hk1py0wpd-screenshot-2025-09-21-11-25-13.png\"  width=\"728\" height=\"410\" alt=\"L\u00e9a Salam\u00e9, ici sur le plateau de \u00ab\u00a0Quelle \u00c9poque\u00a0!\u00a0\u00bb sur France 2, le 20\u00a0septembre 2025.\"\/>  <\/p>\n<p>Capture d\u2019\u00e9cran X (@QuelleEpoqueOff)<\/p>\n<p>L\u00e9a Salam\u00e9, ici sur le plateau de \u00ab\u00a0Quelle \u00c9poque\u00a0!\u00a0\u00bb sur France 2, le 20\u00a0septembre 2025.<\/p>\n<p class=\"asset asset-text\">T\u00c9L\u00c9VISION &#8211; La rentr\u00e9e de L\u00e9a Salam\u00e9 dans Quelle \u00c9poque\u00a0! a commenc\u00e9 par un clin d\u2019\u0153il \u00e0 l\u2019un de ses premiers JT pour le <a href=\"https:\/\/www.huffingtonpost.fr\/medias\/article\/le-traitement-du-10-septembre-par-lea-salame-au-20-heures-de-france-2-fait-grincer-des-dents-chez-france-televisions_254688.html\" target=\"_blank\" rel=\"noopener\">20\u00a0Heures<\/a> de France 2. Lors de l\u2019\u00e9mission du samedi 20\u00a0septembre, la pr\u00e9sentatrice a commenc\u00e9 par saluer ceux qui travaillent avec elle\u00a0: le journaliste <a href=\"https:\/\/www.huffingtonpost.fr\/politique\/video\/cette-question-d-hugo-clement-sur-christophe-castaner-n-a-pas-du-tout-plu-a-emmanuel-macron-sur-france-2_251180.html\" target=\"_blank\" rel=\"noopener\">Hugo Cl\u00e9ment<\/a> &#8211; <a href=\"https:\/\/www.huffingtonpost.fr\/medias\/article\/hugo-clement-rejoint-lea-salame-dans-quelle-epoque-pour-la-saison-4-de-l-emission-de-france-2_254774.html\" target=\"_blank\" rel=\"noopener\">qui arrive cette saison dans l\u2019\u00e9mission<\/a> &#8211; et le \u00ab\u00a0sniper\u00a0\u00bb Paul de\u00a0Saint-Sernin. Ce dernier est coutumier des vannes dirig\u00e9es contre les invit\u00e9s\u2026 mais aussi contre ses coll\u00e8gues.<\/p>\n<p class=\"asset asset-text\">Mais cette fois-ci, l\u2019humoriste semble avoir envoy\u00e9 une pique sans le faire expr\u00e8s. Dans une s\u00e9quence au d\u00e9but de l\u2019\u00e9mission <strong>que vous pouvez voir ci-dessous<\/strong>, <a href=\"https:\/\/www.huffingtonpost.fr\/politique\/article\/raphael-glucksmann-admet-qu-une-candidature-a-la-presidentielle-posera-un-probleme-a-lea-salame_254410.html\" target=\"_blank\" rel=\"noopener\">L\u00e9a Salam\u00e9<\/a> lui a demand\u00e9 s\u2019il allait bien. Paul de\u00a0Saint-Sernin a r\u00e9pondu\u00a0: \u00ab\u00a0et vous\u00a0?\u00a0\u00bb, suscitant l\u2019hilarit\u00e9 de certains membres du public. Ils y ont vu une r\u00e9f\u00e9rence \u00e0 une question pol\u00e9mique de l\u2019interview de Marion Cotillard men\u00e9e par la journaliste au 20\u00a0Heures de France 2\u00a0le 17\u00a0septembre.<\/p>\n<p> La lecture de ce contenu est susceptible d\u2019entra\u00eener un d\u00e9p\u00f4t de cookies de la part de l\u2019op\u00e9rateur tiers qui l\u2019h\u00e9berge. Compte-tenu des choix que vous avez exprim\u00e9s en mati\u00e8re de d\u00e9p\u00f4t de cookies, nous avons bloqu\u00e9 l\u2019affichage de ce contenu. Si vous souhaitez y acc\u00e9der, vous devez accepter la cat\u00e9gorie de cookies \u201cContenus tiers\u201d en cliquant sur le bouton ci-dessous. <\/p>\n<p> Lire la Vid\u00e9o        <\/p>\n<p class=\"asset asset-text\">L\u2019actrice avait eu le droit \u00e0 une question de L\u00e9a Salam\u00e9 sur la fin de son <a href=\"https:\/\/www.huffingtonpost.fr\/people\/article\/marion-cotillard-et-guillaume-canet-annoncent-leur-separation_251916.html\" target=\"_blank\" rel=\"noopener\">couple avec Guillaume Canet<\/a>, suscitant son embarras mais aussi celui de t\u00e9l\u00e9spectateurs, qui ne s\u2019\u00e9taient pas priv\u00e9s de critiquer vertement l\u2019intervieweuse sur les r\u00e9seaux sociaux. \u00ab\u00a0On a appris cet \u00e9t\u00e9 votre s\u00e9paration apr\u00e8s 18\u00a0ans de vie commune\u00a0\u00bb, avait d\u00e9clar\u00e9 la journaliste, avant de demander de mani\u00e8re plut\u00f4t abrupte\u00a0: \u00ab\u00a0je voulais juste savoir si vous alliez bien Marion Cotillard\u00a0?\u00a0\u00bb<\/p>\n<p>    \u00ab\u00a0Non non, c\u2019\u00e9tait pas une vanne\u00a0!\u00a0\u00bb    <\/p>\n<p class=\"asset asset-text\">Prise de court et mal \u00e0 l\u2019aise, l\u2019actrice s\u2019\u00e9tait content\u00e9e de r\u00e9pondre, dans une s\u00e9quence devenue virale\u00a0: \u00ab\u00a0merci \u00e7a va. Ouais. Et vous, \u00e7a va\u00a0?\u00a0\u00bb Une r\u00e9ponse qui n\u2019est pas sans rappeler celle de Paul de\u00a0Saint-Sernin, et qui a conduit une partie du public \u00e0 penser qu\u2019il avait voulu lancer une pique \u00e0 L\u00e9a Salam\u00e9, ce dont l\u2019humoriste s\u2019est tr\u00e8s vite d\u00e9fendu.<\/p>\n<p class=\"asset asset-text\">\u00ab\u00a0Non non, c\u2019\u00e9tait pas une vanne\u00a0!\u00a0\u00bb, a-t-il corrig\u00e9 face aux spectateurs hilares et \u00e0 un Hugo Cl\u00e9ment tr\u00e8s amus\u00e9. \u00ab\u00a0Allez paf\u00a0! \u00c7a commence\u00a0\u00bb, a plaisant\u00e9 ce dernier, tandis que L\u00e9a Salam\u00e9, elle aussi en train de rire, expliquait qu\u2019elle venait de comprendre en quoi la situation \u00e9tait amusante.<\/p>\n<p class=\"asset asset-text\">\u00ab\u00a0Je te promets, je l\u2019aurais fait diff\u00e9remment, j\u2019aurais dit\u00a0: \u201cet vous, vous allez bien\u00a0?\u201d, j\u2019aurais plus appuy\u00e9\u00a0\u00bb, s\u2019est d\u00e9fendu Paul de\u00a0Saint-Sernin, toujours sous les applaudissements et les rires du public. Prise au d\u00e9pourvu, L\u00e9a Salam\u00e9 a tent\u00e9 de rebondir mais n\u2019y est pas parvenue. \u00ab\u00a0Elle ne sait m\u00eame plus quoi dire\u00a0\u00bb, s\u2019est amus\u00e9 Hugo Cl\u00e9ment. La pol\u00e9mique qui a secou\u00e9 la rentr\u00e9e de la journaliste de France 2\u00a0aura eu le m\u00e9rite d\u2019\u00eatre \u00e9vacu\u00e9e d\u00e8s le d\u00e9but de la nouvelle saison de Quelle \u00c9poque\u00a0!.<\/p>\n","protected":false},"excerpt":{"rendered":"Capture d\u2019\u00e9cran X (@QuelleEpoqueOff) L\u00e9a Salam\u00e9, ici sur le plateau de \u00ab\u00a0Quelle \u00c9poque\u00a0!\u00a0\u00bb sur France 2, le 20\u00a0septembre&hellip;\n","protected":false},"author":2,"featured_media":406924,"comment_status":"","ping_status":"","sticky":false,"template":"","format":"standard","meta":{"footnotes":""},"categories":[1356],"tags":[58,59,1011,27,594,3806,34774,252,1364],"class_list":{"0":"post-406923","1":"post","2":"type-post","3":"status-publish","4":"format-standard","5":"has-post-thumbnail","7":"category-television","8":"tag-divertissement","9":"tag-entertainment","10":"tag-fr","11":"tag-france","12":"tag-france-2","13":"tag-lea-salame","14":"tag-marion-cotillard","15":"tag-television","16":"tag-tv"},"share_on_mastodon":{"url":"https:\/\/pubeurope.com\/@fr\/115241740302241405","error":""},"_links":{"self":[{"href":"https:\/\/www.europesays.com\/fr\/wp-json\/wp\/v2\/posts\/406923","targetHints":{"allow":["GET"]}}],"collection":[{"href":"https:\/\/www.europesays.com\/fr\/wp-json\/wp\/v2\/posts"}],"about":[{"href":"https:\/\/www.europesays.com\/fr\/wp-json\/wp\/v2\/types\/post"}],"author":[{"embeddable":true,"href":"https:\/\/www.europesays.com\/fr\/wp-json\/wp\/v2\/users\/2"}],"replies":[{"embeddable":true,"href":"https:\/\/www.europesays.com\/fr\/wp-json\/wp\/v2\/comments?post=406923"}],"version-history":[{"count":0,"href":"https:\/\/www.europesays.com\/fr\/wp-json\/wp\/v2\/posts\/406923\/revisions"}],"wp:featuredmedia":[{"embeddable":true,"href":"https:\/\/www.europesays.com\/fr\/wp-json\/wp\/v2\/media\/406924"}],"wp:attachment":[{"href":"https:\/\/www.europesays.com\/fr\/wp-json\/wp\/v2\/media?parent=406923"}],"wp:term":[{"taxonomy":"category","embeddable":true,"href":"https:\/\/www.europesays.com\/fr\/wp-json\/wp\/v2\/categories?post=406923"},{"taxonomy":"post_tag","embeddable":true,"href":"https:\/\/www.europesays.com\/fr\/wp-json\/wp\/v2\/tags?post=406923"}],"curies":[{"name":"wp","href":"https:\/\/api.w.org\/{rel}","templated":true}]}}