{"id":406925,"date":"2025-09-21T10:09:10","date_gmt":"2025-09-21T10:09:10","guid":{"rendered":"https:\/\/www.europesays.com\/fr\/406925\/"},"modified":"2025-09-21T10:09:10","modified_gmt":"2025-09-21T10:09:10","slug":"son-album-barre-et-atypique","status":"publish","type":"post","link":"https:\/\/www.europesays.com\/fr\/406925\/","title":{"rendered":"son album \u00ab\u00a0barr\u00e9 et atypique\u00a0\u00bb"},"content":{"rendered":"<p><strong>\u00c0 contre-pied<\/strong>. Ce 11 septembre est sorti l&rsquo;album\u00a0Grandeur nature\u00a0de <a href=\"https:\/\/www.journaldesfemmes.fr\/people\/florent-pagny\/\" title=\"Florent Pagny\" target=\"_blank\" rel=\"noopener\">Florent Pagny<\/a> qui en a enregistr\u00e9 un deuxi\u00e8me dans le plus grand secret ! \u00ab\u00a0J&rsquo;ai re\u00e7u des titres o\u00f9 je me suis dit que ce n&rsquo;est pas pour cet album mais je trouve \u00e7a beau\u00a0(&#8230;) Je me suis dit que j&rsquo;allais pas abandonner (ces chansons) parce qu&rsquo;\u00e0 la fin, j&rsquo;avais un autre disque, tr\u00e8s barr\u00e9, tr\u00e8s atypique. J&rsquo;ai eu envie de le faire donc j&rsquo;ai fait ce second album mais pour le moment je me le garde sous le coude. Voil\u00e0 le scoop, je ne peux pas faire le menteur ni l&rsquo;hypocrite&#8230; Je ne sais pas mentir\u00a0\u00bb, a expliqu\u00e9 le chanteur de 63 ans dans\u00a0l&rsquo;\u00e9mission D\u00e9cibels sur France Bleu.\u00a0\u00a0<\/p>\n","protected":false},"excerpt":{"rendered":"\u00c0 contre-pied. Ce 11 septembre est sorti l&rsquo;album\u00a0Grandeur nature\u00a0de Florent Pagny qui en a enregistr\u00e9 un deuxi\u00e8me dans&hellip;\n","protected":false},"author":2,"featured_media":406926,"comment_status":"","ping_status":"","sticky":false,"template":"","format":"standard","meta":{"footnotes":""},"categories":[1355],"tags":[53871,51761,58,59,3109,52292,1011,27,51766,1031,1361,873],"class_list":{"0":"post-406925","1":"post","2":"type-post","3":"status-publish","4":"format-standard","5":"has-post-thumbnail","7":"category-musique","8":"tag-cms-journaldesfemmes-3241968","9":"tag-controller-content","10":"tag-divertissement","11":"tag-entertainment","12":"tag-florent-pagny","13":"tag-format-reportage","14":"tag-fr","15":"tag-france","16":"tag-les-histoires-du-jdf","17":"tag-magazine","18":"tag-music","19":"tag-musique"},"share_on_mastodon":{"url":"https:\/\/pubeurope.com\/@fr\/115241744110408377","error":""},"_links":{"self":[{"href":"https:\/\/www.europesays.com\/fr\/wp-json\/wp\/v2\/posts\/406925","targetHints":{"allow":["GET"]}}],"collection":[{"href":"https:\/\/www.europesays.com\/fr\/wp-json\/wp\/v2\/posts"}],"about":[{"href":"https:\/\/www.europesays.com\/fr\/wp-json\/wp\/v2\/types\/post"}],"author":[{"embeddable":true,"href":"https:\/\/www.europesays.com\/fr\/wp-json\/wp\/v2\/users\/2"}],"replies":[{"embeddable":true,"href":"https:\/\/www.europesays.com\/fr\/wp-json\/wp\/v2\/comments?post=406925"}],"version-history":[{"count":0,"href":"https:\/\/www.europesays.com\/fr\/wp-json\/wp\/v2\/posts\/406925\/revisions"}],"wp:featuredmedia":[{"embeddable":true,"href":"https:\/\/www.europesays.com\/fr\/wp-json\/wp\/v2\/media\/406926"}],"wp:attachment":[{"href":"https:\/\/www.europesays.com\/fr\/wp-json\/wp\/v2\/media?parent=406925"}],"wp:term":[{"taxonomy":"category","embeddable":true,"href":"https:\/\/www.europesays.com\/fr\/wp-json\/wp\/v2\/categories?post=406925"},{"taxonomy":"post_tag","embeddable":true,"href":"https:\/\/www.europesays.com\/fr\/wp-json\/wp\/v2\/tags?post=406925"}],"curies":[{"name":"wp","href":"https:\/\/api.w.org\/{rel}","templated":true}]}}