{"id":406927,"date":"2025-09-21T10:10:11","date_gmt":"2025-09-21T10:10:11","guid":{"rendered":"https:\/\/www.europesays.com\/fr\/406927\/"},"modified":"2025-09-21T10:10:11","modified_gmt":"2025-09-21T10:10:11","slug":"lidee-de-stallone-dun-rambo-jeune-genere-par-ia-est-definitivement-abandonnee","status":"publish","type":"post","link":"https:\/\/www.europesays.com\/fr\/406927\/","title":{"rendered":"L\u2019id\u00e9e de Stallone d\u2019un Rambo jeune g\u00e9n\u00e9r\u00e9 par IA est d\u00e9finitivement abandonn\u00e9e"},"content":{"rendered":"<p><a href=\"https:\/\/www.20minutes.fr\/people\/4009128-20221108-sylvester-stallone-refuse-34-millions-dollars-tourner-rambo-iv\" target=\"_blank\" class=\"c-link c-link--is-underlined\" rel=\"noopener\">Sylvester Stallone<\/a> a enterr\u00e9 un projet qui aurait pu r\u00e9volutionner le cin\u00e9ma d\u2019action\u2026 en tout cas \u00e0 ses yeux. L\u2019interpr\u00e8te de John Rambo a confi\u00e9 \u00e0 <a href=\"https:\/\/screenrant.com\/sylvester-stallone-reveals-ai-rambo-prequel\/\" rel=\"nofollow noopener\" target=\"_blank\" class=\"c-link c-link--is-underlined\">ScreenRant <\/a>avoir d\u00fb abandonner son id\u00e9e d\u2019utiliser <a href=\"https:\/\/www.20minutes.fr\/arts-stars\/cinema\/4151177-20250430-natasha-lyonne-va-realiser-film-sf-ia\" target=\"_blank\" class=\"c-link c-link--is-underlined\" rel=\"noopener\">l\u2019intelligence artificielle<\/a> pour cr\u00e9er une version jeune de son personnage culte pour un film prequel.<\/p>\n<p>\u00ab\u00a0Je voulais faire le premier film avec de l\u2019IA\u2026 Je voulais r\u00e9\u00e9crire l\u2019histoire du premier Rambo\u00a0\u00bb, a expliqu\u00e9 l\u2019acteur de 78 ans. Son concept\u00a0: montrer un <a href=\"https:\/\/www.20minutes.fr\/arts-stars\/cinema\/oscars\/4148520-20250414-ted-kotcheff-realisateur-canadien-premier-rambo-retour-vers-enfer-mort\" target=\"_blank\" class=\"c-link c-link--is-underlined\" rel=\"noopener\">John Rambo<\/a> adolescent totalement diff\u00e9rent de la machine de guerre traumatis\u00e9e que les spectateurs connaissent. \u00ab\u00a0Je voulais que Rambo soit le type le plus sympa de l\u2019\u00e9cole, le major de promo, le roi du bal de fin d\u2019ann\u00e9e\u00a0\u00bb, a-t-il d\u00e9taill\u00e9.<\/p>\n<p>\u00c9cart\u00e9 par les producteurs<\/p>\n<p>Toujours selon Sylvester Stallone, cette version alternative aurait permis de d\u00e9couvrir la transformation psychologique du h\u00e9ros, depuis ses ann\u00e9es lyc\u00e9e jusqu\u2019aux traumatismes de la guerre du Vietnam. \u00ab\u00a0Quand il part au Vietnam, il pense que \u00e7a va \u00eatre une mission de trois semaines, et vous le voyez se faire torturer, capturer, voir ses amis assassin\u00e9s\u00a0\u00bb, a-t-il poursuivi.<\/p>\n<p>Mais l\u2019acteur a trop tard\u00e9 \u00e0 concr\u00e9tiser son projet m\u00e9galoma\u2026 euh, pardon, futuriste. \u00ab\u00a0J\u2019ai pens\u00e9 qu\u2019on pouvait faire \u00e7a avec l\u2019IA, mais on a trop procrastin\u00e9 et ils (les producteurs) ont pris le contr\u00f4le\u00a0\u00bb, a-t-il d\u00e9plor\u00e9. Quoi qu\u2019il en soit, un film prequel John Rambo va bien voir le jour, mais sans IA et avec Noah Centineo dans le r\u00f4le-titre.<\/p>\n","protected":false},"excerpt":{"rendered":"Sylvester Stallone a enterr\u00e9 un projet qui aurait pu r\u00e9volutionner le cin\u00e9ma d\u2019action\u2026 en tout cas \u00e0 ses&hellip;\n","protected":false},"author":2,"featured_media":406928,"comment_status":"","ping_status":"","sticky":false,"template":"","format":"standard","meta":{"footnotes":""},"categories":[1354],"tags":[7016,58,59,2081,1346,1011,27,1360,973,5895,133],"class_list":{"0":"post-406927","1":"post","2":"type-post","3":"status-publish","4":"format-standard","5":"has-post-thumbnail","7":"category-films","8":"tag-culte","9":"tag-divertissement","10":"tag-entertainment","11":"tag-film","12":"tag-films","13":"tag-fr","14":"tag-france","15":"tag-movies","16":"tag-people","17":"tag-sylvester-stallone","18":"tag-video"},"share_on_mastodon":{"url":"https:\/\/pubeurope.com\/@fr\/115241748012787146","error":""},"_links":{"self":[{"href":"https:\/\/www.europesays.com\/fr\/wp-json\/wp\/v2\/posts\/406927","targetHints":{"allow":["GET"]}}],"collection":[{"href":"https:\/\/www.europesays.com\/fr\/wp-json\/wp\/v2\/posts"}],"about":[{"href":"https:\/\/www.europesays.com\/fr\/wp-json\/wp\/v2\/types\/post"}],"author":[{"embeddable":true,"href":"https:\/\/www.europesays.com\/fr\/wp-json\/wp\/v2\/users\/2"}],"replies":[{"embeddable":true,"href":"https:\/\/www.europesays.com\/fr\/wp-json\/wp\/v2\/comments?post=406927"}],"version-history":[{"count":0,"href":"https:\/\/www.europesays.com\/fr\/wp-json\/wp\/v2\/posts\/406927\/revisions"}],"wp:featuredmedia":[{"embeddable":true,"href":"https:\/\/www.europesays.com\/fr\/wp-json\/wp\/v2\/media\/406928"}],"wp:attachment":[{"href":"https:\/\/www.europesays.com\/fr\/wp-json\/wp\/v2\/media?parent=406927"}],"wp:term":[{"taxonomy":"category","embeddable":true,"href":"https:\/\/www.europesays.com\/fr\/wp-json\/wp\/v2\/categories?post=406927"},{"taxonomy":"post_tag","embeddable":true,"href":"https:\/\/www.europesays.com\/fr\/wp-json\/wp\/v2\/tags?post=406927"}],"curies":[{"name":"wp","href":"https:\/\/api.w.org\/{rel}","templated":true}]}}