{"id":406938,"date":"2025-09-21T10:16:11","date_gmt":"2025-09-21T10:16:11","guid":{"rendered":"https:\/\/www.europesays.com\/fr\/406938\/"},"modified":"2025-09-21T10:16:11","modified_gmt":"2025-09-21T10:16:11","slug":"deux-tirs-depuis-gaza-un-projectile-intercepte-par-larmee-israelienne","status":"publish","type":"post","link":"https:\/\/www.europesays.com\/fr\/406938\/","title":{"rendered":"deux tirs depuis Gaza, un projectile intercept\u00e9 par l\u2019arm\u00e9e isra\u00e9lienne"},"content":{"rendered":"<p>Des sir\u00e8nes d\u2019alerte d\u00e9clench\u00e9es ce dimanche dans les zones de Lakhish et d\u2019Ashdod. L\u2019incident n\u2019aurait fait aucun bless\u00e9, selon les autorit\u00e9s isra\u00e9liennes.<\/p>\n<p class=\"fig-paragraph\">L\u2019arm\u00e9e isra\u00e9lienne a annonc\u00e9 ce dimanche que deux projectiles avaient \u00e9t\u00e9 tir\u00e9s depuis le nord de la bande de Gaza vers Isra\u00ebl, qui a intensifi\u00e9 ces derni\u00e8res semaines ses\u00a0<a href=\"http:\/\/www.lefigaro.fr\/international\/operation-terrestre-a-gaza-israel-ne-veut-plus-controler-la-ville-mais-la-rendre-invivable-20250916\" target=\"_blank\" data-fig-type=\"Article\" rel=\"noopener nofollow\" data-gtm-custom-categorie=\"navigation\" data-gtm-custom-action=\"crossclick\" data-gtm-custom-label=\"Contextuel\" data-gtm-event=\"customEventSPE\" data-fig-domain=\"LEFIGARO\">op\u00e9rations militaires dans la ville de Gaza<\/a>.<\/p>\n<p class=\"fig-paragraph\">\u00ab\u00c0 la suite des sir\u00e8nes d\u2019alerte d\u00e9clench\u00e9es il y a peu dans les zones de Lakhish et d\u2019Ashdod, deux tirs en provenance du nord de la bande de Gaza ont \u00e9t\u00e9 identifi\u00e9s\u00bb, a indiqu\u00e9 l\u2019arm\u00e9e dans un communiqu\u00e9.\u00abUn projectile a \u00e9t\u00e9 intercept\u00e9 et l\u2019autre est tomb\u00e9 dans une zone d\u00e9gag\u00e9e. (&#8230;) Aucun bless\u00e9 n\u2019est \u00e0 d\u00e9plorer.\u00bb Ces tirs n\u2019ont pas \u00e9t\u00e9 revendiqu\u00e9s dans l\u2019imm\u00e9diat.<\/p>\n<p>                                    <a class=\"fig-a11y-skip a11y-hidden\" href=\"#fig-a11y-skip-main-inarticle\"><br \/>\n        Passer la publicit\u00e9<br \/>\n    <\/a><\/p>\n<p class=\"fig-paragraph\">Les tirs de roquette depuis la bande de Gaza vers Isra\u00ebl sont devenus de plus en plus rares apr\u00e8s pr\u00e8s de deux ans de guerre d\u00e9clench\u00e9e par l\u2019attaque sans pr\u00e9c\u00e9dent du mouvement islamiste palestinien Hamas contre Isra\u00ebl le 7 octobre 2023. Isra\u00ebl a annonc\u00e9 mardi le lancement d\u2019une campagne militaire terrestre et a\u00e9rienne \u00e0 Gaza-ville, la plus importante ville du territoire palestinien, pour y an\u00e9antir le Hamas, apr\u00e8s des semaines de violents bombardements a\u00e9riens qui se poursuivent.<\/p>\n<p class=\"fig-paragraph\">Des t\u00e9moins ont d\u00e9clar\u00e9 \u00e0 l\u2019AFP que la ville de Gaza a trembl\u00e9 pendant la nuit sous les frappes et les tirs d\u2019artillerie isra\u00e9liens. La D\u00e9fense civile de Gaza a rapport\u00e9 que six personnes ont \u00e9t\u00e9 tu\u00e9es dans les frappes depuis l\u2019aube dimanche. Samedi, pr\u00e8s de 90 personnes ont \u00e9t\u00e9 tu\u00e9es sur l\u2019ensemble du territoire palestinien, la plupart \u00e0 Gaza.<\/p>\n","protected":false},"excerpt":{"rendered":"Des sir\u00e8nes d\u2019alerte d\u00e9clench\u00e9es ce dimanche dans les zones de Lakhish et d\u2019Ashdod. L\u2019incident n\u2019aurait fait aucun bless\u00e9,&hellip;\n","protected":false},"author":2,"featured_media":406939,"comment_status":"","ping_status":"","sticky":false,"template":"","format":"standard","meta":{"footnotes":""},"categories":[5],"tags":[11,1011,27,665,14,12,28],"class_list":{"0":"post-406938","1":"post","2":"type-post","3":"status-publish","4":"format-standard","5":"has-post-thumbnail","7":"category-international","8":"tag-actualites","9":"tag-fr","10":"tag-france","11":"tag-gaza","12":"tag-international","13":"tag-news","14":"tag-world"},"share_on_mastodon":{"url":"https:\/\/pubeurope.com\/@fr\/115241771613741203","error":""},"_links":{"self":[{"href":"https:\/\/www.europesays.com\/fr\/wp-json\/wp\/v2\/posts\/406938","targetHints":{"allow":["GET"]}}],"collection":[{"href":"https:\/\/www.europesays.com\/fr\/wp-json\/wp\/v2\/posts"}],"about":[{"href":"https:\/\/www.europesays.com\/fr\/wp-json\/wp\/v2\/types\/post"}],"author":[{"embeddable":true,"href":"https:\/\/www.europesays.com\/fr\/wp-json\/wp\/v2\/users\/2"}],"replies":[{"embeddable":true,"href":"https:\/\/www.europesays.com\/fr\/wp-json\/wp\/v2\/comments?post=406938"}],"version-history":[{"count":0,"href":"https:\/\/www.europesays.com\/fr\/wp-json\/wp\/v2\/posts\/406938\/revisions"}],"wp:featuredmedia":[{"embeddable":true,"href":"https:\/\/www.europesays.com\/fr\/wp-json\/wp\/v2\/media\/406939"}],"wp:attachment":[{"href":"https:\/\/www.europesays.com\/fr\/wp-json\/wp\/v2\/media?parent=406938"}],"wp:term":[{"taxonomy":"category","embeddable":true,"href":"https:\/\/www.europesays.com\/fr\/wp-json\/wp\/v2\/categories?post=406938"},{"taxonomy":"post_tag","embeddable":true,"href":"https:\/\/www.europesays.com\/fr\/wp-json\/wp\/v2\/tags?post=406938"}],"curies":[{"name":"wp","href":"https:\/\/api.w.org\/{rel}","templated":true}]}}