{"id":406944,"date":"2025-09-21T10:19:11","date_gmt":"2025-09-21T10:19:11","guid":{"rendered":"https:\/\/www.europesays.com\/fr\/406944\/"},"modified":"2025-09-21T10:19:11","modified_gmt":"2025-09-21T10:19:11","slug":"deux-nocturnes-a-la-foire-de-saint-etienne-les-23-et-26-septembre","status":"publish","type":"post","link":"https:\/\/www.europesays.com\/fr\/406944\/","title":{"rendered":"deux nocturnes \u00e0 la Foire de Saint-Etienne les 23 et 26\u00a0septembre"},"content":{"rendered":"<p>\u00ab Au fil des ann\u00e9es, les traditionnelles nocturnes de la Foire sont pass\u00e9es d\u2019une ambiance plut\u00f4t \u00ab\u00a0lounge\u00a0\u00bb \u00e0 des soir\u00e9es bien plus anim\u00e9es et dansantes.<\/p>\n<p>Pour cette 76\u1d49 \u00e9dition, nous avons choisi d\u2019assumer pleinement cette \u00e9volution et de les rendre encore plus festives\u00a0\u00bb, explique Mika\u00ebl Henriot, pr\u00e9sident de Saint-\u00c9tienne Events, organisateur de la Foire.<\/p>\n<p>Programm\u00e9es les 23 et 26\u00a0septembre, les deux nocturnes gratuites se d\u00e9rouleront dans le nouvel espace Guinguette de la Foire, install\u00e9 \u00e0 ciel ouvert entre les halls A et B du Parc-Expo.<\/p>\n<p>L\u2019espace Guinguette, \u00ab\u00a0c\u0153ur vibrant\u00a0\u00bb de la Foire<\/p>\n<p>Stands de street food locale et internationale, bars \u00e0 th\u00e8me (bi\u00e8res, vins, cocktails), concerts et terrains de p\u00e9tanque y seront propos\u00e9s tout au long de la manifestation. \u00ab L\u2019id\u00e9e est de permettre aux visiteurs de se restaurer en terrasse, dans un cadre convivial. M\u00eame si des animations seront propos\u00e9es sur l\u2019ensemble du site, nous avons con\u00e7u cette Guinguette comme le c\u0153ur vibrant de la Foire\u00a0\u00bb, pr\u00e9cise Mika\u00ebl Henriot.<\/p>\n<p>  Irish Party le mardi 23\u00a0septembre<\/p>\n<p>Cette premi\u00e8re nocturne aux couleurs de l\u2019Irlande prendra \u00ab des allures de pub \u00e0 ciel ouvert, dans un d\u00e9cor v\u00e9g\u00e9tal inspir\u00e9 des paysages mythiques de l\u2019\u00eele d\u2019\u00c9meraude\u00a0\u00bb.<\/p>\n<p>Au programme\u00a0: un spectacle m\u00ealant mentalisme et hypnose, un violoniste en live, les danses et musiques du groupe Irish Sky, ainsi qu\u2019un DJ set \u00e9lectro propos\u00e9 par Le Club. \u00ab Une nocturne pour danser, vibrer et c\u00e9l\u00e9brer l\u2019Irlande \u00e0 la sauce st\u00e9phanoise\u00a0\u00bb, indiquent les organisateurs.<\/p>\n<p>  Green Party le 26\u00a0septembre<\/p>\n<p>Pour sa seconde nocturne, la Foire promet de gagner en intensit\u00e9 avec une soir\u00e9e spectaculaire orchestr\u00e9e par le collectif artistique Euphoria Music. Le groupe Irish Party et le spectacle de mentalisme feront leur retour. L\u2019association lig\u00e9rienne Val Grangent proposera un d\u00e9fil\u00e9 de \u00ab costumes lumineux et de personnages f\u00e9eriques\u00a0\u00bb, avant qu\u2019un percussionniste et quatre DJ n\u2019enflamment le dance floor.<\/p>\n<p>Le dress code conseill\u00e9 par les organisateurs\u00a0: \u00ab une touche de vert pour c\u00e9l\u00e9brer l\u2019esprit irlandais\u00a0!\u00a0\u00bb<\/p>\n<p class=\"note\">Nocturnes \u00e0 la Foire, les mardi\u00a023 et vendredi 26\u00a0septembre, espace Guinguette, Parc-Expo. Entr\u00e9e libre d\u00e8s 18 heures, derni\u00e8re entr\u00e9e \u00e0 21\u00a0h\u00a045.<\/p>\n","protected":false},"excerpt":{"rendered":"\u00ab Au fil des ann\u00e9es, les traditionnelles nocturnes de la Foire sont pass\u00e9es d\u2019une ambiance plut\u00f4t \u00ab\u00a0lounge\u00a0\u00bb \u00e0&hellip;\n","protected":false},"author":2,"featured_media":406945,"comment_status":"","ping_status":"","sticky":false,"template":"","format":"standard","meta":{"footnotes":""},"categories":[9653],"tags":[1111,11,2430,1687,7539,1777,674,107,1685,1011,27,3367,12,25,4001,7538],"class_list":{"0":"post-406944","1":"post","2":"type-post","3":"status-publish","4":"format-standard","5":"has-post-thumbnail","7":"category-saint-etienne","8":"tag-actu","9":"tag-actualites","10":"tag-auvergne-rhone-alpes","11":"tag-culture-loisirs","12":"tag-edition-loire-sud","13":"tag-eu","14":"tag-europe","15":"tag-fil-info","16":"tag-foire-et-salon","17":"tag-fr","18":"tag-france","19":"tag-loire","20":"tag-news","21":"tag-republique-francaise","22":"tag-saint-etienne","23":"tag-saint-etienne-ville"},"share_on_mastodon":{"url":"https:\/\/pubeurope.com\/@fr\/115241783402469303","error":""},"_links":{"self":[{"href":"https:\/\/www.europesays.com\/fr\/wp-json\/wp\/v2\/posts\/406944","targetHints":{"allow":["GET"]}}],"collection":[{"href":"https:\/\/www.europesays.com\/fr\/wp-json\/wp\/v2\/posts"}],"about":[{"href":"https:\/\/www.europesays.com\/fr\/wp-json\/wp\/v2\/types\/post"}],"author":[{"embeddable":true,"href":"https:\/\/www.europesays.com\/fr\/wp-json\/wp\/v2\/users\/2"}],"replies":[{"embeddable":true,"href":"https:\/\/www.europesays.com\/fr\/wp-json\/wp\/v2\/comments?post=406944"}],"version-history":[{"count":0,"href":"https:\/\/www.europesays.com\/fr\/wp-json\/wp\/v2\/posts\/406944\/revisions"}],"wp:featuredmedia":[{"embeddable":true,"href":"https:\/\/www.europesays.com\/fr\/wp-json\/wp\/v2\/media\/406945"}],"wp:attachment":[{"href":"https:\/\/www.europesays.com\/fr\/wp-json\/wp\/v2\/media?parent=406944"}],"wp:term":[{"taxonomy":"category","embeddable":true,"href":"https:\/\/www.europesays.com\/fr\/wp-json\/wp\/v2\/categories?post=406944"},{"taxonomy":"post_tag","embeddable":true,"href":"https:\/\/www.europesays.com\/fr\/wp-json\/wp\/v2\/tags?post=406944"}],"curies":[{"name":"wp","href":"https:\/\/api.w.org\/{rel}","templated":true}]}}