{"id":406954,"date":"2025-09-21T10:25:09","date_gmt":"2025-09-21T10:25:09","guid":{"rendered":"https:\/\/www.europesays.com\/fr\/406954\/"},"modified":"2025-09-21T10:25:09","modified_gmt":"2025-09-21T10:25:09","slug":"thierry-tsagalos-probable-candidat-aux-municipales-dun-rn-acceptable","status":"publish","type":"post","link":"https:\/\/www.europesays.com\/fr\/406954\/","title":{"rendered":"Thierry Tsagalos probable candidat aux municipales d&rsquo;un RN \u00ab\u00a0acceptable\u00a0\u00bb\u00a0?"},"content":{"rendered":"<p>            Par<br \/>\n        <strong><br \/>\n            <a href=\"https:\/\/actu.fr\/auteur\/c-nithard\" title=\"Consulter tous les articles de C\u00e9dric Nithard\" rel=\"nofollow noopener\" target=\"_blank\">C\u00e9dric Nithard<\/a><br \/>\n        <\/strong><\/p>\n<p>        Publi\u00e9 le<\/p>\n<p>            21 sept. 2025 \u00e0 11h59        <\/p>\n<p>S\u2019il n\u2019a jamais \u00e9t\u00e9 v\u00e9ritablement au premier plan, <strong>Thierry Tsagalos<\/strong> n\u2019est pas un inconnu dans <strong>le paysage politique montpelli\u00e9rain<\/strong>. D\u2019abord \u00e0 l\u2019UMP, il s\u2019est fait conna\u00eetre \u00e0 l\u2019UDI sur la liste de Joseph Francis aux municipales en 2014 sur laquelle figuraient des personnalit\u00e9s comme l\u2019\u00e9cologiste Fran\u00e7ois Vasquez ou l\u2019ancien d\u00e9put\u00e9 LREM Jean-Fran\u00e7ois Eliaou, avant un passage \u00e9ph\u00e9m\u00e8re justement \u00e0 LREM avant de rejoindre en 2020 le <strong>Rassemblement National<\/strong>. Un parti pour lequel il esp\u00e8re \u00eatre le candidat qui fera basculer <strong>Montpellier<\/strong> aux <strong>municipales<\/strong>. Et m\u00eame si la capitale h\u00e9raultaise, historiquement \u00e0 gauche, r\u00e9siste contrairement au reste du d\u00e9partement, Thierry Tsagalos entend bien percer ce coffre-fort. \u00c9galement connu pour faire vivre le d\u00e9bat politique en tant qu\u2019administrateur de pages sur les r\u00e9seaux sociaux o\u00f9 se confrontent tous les bords, il plaide pour un Rassemblement National \u00ab\u00a0respectable\u00a0\u00bb d\u00e9barrass\u00e9 des spectres du Front National d\u2019autant plus en pointant les dissensions au sein d\u2019une gauche dont il cible particuli\u00e8rement La France Insoumise.<\/p>\n<p class=\" wall-content\"><strong>M\u00e9tropolitain : Vous \u00eates le responsable RN \u00e0 Montpellier, commen\u00e7ons directement, serez-vous candidat aux municipales en mars prochain ?<\/strong><\/p>\n<p class=\" wall-content\"><strong>Thierry Tsagalos<\/strong> : J\u2019ai demand\u00e9 une investiture au Rassemblement National. Je souhaite et j\u2019esp\u00e8re \u00eatre investi afin de conduire une liste. J\u2019ai d\u00e9j\u00e0 plus d\u2019une cinquantaine de personnes pr\u00eates \u00e0 me suivre sur la liste et une trentaine de plus en soutien actif pour la campagne. C\u2019est une investiture \u00e0 la fois RN et UDR le parti d\u2019\u00c9ric Ciotti en ayant le soutien de Julien Gabarron, d\u00e9put\u00e9 de la 6e circonscription de l\u2019H\u00e9rault et d\u00e9l\u00e9gu\u00e9 d\u00e9partemental du RN, et de Charles Alloncle, d\u00e9put\u00e9 de la 9e circonscription dont je suis le suppl\u00e9ant. Nous sommes rejoints localement par le parti Identit\u00e9 Libert\u00e9s de Marion Mar\u00e9chal. Parmi les personnes autour de moi, il y a aussi des personnes issues de Debout La France de Nicolas Dupont-Aignan, des anciens LR, UDI mais aussi d\u2019anciens Fr\u00eachistes.<\/p>\n<p class=\" wall-content\"><strong>Des anciens Fr\u00eachistes ?<\/strong><\/p>\n<p class=\" wall-content\">Au del\u00e0 des \u00e9tiquettes, les Montpelli\u00e9rains veulent quelqu\u2019un qu\u2019ils connaissent, qu\u2019ils identifient et auquel ils font confiance. Je pense cocher ces cases par rapport \u00e0 mes combats, les \u00e9lections auxquelles j\u2019ai particip\u00e9 et mes interventions dans les m\u00e9dias. Il y a une gauche plus ancienne que celle d\u2019aujourd\u2019hui qui me paraissait plus raisonnable, plus r\u00e9publicaine, plus la\u00efque et qui ne tombait pas dans le wokisme. Les gens en rigolaient il y a quelques ann\u00e9es mais ils voient aujourd\u2019hui que ce n\u2019est pas qu\u2019une vue de l\u2019esprit. Regardez, Paul Watson, qui est une grande figure \u00e9colo, est invit\u00e9 \u00e0 La F\u00eate de l\u2019Humanit\u00e9 et il se fait huer par une partie. Les choses ne sont jamais uniformes ou monolithiques. Aujourd\u2019hui, la gauche s\u2019autocancel de l\u2019int\u00e9rieur.<\/p>\n<p class=\" wall-content\"><strong>C\u2019est aussi l\u2019histoire de tous les courants politiques que d\u2019avoir des d\u00e9bats et fractures internes. Le Front National n\u2019y a pas \u00e9chapp\u00e9 \u00e0 son \u00e9poque.<\/strong><\/p>\n<p class=\" wall-content\">Sauf que l\u2019on ne rentre pas dans la \u00ab\u00a0cancel culture\u00a0\u00bb. Marine Le Pen a fait des choix et des arbitrages par rapport \u00e0 son p\u00e8re, mais elle n\u2019a pas \u00ab\u00a0cancel\u00a0\u00bb son p\u00e8re. Ce sont deux choses diff\u00e9rentes. Le Rassemblement National aujourd\u2019hui est un parti plus populaire, plus large et beaucoup plus accept\u00e9. Il y a quelques ann\u00e9es G\u00e9rald Darmanin a d\u00e9battu avec Jean-Marie Le Pen et sur certaines choses il avait raison, pourtant il est aujourd\u2019hui avec Emmanuel Macron. J\u2019ai relu cet \u00e9t\u00e9 plusieurs livres de Georges Fr\u00eache, Jean-Claude Gayssot, Pierre B\u00e9r\u00e9govoy, Claude All\u00e8gre\u2026 et c\u2019est pareil, c\u2019est une gauche qui n\u2019a rien \u00e0 voir avec celle d\u2019aujourd\u2019hui. Aujourd\u2019hui, la gauche se divise et d\u00e9boulonne des statues. On le voit ici, Micha\u00ebl Delafosse passe son temps \u00e0 se disputer avec LFI ensuite il est alli\u00e9 avec eux, et demain ? Ce n\u2019est pas faux ce que je dis.<\/p>\n<p class=\" wall-content\"><strong>En politique, il y a quand m\u00eame les circonstances \u00e0 prendre en compte.<\/strong><\/p>\n<p class=\" wall-content\">Il y a certes les circonstances, mais quand on est alli\u00e9s on ne passe pas son temps \u00e0 se traiter d\u2019antis\u00e9mite ou d\u2019islamophobe tous les deux jours. Cela va loin, ce ne sont pas de petites dissensions. Mais, demain, Micha\u00ebl Delafosse n\u2019est pas pr\u00eat \u00e0 ne plus s\u2019engager avec LFI et pour autant il gouverne \u00e0 la M\u00e9tropole avec Ren\u00e9 Revol, qui est un vice-pr\u00e9sident important portant le projet d\u2019incin\u00e9rateur \u00e0 plastiques. Au passage sur ce dossier, je partage les inqui\u00e9tudes \u00e9mises quant \u00e0 la sant\u00e9 publique par d\u2019autres composantes politiques \u00e0 Montpellier.<\/p>\n<p class=\" wall-content\"><strong>C\u2019est par ailleurs vous le Rassemblement National qui \u00eates la raison de cette alliance aux \u00e9lections au nom du barrage r\u00e9publicain.<\/strong><\/p>\n<p class=\" wall-content\">C\u2019est dommage qu\u2019ils n\u2019aient pas grande chose \u00e0 proposer au-del\u00e0 que de s\u2019opposer au Rassemblement National. Mais finalement c\u2019est en train de s\u2019\u00e9crouler. Les castors se sont alli\u00e9s de LFI jusqu\u2019\u00e0 une partie des LR en juillet 2024. J\u2019appelle \u00e7a les accords de la honte. Ce sont des gens qui ne partagent rien et cela donne la cacophonie \u00e0 l\u2019Assembl\u00e9e nationale et au gouvernement. Ils sont incapables d\u2019avoir une majorit\u00e9 et de s\u2019entendre sur des id\u00e9es. Aujourd\u2019hui, majoritairement, les jeunes et moins jeunes soutiennent le Rassemblement National qui a une coh\u00e9rence intellectuelle.<\/p>\n<p>Vid\u00e9os : en ce moment sur Actu<\/p>\n<p class=\" wall-content\"><strong>Quelle est votre volont\u00e9 en constituant votre liste ?<\/strong><\/p>\n<p class=\" wall-content\">Ma volont\u00e9 c\u2019est de rassembler des personne qui ont des comp\u00e9tences et des convictions telles que de d\u00e9fendre la France, Montpellier et les int\u00e9r\u00eats des habitants, c\u2019est \u00e0 dire r\u00e9duire la dette.<\/p>\n<p>Votre r\u00e9gion, votre actu !<\/p>\n<p>Recevez chaque jour les infos qui comptent pour vous.<\/p>\n<p>\t<a href=\"https:\/\/actu.fr\/newsletter\" class=\"ac-btn ac-btn--corner ac-btn--medium ac-btn--blue800\" rel=\"nofollow noopener\" target=\"_blank\">S&rsquo;incrire<\/a><\/p>\n<p class=\" wall-content\"><strong>Justement, avez-vous d\u00e9j\u00e0 des propositions ou des pistes pour un programme ?<\/strong><\/p>\n<p class=\" wall-content\">J\u2019ai trois premi\u00e8res propositions. D\u2019abord de tripler la police municipale pour atteindre les 650 agents. On veut respecter les fonctionnaires. Je suis tr\u00e8s \u00e9tonn\u00e9 depuis de nombreuses ann\u00e9es de voir des fonctionnaires en d\u00e9pression ou dont les dossiers d\u2019avancement sont parfois mis en retrait, voire des fonctionnaires qui aimeraient travailler, mais sont mis de c\u00f4t\u00e9. Aujourd\u2019hui plus de 300 agents ne travaillent pas et pourtant un certain nombre sont pr\u00eats \u00e0 le faire. Si demain on veut embaucher plusieurs centaines de personnes dans la police municipale, nous aurons besoin de cadres, de dirigeants, de personnes sur le terrain\u2026 L\u2019id\u00e9e est de puiser les bonnes id\u00e9es, m\u00eame \u00e0 gauche, et les talents dans tout le vivier de la m\u00e9tropole et de la mairie. Si on peut proposer \u00e0 des agents de changer d\u2019orientation, on aurait tort de s\u2019en priver. Il y a des choses qu\u2019il faudra supprimer, mais cela ne veut pas dire que l\u2019on enl\u00e8ve des postes, on leur demandera de nous rejoindre sur des r\u00f4les plus utiles pour les Montpelli\u00e9rains. Prenons l\u2019exemple de la Maison de la D\u00e9mocratie, personne ne sait \u00e0 quoi \u00e7a sert, pourquoi on ne fl\u00e8cherait pas les agents qui y travaillent sur de la police municipale, des cr\u00e8ches ou d\u2019autres services ? Vous verrez que si demain on fait confiance aux fonctionnaires, il y a \u00e9norm\u00e9ment de talents qui peuvent s\u2019\u00e9veiller et sans doute faire mieux que des agences externes de conseils ou de communication. Parmi les fonctionnaires il y a sans doute \u00e9norm\u00e9ment de cr\u00e9atifs donc imaginez les \u00e9conomies que l\u2019on peut faire. Et il y a bien d\u2019autres gisements d\u2019\u00e9conomie que je suis en train de cataloguer mais l\u2019id\u00e9e que les Montpelli\u00e9rains doivent comprendre, c\u2019est que ce sont des \u00e9conomies sans toucher \u00e0 leur confort. C\u2019est une mesure tr\u00e8s forte car on aimerait sur un premier mandat diviser la dette par deux.<\/p>\n<p class=\" wall-content\"><strong>Montpellier \u00e9tant historiquement \u00e0 gauche, vous y allez avec quelle ambition ?<\/strong><\/p>\n<p class=\" wall-content\">On y va avec l\u2019ambition de gagner la ville. Et je suis parfaitement clair, je pense que la ville est basculable. Pourquoi ? Parce que notre liste rassemble des amoureux de Montpellier, des personnes qui veulent rendre sa grandeur \u00e0 Montpellier et, en r\u00e9alit\u00e9, cela d\u00e9passe largement le cadre du RN. Comme je l\u2019ai dit, on rassemble des personnes de tous horizons. Quand on a avec nous des personnes qui ont vot\u00e9 \u00e0 gauche par le pass\u00e9, ce ne sont pas des personnes dogmatiques donc je pense que la ville peut basculer. Pas sur un duel mais sur une triangulaire ou une quadrangulaire, on peut la faire basculer.<\/p>\n<p class=\" wall-content\"><strong>C\u2019est une description que fait aussi Isabelle Perrein quand elle parle des personnes autour d\u2019elle. Joseph Francis \u00e9tant derri\u00e8re elle, vous, alors \u00e0 l\u2019UDI, \u00e9tiez sur sa liste en 2014 aux municipales, des ponts sont-ils possibles ?<\/strong><\/p>\n<p class=\" wall-content\">Tout d\u2019abord, j\u2019ai \u00e9norm\u00e9ment de respect pour le chef d\u2019entreprise Joseph Francis. J\u2019ai bien travaill\u00e9 avec lui en 2014 mais la diff\u00e9rence c\u2019est que l\u2019UDI \u00e9tait alors beaucoup plus \u00e0 droite qu\u2019aujourd\u2019hui. On menait d\u00e9j\u00e0 une lutte civilisationnelle contre le wokisme. J\u2019ai retrouv\u00e9 des posts de 2013 o\u00f9 d\u00e9j\u00e0 je regardais les dangers de la th\u00e9orie du genre. D\u2019ailleurs, aujourd\u2019hui, beaucoup d\u2019amis homosexuels sont aussi dans ce combat et ne comprennent pas pourquoi on en arrive \u00e0 des d\u00e9rives. Plus personnes ne comprend rien et beaucoup d\u2019homosexuels votent d\u00e9sormais RN parce que la gauche devient dingue, ce n\u2019est plus celle qu\u2019ils ont connu il y a vingt ans. Pour revenir \u00e0 votre question, j\u2019ai rencontr\u00e9 Isabelle Perrein il y a un an et demi quand elle a d\u00e9marr\u00e9 en politique. Je l\u2019ai trouv\u00e9 sympathique. On s\u2019est revus par la suite et je lui ai propos\u00e9 de rejoindre l\u2019UDR en lien avec mon d\u00e9put\u00e9 Charles Alloncle. Elle n\u2019a pas voulu pour, m\u2019a t-elle dit, ne pas perdre son \u00e9lectorat de centre gauche. J\u2019ai donc compris qu\u2019il n\u2019y avait plus d\u2019union des droites et donc qu\u2019elle \u00e9tait plut\u00f4t dans le centre gauche et un peu le centre. Je pense que c\u2019est aussi pour \u00e7a qu\u2019elle a obtenu le soutien officiel de l\u2019UDI. Chacun ses id\u00e9es, mais selon moi elle va diviser le p\u00f4le central macroniste et sera peut-\u00eatre une candidature mortelle pour Patricia Mirall\u00e8s.<\/p>\n<p class=\" wall-content\"><strong>Sur la s\u00e9curit\u00e9, vous n\u2019avez pas l\u2019impression qu\u2019elle chasse sur les terres du RN ?<\/strong><\/p>\n<p class=\" wall-content\">Non, car elle ne veut pas toucher aux financements des associations wokistes, des associations comme SOS Migrants ou SOS M\u00e9diterran\u00e9e. Nous pensons que pour bien s\u2019occuper des Montpelli\u00e9rains, y compris des immigr\u00e9s car le but n\u2019est pas de renvoyer les gens chez eux, avant d\u2019aller chercher de nouvelles personnes, alors qu\u2019il n\u2019y a pas de logement ou d\u2019emploi pour tout le monde, occupons-nous d\u00e9j\u00e0 des habitants. Sur ce sujet de l\u2019immigration, il n\u2019y a que nous, plus personne ne veut y toucher, car ils ont peur.<\/p>\n<p class=\" wall-content\"><strong>Est-ce parce que le RN a bascul\u00e9 du nationalisme au patriotisme que vous arrivez aujourd\u2019hui \u00e0 vous d\u00e9marquer sur cette question ?<\/strong><\/p>\n<p class=\" wall-content\">\u00c0 Montpellier, nous sommes sur une union des patriotes. Je me souviens des \u00e9lections en 2020, tout le monde a parl\u00e9 de s\u00e9curit\u00e9. Apr\u00e8s il faut \u00eatre en coh\u00e9rence avec soi-m\u00eame. Le Parti Socialiste n\u2019est pas un parti tr\u00e8s fort sur la s\u00e9curit\u00e9. Par exemple, Christiane Taubira a supprim\u00e9 tellement de places de prison, qu\u2019on est en train de payer tout \u00e7a.<\/p>\n<p class=\" wall-content\"><strong>Pourtant, sur la s\u00e9curit\u00e9, Micha\u00ebl Delafosse se fait attaquer par une partie de la gauche.<\/strong><\/p>\n<p class=\" wall-content\">Parce que cette partie de la gauche est folle et c\u2019est un tr\u00e8s gros point faible pour Micha\u00ebl Delafosse. Il est alli\u00e9 \u00e0 des fous. Rendez-vous compte, sur des sujets y compris comme l\u2019\u00e9conomie, son ancienne adjointe Coralie Mantion a manifest\u00e9 contre l\u2019a\u00e9roport de Montpellier alors qu\u2019il faudrait d\u00e9velopper davantage cet a\u00e9roport, dont on a besoin pour d\u00e9velopper le tourisme et faire venir de grandes entreprises. Cette gauche compl\u00e8tement folle qui se bat contre des rocades qui permettent d\u2019\u00e9viter des embouteillages, contre des statues, contre des a\u00e9roports et pour des pays \u00e9trangers. Est-ce qu\u2019il n\u2019y a pas mieux \u00e0 faire en France ? Et cela pour z\u00e9ro influence \u00e0 part se faire plaisir. Apr\u00e8s, ce que fait Micha\u00ebl Delafosse en mati\u00e8re de s\u00e9curit\u00e9, ce n\u2019est pas fou. On est tr\u00e8s loin du compte.<\/p>\n<p class=\" wall-content\"><strong>La s\u00e9curit\u00e9 n\u2019\u00e9tant pas un probl\u00e8me propre \u00e0 Montpellier, tous les maires, quelque soit leur \u00e9tiquette politique, y est confront\u00e9. Ne craignez-vous pas de vous enfermer dans ce pi\u00e8ge si vous \u00eates \u00e9lu ?<\/strong><\/p>\n<p class=\" wall-content\">Si vous prenez le cas de Beaucaire, dirig\u00e9e par Julien Sanchez, l\u2019ins\u00e9curit\u00e9 a beaucoup diminu\u00e9, parce que vous augmentez les effectifs de la police municipale, le nombre de cam\u00e9ras et que vous ass\u00e9chez les associations qui font venir beaucoup d\u2019immigration. Et attention, ce n\u2019est pas parce que vous \u00eates \u00e9tranger que vous \u00eates un d\u00e9linquant, mais quand vous arrivez en France sans emploi, sans logement et que vous \u00eates \u00e0 la rue, vous finissez victime ou bourreau. Comment faire autrement ? Donc cela ne sert \u00e0 rien de faire venir des personnes si on n\u2019a pas d\u2019emploi d\u00e9j\u00e0 pour nous. Quel est l\u2019int\u00e9r\u00eat sinon de semer le chaos. M\u00eame des gens de gauche peuvent le comprendre. Ce n\u2019est pas une question de gauche ou de droite mais comme le RN le d\u00e9fend donc les autres ne veulent pas dire la m\u00eame chose. Si c\u2019est la logique, il faut \u00eatre capable de le dire. Il y a une impunit\u00e9 totale sur les mineurs qui peuvent d\u00e9j\u00e0 avoir commis plusieurs d\u00e9lits. Ce n\u2019est pas un combat d\u2019aujourd\u2019hui. En 2018, j\u2019ai fait une conf\u00e9rence de presse pour une maman dont le fils a \u00e9t\u00e9 poignard\u00e9 par un mineur albanais. Quand un gamin de 16 ans n\u2019a plus aucune logique, plus aucune r\u00e8gle, qu\u2019il peut se filmer en insultant la police, aller o\u00f9 il veut et commettre des d\u00e9lits comment voulez-vous qu\u2019un jeune s\u2019ins\u00e8re dans la soci\u00e9t\u00e9 ? Et la plupart du temps ces jeunes viennent de pays o\u00f9 les r\u00e8gles sont extr\u00eamement dures et qui pour certaines ne sont pas acceptables comme la peine de mort pour les homosexuels dans certains pays donc pour certains on a raison de les accueillir, je ne suis pas extr\u00eame, je fais la part des choses. D\u2019autant que certains de ces pays ont plus de croissance \u00e9conomique que nous. D\u2019ailleurs, aujourd\u2019hui, des usines Renault sont au Maghreb et pas \u00e0 Montpellier. Et si on voulait en implanter une, je ne sais pas si une partie de la gauche ne serait pas contre.<\/p>\n<p class=\" wall-content\"><strong>Que repr\u00e9sente aujourd\u2019hui le RN \u00e0 Montpellier ?<\/strong><\/p>\n<p class=\" wall-content\">Aux Europ\u00e9ennes nous avons fait 15,9%, je trouve que c\u2019est un score qui n\u2019est pas si petit que \u00e7a \u00e0 l\u2019\u00e9chelle de la m\u00e9tropole et sur un scrutin \u00e0 la proportionnelle int\u00e9grale. Aux l\u00e9gislatives, que ce soit Charles Alloncle et nos autres candidats \u00e0 la d\u00e9putation, en moyenne sur leurs circonscriptions au deuxi\u00e8me tour, on fr\u00f4le les 30%. Charle Alloncle fait 30,9% uniquement sur les bureaux \u00e0 Montpellier avec des bureaux tr\u00e8s \u00e0 gauche. Malgr\u00e9 tout, nous arrivons \u00e0 augmenter nos scores. Nous sommes tr\u00e8s soutenus. Quand on tracte sur les march\u00e9s, les gens nous aiment bien.<\/p>\n<p class=\" wall-content\"><strong>Jusqu\u2019\u00e0 pr\u00e9sent, le RN \u00e0 Montpellier, c\u2019\u00e9tait Alain et France Jamet, puis Djamel Boumaaz ou Olaf Rokvam aux pr\u00e9c\u00e9dentes municipales. Vous inscrivez-vous dans cette continuit\u00e9 ou revendiquez-vous une autre lign\u00e9e ?<\/strong><\/p>\n<p class=\" wall-content\">Avant toute chose, Djamel Boumaaz n\u2019a jamais eu sa carte au RN et je pense que c\u2019est quelqu\u2019un de peu recommandable. C\u2019est un ind\u00e9sirable au RN sur des sujets comme l\u2019antis\u00e9mitisme que nous combattons farouchement. Quant \u00e0 Olaf Rokvam, je ne vais pas revenir dessus car le RN lui a enlev\u00e9 l\u2019investiture <a href=\"https:\/\/actu.fr\/occitanie\/montpellier_34172\/municipales-montpellier-djamel-boumaaz-piment-liste-dolaf-rokvam_31815897.html\" rel=\"nofollow noopener\" target=\"_blank\">en raison de la pr\u00e9sence de Djamel Boumaaz sur la liste<\/a>. Quand on d\u00e9couvre ensuite, par des bandes sonores sorties dans la presse, qu\u2019il a oeuvr\u00e9 dans l\u2019ombre avec des personnes aujourd\u2019hui \u00e9lues et employ\u00e9es \u00e0 la mairie de Montpellier (ndlr : en janvier 2020,<a href=\"https:\/\/actu.fr\/occitanie\/montpellier_34172\/municipales-montpellier-eelv-ecartee-par-instances-nationales-clothilde-ollier-contre-attaque_30873626.html\" rel=\"nofollow noopener\" target=\"_blank\"> apr\u00e8s que Clothilde Ollier, en d\u00e9saccord avec Manu Reynaud sur les alliances \u00e0 conduire dans la campagne, ait perdu l\u2019investiture EELV<\/a> et chang\u00e9 de directeur de campagne pour Jean-Yves Dormagen, apr\u00e8s la fuite d\u2019un sondage command\u00e9 par la candidate, ce dernier rencontra Djamel Boumaaz qui avait publi\u00e9 les r\u00e9sultats sur les r\u00e9seaux sociaux. Voyant que la conversation \u00e9tait enregistr\u00e9e \u00e0 son insu, Djamel Boumaaz s\u2019empara du t\u00e9l\u00e9phone de Jean-Yves Dormagen et passa ensuite plusieurs coups de t\u00e9l\u00e9phone \u00e0 Patrick Vignal, d\u00e9put\u00e9 LREM alors candidat, Manu Reynaud, et Benjamin T\u00e9oule, directeur alors du m\u00e9dia en ligne Le D\u2019Oc, les enregistrant \u00e0 son tour, \u00e9galement \u00e0 leurs d\u00e9pens. Ce sont ces enregistrements qui ont ensuite \u00e9t\u00e9 d\u00e9voil\u00e9s dans la presse, vous comprenez que l\u2019on est sur quelque chose d\u2019assez noir. Comme vous \u00e9voquez Djamel Boumaaz, je tiens \u00e0 recontextualiser, mais je n\u2019ai pas envie de revenir dessus, car le but n\u2019est pas d\u2019attaquer les personnes parce que je pr\u00e9f\u00e8re \u00eatre sur les projets et les id\u00e9es. <a href=\"https:\/\/actu.fr\/occitanie\/montpellier_34172\/montpellier-municipales-rn-retire-linvestiture-olaf-rokvam-cause-djamel-boumaaz_31858952.html\" rel=\"nofollow noopener\" target=\"_blank\">La liste RN a donc perdu l\u2019investiture<\/a> et heureusement car on ne pouvait pas travailler dans ces conditions. Personnellement, j\u2019ai \u00e9t\u00e9 pi\u00e9g\u00e9, je ne partageai pas du tout sa pr\u00e9sence. Je ne l\u2019ai su qu\u2019apr\u00e8s le d\u00e9p\u00f4t de la liste \u00e0 la date limite. <a href=\"https:\/\/actu.fr\/occitanie\/montpellier_34172\/montpellier-municipales-olaf-rokvam-maintient-liste-sans-linvestiture-rassemblement-national_31892880.html\" rel=\"nofollow noopener\" target=\"_blank\">Donc, nous, on consid\u00e8re qu\u2019il n\u2019y a pas eu de liste RN aux municipales en 2020<\/a>.<\/p>\n<p class=\" wall-content\"><strong>J\u2019allais vous demander comment vous aviez v\u00e9cu cette campagne ?<\/strong><\/p>\n<p class=\" wall-content\">Je ne tiens pas \u00e0 revenir dessus sinon je serai oblig\u00e9 de communiquer sur les personnes impliqu\u00e9es et je n\u2019ai vraiment rien contre eux. Je pense que c\u2019est une erreur de leur part mais ils ont dialogu\u00e9 avec <a href=\"https:\/\/www.leparisien.fr\/politique\/montpellier-le-conseiller-municipal-djamel-boumaaz-rattrape-par-un-gateau-nazi-27-07-2019-8124792.php\" rel=\"nofollow noopener\" target=\"_blank\">quelqu\u2019un qui postait des insignes nazis sur Facebook<\/a>. Et c\u2019est cette gauche qui est \u00e0 la mairie aujourd\u2019hui. Mais je refuse de rentrer dans ce type d\u2019attaque. Mon combat est de d\u00e9fendre ceux qui gal\u00e8rent \u00e0 Montpellier, de redresser la ville, d\u2019am\u00e9liorer la s\u00e9curit\u00e9 mais ceux qui sont contre les homosexuels ou les juifs, je suis contre eux. Je combats ces personnes l\u00e0.<\/p>\n<p class=\" wall-content\"><strong>Ce ne serait pas votre premi\u00e8re campagne sur une liste mais la premi\u00e8re comme t\u00eate de liste, qu\u2019est-ce que cela change ?<\/strong><\/p>\n<p class=\" wall-content\">Je vais pouvoir d\u00e9fendre avec ma personnalit\u00e9 des id\u00e9es novatrices et des id\u00e9es chocs qui permettront de rendre sa grandeur \u00e0 Montpellier. J\u2019ai d\u00e9j\u00e0 \u00e9voqu\u00e9 la police municipale et la baisse de la dette, la troisi\u00e8me est de rouvrir le tunnel de la Com\u00e9die. Plusieurs candidats ont expliqu\u00e9 que rien n\u2019allait et qu\u2019il fallait faire des audits. Moi je n\u2019ai pas besoin d\u2019audit, nous savons qu\u2019il faut rouvrir le tunnel de la Com\u00e9die, il faut que les voitures puissent acc\u00e9der \u00e0 la ville et au centre-ville. Les cyclistes sont les bienvenus mais nous avons aussi besoin des voitures. Il faut que les commer\u00e7ants puissent travailler de nouveau. N\u2019oublions pas une chose aussi, en France, 5 millions de personnes sont atteintes d\u2019affections de longue dur\u00e9e. Des personnes qui, pour des raisons \u00e9videntes de sant\u00e9, ne peuvent pas faire de v\u00e9lo, de trottinette ou pour certaines m\u00eame prendre les transports en commun donc elles sont oblig\u00e9es de prendre leur voiture. Tout comme des personnes \u00e2g\u00e9es. Nous devons rouvrir la ville.<\/p>\n<p class=\" wall-content\"><strong>De l\u2019UDI en passant tr\u00e8s bri\u00e8vement par LREM au RN, comment expliquez-vous ce cheminement politique ?<\/strong><\/p>\n<p class=\" wall-content\">LREM cela n\u2019a pas dur\u00e9 longtemps, je n\u2019ai eu aucune responsabilit\u00e9 ou particip\u00e9 \u00e0 aucune \u00e9lection et d\u2019une certaine mani\u00e8re la carte \u00e9tait tr\u00e8s facile \u00e0 avoir avec un simple mail. Mon vrai cursus politique, c\u2019est dix ans \u00e0 l\u2019UMP, puis vice-pr\u00e9sident dans une UDI qui \u00e9tait alors beaucoup plus \u00e0 droite qu\u2019aujourd\u2019hui et ensuite j\u2019ai bascul\u00e9 au RN en 2020. Ce cheminement s\u2019explique par une d\u00e9ception des partis traditionnels qui critiquaient tout le temps le RN mais finalement quand j\u2019ai fait la conf\u00e9rence de presse en 2018 avec cette maman courageuse dont le fils a \u00e9t\u00e9 poignard\u00e9, aucun parti ne s\u2019y est int\u00e9ress\u00e9. Et on m\u2019a dit, y compris des d\u00e9put\u00e9s, que si je voulais faire carri\u00e8re en politique il ne fallait pas que je parle de ces sujets sensibles. Mais ce sont des sujets sensibles o\u00f9 les victimes s\u2019accumulent \u00e0 Montpellier. Si on est \u00e9lu en \u00e9tant r\u00e9mun\u00e9r\u00e9 pour cela et que l\u2019on ne s\u2019occupe pas des sujets les plus graves, \u00e0 quoi cela sert d\u2019\u00eatre \u00e9lu ? Il reste quoi ? D\u00e9boulonner des statues et parler de pays \u00e9trangers ? C\u2019est tellement lamentable en v\u00e9rit\u00e9. Je pense que lorsque vous \u00eates un maire, et m\u00eame si un maire n\u2019est pas responsable de tout car comme vous l\u2019avez dit il y a une conjoncture nationale, qui est dans un parti alli\u00e9 avec un parti qui veut g\u00e9n\u00e9raliser la drogue, qui fait l\u2019apologie de la violence, dont certains sont des d\u00e9linquants ou des dealers, dont les d\u00e9put\u00e9s tiennent des propos antir\u00e9publicains et ont des comportements violents \u00e0 l\u2019Assembl\u00e9e nationale\u2026 comment voulez-vous incarner l\u2019autorit\u00e9 quand vous \u00eates la gauche \u00e0 Montpellier ? Cette gauche perd toute cr\u00e9dibilit\u00e9 selon moi. Si demain je suis maire de Montpellier, outre de tripler la police municipale, et d\u2019autres mesures de s\u00e9curit\u00e9 arriveront dont j\u2019expliquerai le financement, je serai pr\u00e9sent apr\u00e8s tout r\u00e8glement de compte. C\u2019est hyper indispensable. On ne peut pas laisser des m\u00e8res de famille qui perdent leur gamin sans aucun soutien.<\/p>\n<p class=\" wall-content\"><strong>Ce cheminement correspond-il aussi dans le temps avec la d\u00e9diabolisation du RN qui vous a convaincu ?<\/strong><\/p>\n<p class=\" wall-content\">Je pense que le RN est un parti respectable. Je vois des d\u00e9rapages racistes ailleurs et souvent cela passe inaper\u00e7u. J\u2019en ai m\u00eame vu \u00e0 l\u2019\u00e9poque \u00e0 l\u2019UDI, pas localement, mais un maire avait \u00e9t\u00e9 exclu pour des paroles malheureuses. Plus personne n\u2019en parle alors que si cela s\u2019\u00e9tait pass\u00e9 au RN tout le monde en parlerait encore. On dit souvent que des fondateurs du FN ont fait partie de la collaboration. Je rappelle que Fran\u00e7ois Mitterrand a \u00e9t\u00e9 d\u00e9cor\u00e9 de la Francisque, que plusieurs fondateurs de l\u2019Europe ont aussi \u00e9t\u00e9 des collaborateurs, que le responsable de la rafle du Vel\u2019 d\u2019Hiv\u2019 Maurice Papon a \u00e9t\u00e9 ministre dans un gouvernement centriste\u2026 mais qui en parle \u00e0 part quelques th\u00e9oriciens ? il y a eut des personnes de tous les partis dans les deux camps. Par exemple, le maquis Bir-Hakeim, le num\u00e9ro 2 \u00e9tait un nationaliste tr\u00e8s \u00e0 droite. J\u2019ai rencontr\u00e9 des descendants de r\u00e9sistants de ce maquis et, de ce que j\u2019ai compris, plus de la moiti\u00e9 de ce maquis \u00e9tait nationaliste. Mais qui en parle ? Je suis d\u2019accord pour rendre hommage aux Communistes qui ont r\u00e9sist\u00e9, mais beaucoup ont collabor\u00e9 avant de r\u00e9sister. Donc on se sert de cela pour attaquer le RN. Je ne suis pas l\u00e0 pour ressortir des dossiers mais si on le fait pour le RN, on doit parler de l\u2019ensemble de l\u2019Histoire. Moi je suis arriv\u00e9 au RN en 2020.<\/p>\n<p class=\" wall-content\"><strong>Justement, je ne remontais pas aussi loin que la Seconde guerre mondiale mais je songeais au travail r\u00e9alis\u00e9 par Marine Le Pen pour rendre le RN plus respectable que le FN de son p\u00e8re. Est-ce que c\u2019est cela qui vous a convaincu de rejoindre le RN ?<\/strong><\/p>\n<p class=\" wall-content\">Ce que j\u2019ai pu voir, c\u2019est que c\u2019\u00e9tait un parti avec des gens biens et localement je n\u2019ai jamais entendu de propos racistes contrairement \u00e0 d\u2019autres partis traditionnels. J\u2019ai vu des gens qui sont des amis des juifs et ces derniers votent Marine Le Pen ou Jordan Bardella aujourd\u2019hui. Ce que je reproche aux partis traditionnels sur la s\u00e9curit\u00e9, c\u2019est qu\u2019ils ont un traitement ethnique des d\u00e9lits. Je fais une conf\u00e9rence sur des mineurs isol\u00e9s albanais et on me dit que je les cat\u00e9gorise. Sauf que l\u2019association qui les accueillent, financ\u00e9e par nos imp\u00f4ts, ne les regroupe que par nationalit\u00e9. Donc le traitement ethnique se fait d\u00e9j\u00e0 par la gauche car ce ne sont que des associations de gauche. Je pourrai citer d\u2019autres exemples comme les Roms qui ne sont regroup\u00e9s que dans des villages de Roms. Qui fait un traitement ethnique ? La logique voudrait qu\u2019ils se m\u00e9langent aux autres. On ne regroupe pas des vagues d\u2019Italiens ensemble ou on ne fait pas des cit\u00e9s qu\u2019avec des Alg\u00e9riens.<\/p>\n<p class=\" wall-content\"><strong>C\u2019est aussi un choix culturel si les personnes se regroupent. Vous ne pouvez pas imposer cela \u00e0 une communaut\u00e9.<\/strong><\/p>\n<p class=\" wall-content\">Je ne sais pas. Les politiques et les associations ne devraient pas accepter de les regrouper par nationalit\u00e9. Si l\u2019on veut s\u2019assimiler \u00e0 la France, on doit \u00eatre m\u00e9lang\u00e9 \u00e0 tout le monde. C\u2019est quand m\u00eame la gauche qui d\u00e9fendait le vivre ensemble. On ne leur impose rien. Ils viennent en \u00e9tant clandestin, aid\u00e9s par des associations financ\u00e9es par nos imp\u00f4ts, on n\u2019a pas assez de logements ou de travail pour eux et notre s\u00e9cu est en d\u00e9ficit. En r\u00e9alit\u00e9 c\u2019est incroyable l\u00e0 o\u00f9 on en arrive. Ensuite, ils multiplient les d\u00e9lits en \u00e9tant mineur et quand j\u2019arrive en disant qu\u2019il faut faire quelque chose, on me r\u00e9pond que comme ils sont \u00e9trangers on ne peut rien faire et rien dire. Il ne faut pas faire de vague. C\u2019est grave et finalement il est l\u00e0 le vrai racisme que de faire des diff\u00e9rences. La logique voudrait que l\u2019on n\u2019en fasse pas d\u2019autant plus s\u2019ils sont clandestins.<\/p>\n<p class=\" wall-content\"><strong>Pour aborder diff\u00e9rents sujets, quel est votre point de vue sur le mouvement Bloquons Tout et la journ\u00e9e du 10 septembre ?<\/strong><\/p>\n<p class=\" wall-content\">Je l\u2019ai suivi sur les r\u00e9seaux sociaux et je me suis balad\u00e9 \u00e0 Montpellier. Je n\u2019ai pas vu du tout la m\u00eame chose que lors des Gilets Jaunes ou que lors des manifestations anti-pass sanitaires ou lorsqu\u2019il y avait des fermetures de th\u00e9\u00e2tre. J\u2019ai vu finalement quelque chose de tr\u00e8s ancr\u00e9e \u00e0 gauche, \u00e0 l\u2019extr\u00eame gauche, de tr\u00e8s syndicalis\u00e9e. LFI a compl\u00e8tement pourri ce mouvement, donc on a vu de la casse, des abri-bus d\u00e9truits, des d\u00e9gradations sur le tramway\u2026 Je veux bien qu\u2019on me dise en quoi cela va r\u00e9soudre les probl\u00e8mes de pr\u00e9carit\u00e9. Au contraire, on s\u2019en prend, dans une ville de gauche, \u00e0 des services publics qui sont utilis\u00e9s principalement par les classes moyennes et populaires. Il n\u2019y a aucune coh\u00e9rence. Le probl\u00e8me de cette gauche, c\u2019est qu\u2019elle n\u2019est pas capable de manifester sans casser. Alors peut-\u00eatre que Macron prend un malin plaisir \u00e0 provoquer une forme d\u2019impunit\u00e9 chez les Black Blocs et je crois sinc\u00e8rement qu\u2019il utilise ce levier pour pourrir la situation. Et, en plus de cela, cela sert le dessein de Jean-Luc M\u00e9lenchon qui veut mettre la pression sur un ph\u00e9nom\u00e8ne de chaos et de violence car, dans une certaine mesure, il est pour le chaos et une forme d\u2019insurrection. C\u2019est pour \u00e7a que je pense que LFI n\u2019est pas un parti r\u00e9publicain et que Micha\u00ebl Delafosse devrait prendre l\u2019engagement de ne plus jamais s\u2019allier avec LFI compte tenu de tout leurs d\u00e9rapages mais aussi leur lien avec l\u2019antis\u00e9mitisme.<\/p>\n<p class=\" wall-content\"><strong>Vous dites que LFI a perverti le mouvement Bloquons Tout, un mouvement dont on a pu constater \u00eatre n\u00e9 durant l\u2019\u00e9t\u00e9 plut\u00f4t dans une mouvance aux id\u00e9es proches de la mouvance patriote.<\/strong><\/p>\n<p class=\" wall-content\">Je ne sais pas si cela vient de la mouvance patriote. Pour \u00eatre transparent, je pense qu\u2019il faut se m\u00e9fier des ing\u00e9rences \u00e9trang\u00e8res. Des pays peuvent avoir un int\u00e9r\u00eat \u00e0 nous d\u00e9stabiliser. J\u2019ai manifest\u00e9 avec les Gilets Jaunes au d\u00e9but, contre les th\u00e9\u00e2tres ferm\u00e9s, contre le pass sanitaire, mais tous ces mouvements partent d\u2019un bon principe mais tr\u00e8s rapidement ils sont pourris par les violences. Il y a une impunit\u00e9 incroyable sur ces Black Blocs qui ont plut\u00f4t l\u2019air d\u2019\u00eatre des fils \u00e0 papa. Attention, on a parfaitement le droit d\u2019\u00eatre bien n\u00e9, je n\u2019ai aucun souci avec \u00e7a, mais, quand on est bien n\u00e9, on ne va pas casser des abris-bus ou br\u00fbler des poubelles, on ne s\u2019en prend pas aux plus faibles et aux classes populaires, on ne va pas casser des vitrines ou bloquer des facs. En rappelant que les jeunes qui y \u00e9tudient n\u2019ont souvent pas les moyens financiers d\u2019aller dans de grandes \u00e9coles donc vous bloquez des \u00e9tudiants des classes populaires et m\u00eame des \u00e9trangers venus en France pour \u00e9tudier et qui n\u2019ont qu\u2019une seule ann\u00e9e pour r\u00e9ussir. Finalement, cette gauche s\u2019en prend de plus en plus aux plus faibles.<\/p>\n<p class=\" wall-content\"><strong>En tant que suppl\u00e9ant du d\u00e9put\u00e9 Charles Alloncle, vous \u00eates pour une dissolution, une destitution ou rester en l\u2019\u00e9tat durant deux ans ?<\/strong><\/p>\n<p class=\" wall-content\">Nous sommes pour une dissolution, afin de donner une majorit\u00e9 au camp national RN-UDR. En parlant de Charles Alloncle, sans exag\u00e9rer, je pense que c\u2019est un excellent d\u00e9put\u00e9 et qui demain peut-\u00eatre appel\u00e9 \u00e0 de hautes fonctions si on avait une majorit\u00e9 \u00e0 l\u2019Assembl\u00e9e et qu\u2019un Premier ministre en \u00e9tait issu. Il peut faire partie des grands r\u00e9formateurs en France. En sachant que le RN-UDR a un programme de baisse des d\u00e9penses publiques tr\u00e8s ambitieux sans toucher au confort des Fran\u00e7ais. On veut toucher aux agences de l\u2019\u00c9tat comme l\u2019Arcom ou l\u2019ADEME. Quand on supprime une cha\u00eene comme C8, l\u2019int\u00e9r\u00eat est tr\u00e8s faible. Quel est l\u2019int\u00e9r\u00eat d\u2019avoir une agence pour cela et en plus cela cr\u00e9e un \u00e9cart entre les partis du syst\u00e8me, les m\u00e9dias traditionnels et le peuple. On l\u2019a vu durant les Gilets Jaunes avec de leur part un m\u00e9pris \u00e0 leur \u00e9gard. Il y avait aussi une incompr\u00e9hension des Gilets Jaunes vis \u00e0 vis des m\u00e9dias parce qu\u2019ils les assimilaient au syst\u00e8me. C\u2019est pour \u00e7a qu\u2019il faudrait peut-\u00eatre que les m\u00e9dias refl\u00e8tent davantage la diversit\u00e9 de l\u2019opinion sur ce que pense le peuple et en \u00e9tant moins dans les \u00e9l\u00e9ments de langage gouvernementaux.<\/p>\n<p class=\" wall-content\"><strong>Parce que vous ne pensez pas que c\u2019est le cas actuellement ?<\/strong><\/p>\n<p class=\" wall-content\">Je vais vous donner un exemple simple. Sans jouer les pleurnicheuses, le Rassemblement National \u00e0 Montpellier fait 16% aux Europ\u00e9ennes et c\u2019est tellement dur d\u2019avoir un article, on a tellement de personnes qui ne nous r\u00e9pondent pas. Malheureusement, m\u00eame si vous ne le d\u00e9sirez pas, les gens assimilent les m\u00e9dias au syst\u00e8me. Pour eux, les castors, le front r\u00e9publicain, ce sont tous les m\u00e9dias du syst\u00e8me d\u2019une certaine mani\u00e8re.<\/p>\n<p class=\" wall-content\"><strong>Quand on voit Cnews, Valeurs Actuelles, le JDD, L\u2019Incorrect\u2026 il y a de quoi faire pour le RN.<\/strong><\/p>\n<p class=\" wall-content\">Oui, mais toute la gauche a demand\u00e9 la censure de Cnews. S\u2019ils pouvaient la supprimer, ils le feraient. Est-ce que moi demain je vais demander l\u2019interdiction d\u2019un livre de M\u00e9lenchon ? Bien s\u00fbr que non. Avant cet entretien, cela fait combien de temps que vous n\u2019aviez pas parl\u00e9 du RN dans M\u00e9tropolitain ?<\/p>\n<p class=\" wall-content\"><strong>On a couvert les pr\u00e9c\u00e9dentes municipales et on fait un bilan de chaque \u00e9lection.<\/strong><\/p>\n<p class=\" wall-content\">Cela fait quatre ans que je suis au RN \u00e0 Montpellier et vous ne m\u2019aviez jamais r\u00e9pondu. C\u2019est juste sinc\u00e8re. On a fait 16% et \u00e0 c\u00f4t\u00e9 on va parler de partis qui ne repr\u00e9sentent rien \u00e0 Montpellier comme par exemple le MODEM qui a des articles partout. Je ne suis pas jaloux, je suis content que l\u2019on parle de tout le monde mais quand je pense que pour un parti qui est majoritaire au niveau d\u00e9partemental son exposition m\u00e9diatique est tr\u00e8s faible. Si on prend M\u00e9tropolitain, je n\u2019ai jamais \u00e9t\u00e9 cit\u00e9 une seule fois.<\/p>\n<p class=\" wall-content\"><strong>Traitant en g\u00e9n\u00e9ral les articles politiques, j\u2019\u00e9voque les personnes \u00e9lues \u00e0 Montpellier et \u00e0 la M\u00e9tropole quelque soit le parti et tous les candidats aux \u00e9lections municipales comme ce fut le cas du RN lors des pr\u00e9c\u00e9dents.<\/strong><\/p>\n<p class=\" wall-content\">Je suis suppl\u00e9ant de Charles Alloncle. Pour la gauche, c\u2019est plut\u00f4t un s\u00e9isme d\u2019avoir un d\u00e9put\u00e9 RN-UDR qui a gagn\u00e9 la 9e circonscription aux portes de Montpellier. Je suis un des architectes de sa victoire mais il n\u2019y a eu aucune couverture. Pour dire la v\u00e9rit\u00e9, nos d\u00e9put\u00e9s sont un peu remont\u00e9s contre certains m\u00e9dias et quand il y a des \u00e9lections, l\u00e0 les m\u00e9dias leur court apr\u00e8s parce qu\u2019il y a un devoir d\u2019avoir une couverture \u00e9quitable. Et, parce que j\u2019entretiens de bon rapport avec les journalistes, on m\u2019appelle pour faire le lien avec eux. C\u2019est l\u00e0 o\u00f9 les gens du RN en ont marre parce qu\u2019ils disent que les m\u00e9dias sont d\u2019un seul c\u00f4t\u00e9 malheureusement.<\/p>\n<p class=\" wall-content\"><strong>Il y a quand m\u00eame eu une histoire compliqu\u00e9e entre le FN\/RN et les journalistes.<\/strong><\/p>\n<p class=\" wall-content\">Et le comportement de LFI avec les journalistes ? Du c\u00f4t\u00e9 du RN, on regarde \u00e7a et on est effar\u00e9s.<\/p>\n<p class=\" wall-content\"><strong>Vous avez quand m\u00eame conscience aussi que pendant longtemps c\u2019\u00e9tait probl\u00e9matique de donner la parole au Front National. Il y a des propos qui \u00e9taient particuli\u00e8rement difficiles \u00e0 entendre de la part de Jean-Marie Le Pen et d\u2019autres personnalit\u00e9s.<\/strong><\/p>\n<p class=\" wall-content\">Moi je suis au RN depuis 2020. Mais je vais vous dire une chose, la gauche est tr\u00e8s hypocrite. Qui a choisi de mettre Le Pen dans les m\u00e9dias pour diviser la droite ? On le sait tous. Il y a un peu d\u2019hypocrisie dans tout cela. Maintenant, c\u2019est l\u2019int\u00e9r\u00eat de tout le monde de parler de tous les partis, ce sera plus d\u00e9mocratique. Les gens veulent avoir un point de vue diversifi\u00e9 et, encore une fois, d\u2019un point de vue d\u00e9mocratique, cela me parait normal. Comment ne pas parler d\u2019un parti qui a fait 16% alors que les autres droites ont fait 3-4% ? \u00c9videmment quand je serai investi tout le monde parlera de moi, mais je n\u2019ai besoin d\u2019aucun m\u00e9dias pour cela. Il suffit que je dise une connerie sur internet et ce sera repris. J\u2019exag\u00e8re peut-\u00eatre mais il faut parler de tout le monde de mani\u00e8re normale r\u00e9guli\u00e8rement. J\u2019ai fait plus d\u2019une quarantaine de tractages lors des Europ\u00e9ennes notamment \u00e0 Montpellier sur les march\u00e9s et on est bien accueillis. \u00c9videmment, il y a toujours des personnes qui ne sont pas int\u00e9ress\u00e9es ou qui sont plus abruptes. Et tous les autres partis, quand je les croise, je dis bonjour et on se sert la main.<\/p>\n<p class=\" wall-content\"><strong>Par rapport \u00e0 son pass\u00e9, il faut peut-\u00eatre aussi que le RN gagne et prouve une forme de respectabilit\u00e9.<\/strong><\/p>\n<p class=\" wall-content\">On me connaissait avant 2020, j\u2019avais particip\u00e9 \u00e0 d\u2019autres \u00e9lections. Sur ma liste tout le monde est le bienvenu et les personnes de toutes les origines sont les bienvenues. Certains d\u2019ailleurs voudraient venir, mais ce n\u2019est pas que nous les en emp\u00eachons, c\u2019est que lorsqu\u2019elles viennent, elles sont attaqu\u00e9es vigoureusement par la gauche. C\u2019est une forme de racisme aussi.<\/p>\n<p class=\" wall-content\"><strong>Voyez-vous ce qu\u2019il se passe aux \u00c9tats-Unis avec Donald Trump comme un mod\u00e8le pour le RN ?<\/strong><\/p>\n<p class=\" wall-content\">Non, ce que je vois c\u2019est que la France doit d\u00e9fendre ses int\u00e9r\u00eats. Je me rends compte que l\u2019Europe a brad\u00e9 les int\u00e9r\u00eats europ\u00e9ens et fran\u00e7ais contre les frais de douane de Donald Trump. Elle n\u2019a pas su se d\u00e9fendre et r\u00e9agir. Je constate que Donald Trump d\u00e9fend son pays mais que nous, nous ne d\u00e9fendons pas assez le n\u00f4tre. J\u2019estime qu\u2019il faudrait davantage regarder les int\u00e9r\u00eats fran\u00e7ais.<\/p>\n<p class=\" wall-content\"><strong>Et sur ce qu\u2019il se passe \u00e0 l\u2019int\u00e9rieur du pays entre les patriotes pro Trump et ses opposants ?<\/strong><\/p>\n<p class=\" wall-content\">Je vois un pays tr\u00e8s fractur\u00e9 \u00e0 cause de la gauche am\u00e9ricaine. Les D\u00e9mocrates sont devenus fous comme la gauche fran\u00e7ais. L\u00e0-bas, ils en sont arriv\u00e9s \u00e0 imposer dans des \u00e9coles des toilettes non-binaires. C\u2019est \u00e0 dire que l\u2019on impose dans des \u00e9tablissement publics des toilettes pour des personnes qui se d\u00e9finissent ni m\u00e2le ni femelle.<\/p>\n<p class=\" wall-content\"><strong>Parall\u00e8lement, il y a aussi les interdictions de nombreux livres dans les biblioth\u00e8ques qui sont quand m\u00eame assez inqui\u00e9tants.<\/strong><\/p>\n<p class=\" wall-content\">Bien s\u00fbr et des livres ont \u00e9t\u00e9 br\u00fbl\u00e9s \u00e0 cause de la cancel culture. On en a vu \u00e9norm\u00e9ment et je suis d\u2019accord avec vous, je suis contre cela \u00e9videmment. On ne doit pas br\u00fbler des livres. On peut ne pas \u00eatre d\u2019accord et on doit d\u00e9battre mais aujourd\u2019hui quand on voit que certains d\u00e9boulonnent des statues de Saint-Louis ou de Jeanne d\u2019Arc, o\u00f9 va-t-on ? Je pense que la gauche am\u00e9ricaine est compl\u00e8tement folle et que Trump a \u00e9t\u00e9 \u00e9lu sur ce sujet car le camp d\u00e9mocrate n\u2019est plus du tout cr\u00e9dible.<\/p>\n<p class=\" wall-content\"><strong>Sur la radicalisation des d\u00e9bats, avec l\u2019assassinat de l\u2019influenceur pro-Trumpi Charlie Kirk, craignez-vous que cela se produise en France ?<\/strong><\/p>\n<p class=\" wall-content\">J\u2019esp\u00e8re \u00e9videmment que cela ne va pas s\u2019importer en France. L\u2019influenceur Charlie Kirk aimait d\u00e9battre et d\u2019ailleurs son slogan \u00e9tait \u00ab\u00a0Prouvez-moi que j\u2019ai tort\u00a0\u00bb donc il n\u2019h\u00e9sitait pas \u00e0 dialoguer avec des personnes de gauche tr\u00e8s radicalis\u00e9es. Et ils ont fini par le tuer car on sait maintenant que c\u2019est un radicalis\u00e9 de gauche qui l\u2019a tu\u00e9. Donald Trump a \u00e9chapp\u00e9 \u00e0 un attentat donc on voit que cela devient tr\u00e8s violent et c\u2019est inqui\u00e9tant. J\u2019esp\u00e8re que cela ne va pas arriver en France. Aujourd\u2019hui, il y a un tel sentiment d\u2019impunit\u00e9 dans le camp de l\u2019extr\u00eame gauche. Et d\u2019ailleurs, LFI n\u2019est pas qualifi\u00e9 comme tel par le conseil d\u2019\u00c9tat qui est aussi complice. Avec les dingueries qu\u2019ils font ? Comment voulez-vous que la confiance des Fran\u00e7ais reviennent dans de telles conditions ? C\u2019est pour \u00e7a que l\u2019on esp\u00e8re une dissolution, remporter les l\u00e9gislatives et la prochaine pr\u00e9sidentielle. Mais nous, notre mod\u00e8le c\u2019est la France, ce n\u2019est pas forc\u00e9ment de singer ce qu\u2019il se passe ailleurs. Cela ne veut pas dire qu\u2019ils ont tort mais chacun a sa propre culture et ses propres r\u00e8gles.<\/p>\n<p class=\" wall-content\"><strong>Vous \u00eates entra\u00eeneur personnel, comment expliquez-vous cette vague masculiniste et de patriotisme associ\u00e9e \u00e0 l\u2019extr\u00eame droite autour du d\u00e9veloppement du corps \u00e0 travers certains influenceurs notamment ?<\/strong><\/p>\n<p class=\" wall-content\">Je pense que ce sont des jeunes qui se sont mis \u00e0 la musculation pour \u00eatre mieux dans leur corps. Mais c\u2019est vrai que je constate une d\u00e9rive chez certaines personnes m\u00eame si je n\u2019en ai jamais rencontr\u00e9 au RN. Je pense que ce sont des personnes ext\u00e9rieures au parti. Apr\u00e8s ce n\u2019est pas parce que vous \u00eates muscl\u00e9 que vous \u00eates masculiniste mais c\u2019est vrai que certains influenceurs ont mis la musculation en avant. Pourquoi ? Il faudrait leur poser la question. Peut-\u00eatre que cela fait vendre d\u2019\u00eatre muscl\u00e9 ou peut-\u00eatre est-ce li\u00e9 \u00e0 la vague de d\u00e9constructivisme de la gauche et que cette image n\u2019attire plus les jeunes aujourd\u2019hui. Mais je n\u2019ai pas vraiment d\u2019explication, je n\u2019ai pas rencontr\u00e9 de jeune comme \u00e7a au RN. Je pense qu\u2019une partie d\u2019entre eux sont radicalis\u00e9s et qui sont ext\u00e9rieurs \u00e0 toute formation politique.<\/p>\n<p class=\" wall-content\"><strong>Et justement par rapport \u00e0 la radicalit\u00e9 d\u2019extr\u00eame droite, consid\u00e9rez-vous des groupes comme la Ligue du Midi par exemple hors du champ r\u00e9publicain et ind\u00e9fendables ?<\/strong><\/p>\n<p class=\" wall-content\">Je suis dans un combat politique et je suis pour le non violence. Je suis pour un combat d\u00e9mocratique dans le d\u00e9bat, l\u2019acceptation des autres et la capacit\u00e9 \u00e0 les faire changer d\u2019avis. Si je rencontre quelqu\u2019un d\u2019extr\u00eame gauche ou de tr\u00e8s radicalis\u00e9 \u00e0 droite et m\u00eame des jeunes de quartier qui sont parfois \u00e9nerv\u00e9s, je leur dis que la violence ne sert \u00e0 rien. Cela cr\u00e9e des r\u00e8glements de compte et des gamins se retrouvent bless\u00e9s. Dans un camp comme dans l\u2019autre, il ne faut pas tomber dans la violence.<\/p>\n<p class=\" wall-content\"><strong>Pour terminer, vous \u00eates administrateur d\u2019un groupe et d\u2019une page Montpellier Politique, comment voyez-vous son r\u00f4le ?<\/strong><\/p>\n<p class=\" wall-content\">Je pense qu\u2019il y a un r\u00f4le d\u00e9mocratique int\u00e9ressant et c\u2019est quelque part la seconde partie des m\u00e9dias. D\u2019une certaine mani\u00e8re, c\u2019est un peu le salon o\u00f9 on va discuter de prises de position de gauche comme de droite car tout le monde y est pr\u00e9sent. C\u2019est un peu comme une agora, peut-\u00eatre un endroit de respiration d\u00e9mocratique. Les \u00e9changes sont en ce moment un peu vif et c\u2019est parfois difficile de tout g\u00e9rer. Je vais sans doute laisser l\u2019administration \u00e0 quelqu\u2019un d\u2019autre le temps des \u00e9lections. Des fois cela s\u2019envenime dans les deux camps, souvent des personnes qui ne sont pas encart\u00e9es. Je leur dis, aux gens de gauche, de droite et du centre, essayons de nous respecter, d\u2019\u00eatre courtois et de d\u00e9battre pour avoir un vrai d\u00e9bat de fond sur les municipales. Certains essayent de salir les autres sans m\u00eame les conna\u00eetre, en disant des choses fausses. Ce n\u2019est pas mon id\u00e9e de la politique. Jamais je ne vais pas inventer des choses fausses sur les politiques \u00e0 Montpellier pour les attaquer. Et si demain on attaque Micha\u00ebl Delafosse sur quelque chose de sa vie personnelle qui n\u2019a pas de rapport avec la politique, sur \u00e7a je le d\u00e9fendrai.<\/p>\n<p class=\" wall-content\">Personnalisez votre actualit\u00e9 en ajoutant vos villes et m\u00e9dias en favori avec <a href=\"https:\/\/moncompte.actu.fr\" title=\"D\u00e9couvez Mon Actu\" rel=\"nofollow noopener\" data-trk=\"{&quot;cta&quot;:{&quot;action&quot;:&quot;https:\\\/\\\/moncompte.actu.fr&quot;,&quot;category&quot;:&quot;mon compte&quot;,&quot;from&quot;:&quot;article footer&quot;,&quot;name&quot;:&quot;Mon actu&quot;,&quot;type&quot;:&quot;cta&quot;}}\" target=\"_blank\">Mon Actu<\/a>.<\/p>\n","protected":false},"excerpt":{"rendered":"Par C\u00e9dric Nithard Publi\u00e9 le 21 sept. 2025 \u00e0 11h59 S\u2019il n\u2019a jamais \u00e9t\u00e9 v\u00e9ritablement au premier plan,&hellip;\n","protected":false},"author":2,"featured_media":406955,"comment_status":"","ping_status":"","sticky":false,"template":"","format":"standard","meta":{"footnotes":""},"categories":[9599],"tags":[1111,11,4188,1777,674,1011,27,2208,3434,12,2680,316,25],"class_list":{"0":"post-406954","1":"post","2":"type-post","3":"status-publish","4":"format-standard","5":"has-post-thumbnail","7":"category-montpellier","8":"tag-actu","9":"tag-actualites","10":"tag-elections-municipales","11":"tag-eu","12":"tag-europe","13":"tag-fr","14":"tag-france","15":"tag-montpellier","16":"tag-municipales-2026","17":"tag-news","18":"tag-occitanie","19":"tag-politique","20":"tag-republique-francaise"},"share_on_mastodon":{"url":"https:\/\/pubeurope.com\/@fr\/115241807045947269","error":""},"_links":{"self":[{"href":"https:\/\/www.europesays.com\/fr\/wp-json\/wp\/v2\/posts\/406954","targetHints":{"allow":["GET"]}}],"collection":[{"href":"https:\/\/www.europesays.com\/fr\/wp-json\/wp\/v2\/posts"}],"about":[{"href":"https:\/\/www.europesays.com\/fr\/wp-json\/wp\/v2\/types\/post"}],"author":[{"embeddable":true,"href":"https:\/\/www.europesays.com\/fr\/wp-json\/wp\/v2\/users\/2"}],"replies":[{"embeddable":true,"href":"https:\/\/www.europesays.com\/fr\/wp-json\/wp\/v2\/comments?post=406954"}],"version-history":[{"count":0,"href":"https:\/\/www.europesays.com\/fr\/wp-json\/wp\/v2\/posts\/406954\/revisions"}],"wp:featuredmedia":[{"embeddable":true,"href":"https:\/\/www.europesays.com\/fr\/wp-json\/wp\/v2\/media\/406955"}],"wp:attachment":[{"href":"https:\/\/www.europesays.com\/fr\/wp-json\/wp\/v2\/media?parent=406954"}],"wp:term":[{"taxonomy":"category","embeddable":true,"href":"https:\/\/www.europesays.com\/fr\/wp-json\/wp\/v2\/categories?post=406954"},{"taxonomy":"post_tag","embeddable":true,"href":"https:\/\/www.europesays.com\/fr\/wp-json\/wp\/v2\/tags?post=406954"}],"curies":[{"name":"wp","href":"https:\/\/api.w.org\/{rel}","templated":true}]}}