{"id":406958,"date":"2025-09-21T10:27:09","date_gmt":"2025-09-21T10:27:09","guid":{"rendered":"https:\/\/www.europesays.com\/fr\/406958\/"},"modified":"2025-09-21T10:27:09","modified_gmt":"2025-09-21T10:27:09","slug":"accident-de-personne-sur-la-ligne-de-trains-le-havre-rouen-la-circulation-interrompue","status":"publish","type":"post","link":"https:\/\/www.europesays.com\/fr\/406958\/","title":{"rendered":"Accident de personne sur la ligne de trains Le Havre-Rouen : la circulation interrompue"},"content":{"rendered":"<p>            Par<br \/>\n        <strong><br \/>\n            <a href=\"https:\/\/actu.fr\/auteur\/fmass\" title=\"Consulter tous les articles de Fabien Massin\" target=\"_blank\" rel=\"noopener\">Fabien Massin<\/a><br \/>\n        <\/strong><\/p>\n<p>        Publi\u00e9 le<\/p>\n<p>            21 sept. 2025 \u00e0 11h56<br \/>\n        ; mis \u00e0 jour le 21 sept. 2025 \u00e0 12h08    <\/p>\n<p>D\u2019importants retards sont \u00e0 pr\u00e9voir sur la <strong>ligne SNCF Rouen-Le Havre<\/strong> <a href=\"https:\/\/actu.fr\/normandie\/seine-maritime_76\" target=\"_blank\" rel=\"noopener\">(Seine-Maritime)<\/a>, dimanche 21 septembre 2025. En cause, un accident de personne survenu dans le secteur de Maromme.\u00a0<\/p>\n<p>La circulation interrompue dans les deux sens<\/p>\n<p class=\" wall-content\">\u00ab\u00a0La circulation est interrompue dans les deux sens, informe le r\u00e9seau Nomad. le temps que les \u00e9quipes concern\u00e9es se rendent sur place. <strong>L\u2019heure de reprise est estim\u00e9e 13h30<\/strong>.\u00a0\u00bb<\/p>\n<p class=\" wall-content\">\n<p class=\" wall-content\">Au d\u00e9part de la gare de Rouen rive droite, pour se rendre \u00e0 Paris et au Havre, des retards allant <strong>jusqu\u2019\u00e0 deux heures<\/strong> sont annonc\u00e9s, indique S<a href=\"https:\/\/www.garesetconnexions.sncf\/fr\/gares-services\/rouen-rive-droite\" target=\"_blank\" rel=\"noopener\">NCF Gares &amp; Connexions<\/a>.\u00a0<\/p>\n<p class=\" wall-content\">Le drame a eu lieu au <strong>passage \u00e0 niveau de Notre-Dame-de-Bondeville<\/strong>, informe le Sdis (service d\u00e9partemental d\u2019incendie et de secours) de la Seine-Maritime. Un homme y a perdu la vie.\u00a0<\/p>\n<p class=\" wall-content\">\n<p>Suivez l\u2019actualit\u00e9 de Rouen sur notre <a href=\"https:\/\/www.whatsapp.com\/channel\/0029VaKfnf99hXF2ddApFB1D\" target=\"_blank\" rel=\"noopener\">cha\u00eene WhatsApp<\/a> et sur notre <a href=\"https:\/\/www.tiktok.com\/@76actu.fr?lang=fr\" target=\"_blank\" rel=\"noopener\">compte TikTok<\/a>Suivez l\u2019actualit\u00e9 du Havre sur notre <a href=\"https:\/\/www.whatsapp.com\/channel\/0029VaFqJYE8aKvLBwVrEe0o\" target=\"_blank\" rel=\"noopener\">cha\u00eene WhatsApp<\/a> et sur notre <a href=\"https:\/\/www.tiktok.com\/@76actu.fr?lang=fr\" target=\"_blank\" rel=\"noopener\">compte TikTok<\/a><\/p>\n<p class=\" wall-content\">Personnalisez votre actualit\u00e9 en ajoutant vos villes et m\u00e9dias en favori avec <a href=\"https:\/\/moncompte.actu.fr\" title=\"D\u00e9couvez Mon Actu\" rel=\"nofollow noopener\" data-trk=\"{&quot;cta&quot;:{&quot;action&quot;:&quot;https:\\\/\\\/moncompte.actu.fr&quot;,&quot;category&quot;:&quot;mon compte&quot;,&quot;from&quot;:&quot;article footer&quot;,&quot;name&quot;:&quot;Mon actu&quot;,&quot;type&quot;:&quot;cta&quot;}}\" target=\"_blank\">Mon Actu<\/a>.<\/p>\n<p>                    <script async src=\"\/\/www.tiktok.com\/embed.js\"><\/script><\/p>\n","protected":false},"excerpt":{"rendered":"Par Fabien Massin Publi\u00e9 le 21 sept. 2025 \u00e0 11h56 ; mis \u00e0 jour le 21 sept. 2025&hellip;\n","protected":false},"author":2,"featured_media":406959,"comment_status":"","ping_status":"","sticky":false,"template":"","format":"standard","meta":{"footnotes":""},"categories":[9587],"tags":[7757,1111,11,1777,674,118,1011,27,12,5161,25,9590,2215],"class_list":{"0":"post-406958","1":"post","2":"type-post","3":"status-publish","4":"format-standard","5":"has-post-thumbnail","7":"category-rouen","8":"tag-accident-grave-de-voyageur","9":"tag-actu","10":"tag-actualites","11":"tag-eu","12":"tag-europe","13":"tag-faits-divers","14":"tag-fr","15":"tag-france","16":"tag-news","17":"tag-normandie","18":"tag-republique-francaise","19":"tag-rouen","20":"tag-sncf"},"share_on_mastodon":{"url":"https:\/\/pubeurope.com\/@fr\/115241814821042772","error":""},"_links":{"self":[{"href":"https:\/\/www.europesays.com\/fr\/wp-json\/wp\/v2\/posts\/406958","targetHints":{"allow":["GET"]}}],"collection":[{"href":"https:\/\/www.europesays.com\/fr\/wp-json\/wp\/v2\/posts"}],"about":[{"href":"https:\/\/www.europesays.com\/fr\/wp-json\/wp\/v2\/types\/post"}],"author":[{"embeddable":true,"href":"https:\/\/www.europesays.com\/fr\/wp-json\/wp\/v2\/users\/2"}],"replies":[{"embeddable":true,"href":"https:\/\/www.europesays.com\/fr\/wp-json\/wp\/v2\/comments?post=406958"}],"version-history":[{"count":0,"href":"https:\/\/www.europesays.com\/fr\/wp-json\/wp\/v2\/posts\/406958\/revisions"}],"wp:featuredmedia":[{"embeddable":true,"href":"https:\/\/www.europesays.com\/fr\/wp-json\/wp\/v2\/media\/406959"}],"wp:attachment":[{"href":"https:\/\/www.europesays.com\/fr\/wp-json\/wp\/v2\/media?parent=406958"}],"wp:term":[{"taxonomy":"category","embeddable":true,"href":"https:\/\/www.europesays.com\/fr\/wp-json\/wp\/v2\/categories?post=406958"},{"taxonomy":"post_tag","embeddable":true,"href":"https:\/\/www.europesays.com\/fr\/wp-json\/wp\/v2\/tags?post=406958"}],"curies":[{"name":"wp","href":"https:\/\/api.w.org\/{rel}","templated":true}]}}