{"id":406963,"date":"2025-09-21T10:32:24","date_gmt":"2025-09-21T10:32:24","guid":{"rendered":"https:\/\/www.europesays.com\/fr\/406963\/"},"modified":"2025-09-21T10:32:24","modified_gmt":"2025-09-21T10:32:24","slug":"sales-dechirees-ces-oeuvres-monumentales-quil-ne-faut-pas-manquer","status":"publish","type":"post","link":"https:\/\/www.europesays.com\/fr\/406963\/","title":{"rendered":"Sales, d\u00e9chir\u00e9es\u2026 Ces \u0153uvres monumentales qu\u2019il ne faut pas manquer"},"content":{"rendered":"<p>Ceux qui sont habitu\u00e9s aux d\u00e9cors rouge vif et aux \u00ab\u00a0N\u00a0\u00bb dor\u00e9s honorant Napol\u00e9on III noteront sans doute la diff\u00e9rence. Depuis quelques jours, les murs d\u00e9j\u00e0 charg\u00e9s de la superbe Grand&rsquo;chambre du Parlement de Bretagne ont \u00e9t\u00e9 recouverts par six tableaux monumentaux de cinq m\u00e8tres de haut. Ces \u00ab\u00a0cartons\u00a0\u00bb sont en fait les \u00ab\u00a0brouillons\u00a0\u00bb des tapisseries qui avaient \u00e9t\u00e9 command\u00e9es aux peintres parisiens \u00c9douard Toudouze et Auguste Fran\u00e7ois Gorguet dans les ann\u00e9es\u00a01900. Un ensemble monumental de onze tapisseries qui <a href=\"https:\/\/www.20minutes.fr\/societe\/4074185-20240205-rennes-trente-ans-apres-incendie-parlement-bretagne-reste-mystere\" class=\"c-link c-link--is-underlined\" target=\"_blank\" rel=\"noopener\">a en partie disparu dans l\u2019incendie de\u00a01994<\/a> qui avait frapp\u00e9 ce joyau patrimonial de <a href=\"https:\/\/www.20minutes.fr\/rennes\/\" class=\"c-link c-link--is-underlined\" target=\"_blank\" rel=\"noopener\">Rennes<\/a>.<\/p>\n<p>A l\u2019\u00e9poque, les \u0153uvres qui avaient pu \u00eatre sauv\u00e9es avaient \u00e9t\u00e9 envoy\u00e9es dans un atelier de restauration en r\u00e9gion parisienne. Atelier qui <a href=\"https:\/\/www.lemonde.fr\/archives\/article\/1997\/01\/31\/patrimoine-dix-tapisseries-detruites-lors-d-un-incendie-dans-les-etablissements-bobin_3741465_1819218.html\" rel=\"nofollow noopener\" target=\"_blank\" class=\"c-link c-link--is-underlined\">avait lui aussi br\u00fbl\u00e9 en\u00a01997<\/a>. Bref, une histoire de feu et d\u2019eau (celle des pompiers venus traiter l\u2019incendie) qui a fait de gros d\u00e9g\u00e2ts sur ces \u0153uvres racontant l\u2019histoire de la <a href=\"https:\/\/www.20minutes.fr\/dossier\/bretagne\" class=\"c-link c-link--is-underlined\" target=\"_blank\" rel=\"noopener\">Bretagne<\/a>. Mais tout n\u2019avait pas \u00e9t\u00e9 perdu.<\/p>\n<p><img decoding=\"async\" alt=\"Plusieurs tableaux monumentaux viennent orner les murs de la Grand'chambre du Parlement de Bretagne, \u00e0 Rennes. \" class=\"c-img\" loading=\"lazy\" fetchpriority=\"auto\" width=\"718\"  src=\"https:\/\/img.20mn.fr\/ioTPzBRYQuaKd_XfugVSsCk\/718x0\" \/>Plusieurs tableaux monumentaux viennent orner les murs de la Grand&rsquo;chambre du Parlement de Bretagne, \u00e0 Rennes. \u2002-\u00a0C. Allain\/20 Minutes<\/p>\n<p>Dispers\u00e9s ici et l\u00e0, les cartons de ces tapisseries ont \u00e9t\u00e9 restaur\u00e9s, gr\u00e2ce \u00e0 l\u2019aide de la Fondation du patrimoine et de quelques m\u00e9c\u00e8nes priv\u00e9s. \u00ab\u00a0Ce sont des pi\u00e8ces qui n\u2019\u00e9taient pas montr\u00e9es, parce qu\u2019elles n\u2019\u00e9taient pas montrables. On a ici un v\u00e9ritable morceau du patrimoine rennais\u00a0\u00bb, assure S\u00e9l\u00e8ne Tonon, conseill\u00e8re municipale d\u00e9l\u00e9gu\u00e9e aux mus\u00e9es.<\/p>\n<p>\u00ab\u00a0Personne ne savait trop o\u00f9 ils \u00e9taient\u00a0\u00bb<\/p>\n<p>Gr\u00e2ce au travail men\u00e9 pendant dix ans par les \u00e9quipes du mus\u00e9e des Beaux-Arts de Rennes et de la cour d\u2019appel, qui occupent le Parlement depuis sa r\u00e9ouverture en\u00a02004, les \u0153uvres peuvent \u00eatre d\u00e9voil\u00e9es. Ces tableaux majestueux servaient en fait de calque pour les tisserands des ateliers Gobelins qui devaient les reproduire. Restaur\u00e9s, ils seront pr\u00e9sent\u00e9s pour la premi\u00e8re fois <a href=\"https:\/\/www.tourisme-rennes.com\/sortir\/jemp-2025-le-parlement-de-bretagne\/\" rel=\"nofollow noopener\" target=\"_blank\" class=\"c-link c-link--is-underlined\">ce week-end dans le cadre des Journ\u00e9es europ\u00e9ennes du patrimoine<\/a>.<\/p>\n<\/p>\n<p>Et \u00e0 \u00e9couter le conservateur qui a supervis\u00e9 la restauration, c\u2019est presque un miracle de les voir ainsi accroch\u00e9s. \u00ab\u00a0Pendant des ann\u00e9es, certains ornaient les escaliers de la pr\u00e9fecture. Et puis quelqu\u2019un a demand\u00e9 \u00e0 les enlever. Ils ont \u00e9t\u00e9 arrach\u00e9s et pli\u00e9s puis ils ont \u00e9t\u00e9 stock\u00e9s dans les caves de la pr\u00e9fecture, avant d\u2019atterrir dans le grenier de la mairie. Il y avait une sorte de mythe. Personne ne savait trop o\u00f9 ils \u00e9taient\u00a0\u00bb, raconte Guillaume Kazerouni, responsable des collections d\u2019art ancien du mus\u00e9e des beaux-arts.<\/p>\n<p>Apr\u00e8s l\u2019incendie de\u00a01994, les cartons avaient finalement \u00e9t\u00e9 envoy\u00e9s dans les r\u00e9serves du mus\u00e9e, sans pouvoir \u00eatre montr\u00e9s. \u00ab\u00a0J\u2019\u00e9tais tout seul devant. J\u2019avais envie que tout le monde les voit\u00a0\u00bb, poursuit l\u2019historien. Mais il n\u2019est simple d\u2019afficher des peintures de cinq m\u00e8tres de haut. Surtout quand elles ne sont pas encadr\u00e9es. \u00ab\u00a0Les tableaux \u00e9taient sales, ab\u00eem\u00e9s et parfois d\u00e9chir\u00e9s\u00a0\u00bb, raconte Guillaume Kazerouni. O\u00f9 les mettre\u00a0? Comment les restaurer\u00a0? L\u2019id\u00e9e a germ\u00e9 de faire appel \u00e0 des m\u00e9c\u00e8nes pour collecter les fonds n\u00e9cessaires \u00e0 leur remise en \u00e9tat. Une op\u00e9ration longue pour des travaux estim\u00e9s \u00e0 20.000 euros par tableau.<\/p>\n<p>Des tr\u00e9sors visibles toute l\u2019ann\u00e9e<\/p>\n<p>Pour les mettre en valeur, l\u2019historien et ses \u00e9quipes ont fait le choix d\u2019accrocher ces cartons dans la Grand&rsquo;chambre, l\u00e0 o\u00f9 plusieurs tapisseries avaient \u00e9t\u00e9 ab\u00eem\u00e9es pendant l\u2019incendie. Elles rejoignent ainsi <a href=\"https:\/\/www.20minutes.fr\/rennes\/2168719-20171114-video-rennes-noye-brule-puis-oublie-monumental-tableau-anne-bretagne-retour-parlement\" class=\"c-link c-link--is-underlined\" target=\"_blank\" rel=\"noopener\">le mariage d\u2019Anne de Bretagne avec Charles VIII <\/a>et la mort de Duguesclin, d\u00e9j\u00e0 pr\u00e9sente dans la salle. Quatre des six \u0153uvres pr\u00e9sent\u00e9es sur les murs n\u2019existent plus en tapisserie et sont donc <a href=\"https:\/\/www.20minutes.fr\/rennes\/1797323-20160301-rennes-incroyable-destin-tapisseries-parlement-bretagne\" class=\"c-link c-link--is-underlined\" target=\"_blank\" rel=\"noopener\">des vestiges uniques de cet ensemble monumental<\/a>.<\/p>\n<p><img decoding=\"async\" alt=\"Voici \u00e0 quoi ressemblait la Grand'chambre du parlement de Bretagne avant l'arriv\u00e9e des cartons, venus recouvrir les murs rouges. \" class=\"c-img\" loading=\"lazy\" fetchpriority=\"auto\" width=\"718\"  src=\"https:\/\/img.20mn.fr\/yAzIk7S5RGKDj048h8K0sik\/718x0\" \/>Voici \u00e0 quoi ressemblait la Grand&rsquo;chambre du parlement de Bretagne avant l&rsquo;arriv\u00e9e des cartons, venus recouvrir les murs rouges. \u2002-\u00a0Bruno Colliot\/Sipa<\/p>\n<p>Ce week-end, l\u2019ensemble des \u0153uvres sera visible gratuitement dans le cadre des <a href=\"https:\/\/www.20minutes.fr\/dossier\/journees_europeennes_du_patrimoine\" class=\"c-link c-link--is-underlined\" target=\"_blank\" rel=\"noopener\">Journ\u00e9es du patrimoine<\/a>. Apr\u00e8s cette date, les cartons resteront en place et pourront \u00eatre vus lors des visites guid\u00e9es organis\u00e9es toute l\u2019ann\u00e9e. Que pourrez-vous y voir\u00a0? Jeanne d\u2019Arc et le Conn\u00e9table Richemont, Le Combat des Trente, Le Couronnement de Nomino\u00eb ou encore La Pr\u00e9dication d\u2019Ab\u00e9lard. Des tr\u00e9sors. \u00ab\u00a0L\u2019avantage de ces cartons peints, c\u2019est qu\u2019ils restituent mieux les couleurs d\u2019\u00e9poque que les tapisseries, qui ont tendance \u00e0 perdre leur teinte avec le temps\u00a0\u00bb, souligne Guillaume Kazerouni. L\u2019occasion de d\u00e9couvrir la Grand&rsquo;chambre dans une ambiance unique m\u00ealant un plafond du XVIIe\u00a0si\u00e8cle, des \u0153uvres du XIXe\u00a0si\u00e8cle et des tableaux restaur\u00e9s en\u00a02025. Un voyage dans le temps. Et un patrimoine vivant.<\/p>\n","protected":false},"excerpt":{"rendered":"Ceux qui sont habitu\u00e9s aux d\u00e9cors rouge vif et aux \u00ab\u00a0N\u00a0\u00bb dor\u00e9s honorant Napol\u00e9on III noteront sans doute&hellip;\n","protected":false},"author":2,"featured_media":406964,"comment_status":"","ping_status":"","sticky":false,"template":"","format":"standard","meta":{"footnotes":""},"categories":[2821],"tags":[1111,47,11,3734,829,1777,674,1011,27,937,848,1310,47275,12,1050,2551,1585,584,25,2021,104],"class_list":{"0":"post-406963","1":"post","2":"type-post","3":"status-publish","4":"format-standard","5":"has-post-thumbnail","7":"category-rennes","8":"tag-actu","9":"tag-actualite","10":"tag-actualites","11":"tag-art","12":"tag-bretagne","13":"tag-eu","14":"tag-europe","15":"tag-fr","16":"tag-france","17":"tag-histoire","18":"tag-ille-et-vilaine","19":"tag-incendie","20":"tag-journees-europeennes-du-patrimoine","21":"tag-news","22":"tag-parlement","23":"tag-patrimoine","24":"tag-peinture","25":"tag-rennes","26":"tag-republique-francaise","27":"tag-restauration","28":"tag-societe"},"share_on_mastodon":{"url":"https:\/\/pubeurope.com\/@fr\/115241835024724226","error":""},"_links":{"self":[{"href":"https:\/\/www.europesays.com\/fr\/wp-json\/wp\/v2\/posts\/406963","targetHints":{"allow":["GET"]}}],"collection":[{"href":"https:\/\/www.europesays.com\/fr\/wp-json\/wp\/v2\/posts"}],"about":[{"href":"https:\/\/www.europesays.com\/fr\/wp-json\/wp\/v2\/types\/post"}],"author":[{"embeddable":true,"href":"https:\/\/www.europesays.com\/fr\/wp-json\/wp\/v2\/users\/2"}],"replies":[{"embeddable":true,"href":"https:\/\/www.europesays.com\/fr\/wp-json\/wp\/v2\/comments?post=406963"}],"version-history":[{"count":0,"href":"https:\/\/www.europesays.com\/fr\/wp-json\/wp\/v2\/posts\/406963\/revisions"}],"wp:featuredmedia":[{"embeddable":true,"href":"https:\/\/www.europesays.com\/fr\/wp-json\/wp\/v2\/media\/406964"}],"wp:attachment":[{"href":"https:\/\/www.europesays.com\/fr\/wp-json\/wp\/v2\/media?parent=406963"}],"wp:term":[{"taxonomy":"category","embeddable":true,"href":"https:\/\/www.europesays.com\/fr\/wp-json\/wp\/v2\/categories?post=406963"},{"taxonomy":"post_tag","embeddable":true,"href":"https:\/\/www.europesays.com\/fr\/wp-json\/wp\/v2\/tags?post=406963"}],"curies":[{"name":"wp","href":"https:\/\/api.w.org\/{rel}","templated":true}]}}