{"id":406973,"date":"2025-09-21T10:38:10","date_gmt":"2025-09-21T10:38:10","guid":{"rendered":"https:\/\/www.europesays.com\/fr\/406973\/"},"modified":"2025-09-21T10:38:10","modified_gmt":"2025-09-21T10:38:10","slug":"brest-nice-un-joueur-de-tres-haut-niveau-romain-del-castillo-pret-a-redevenir-incontournable","status":"publish","type":"post","link":"https:\/\/www.europesays.com\/fr\/406973\/","title":{"rendered":"Brest &#8211; Nice\u00a0: \u00ab\u00a0Un joueur de tr\u00e8s haut niveau\u00a0\u00bb, Romain Del Castillo pr\u00eat \u00e0 redevenir incontournable"},"content":{"rendered":"<p>Ligue 1 (5e journ\u00e9e). Stade Brestois &#8211; OGC Nice : 4-1<\/p>\n<p>En dix minutes, <a href=\"https:\/\/www.letelegramme.fr\/sports\/football\/stade-brestois\/si-on-mavait-dit-avant-la-rencontre-quon-allait-gagner-4-1-transfigure-le-stade-brestois-lance-sa-saison-en-surclassant-logc-nice-6893478.php\" title=\"www.letelegramme.fr\" target=\"_blank\" rel=\"noopener\">lors de la victoire contre Nice (4-1)<\/a>, samedi, Romain Del Castillo a rappel\u00e9 quel joueur il pouvait \u00eatre. D\u2019abord, il r\u00e9alise un joli num\u00e9ro conclu par une offrande \u00e0 Ludovic Ajorque (6\u2019), puis il marque, son deuxi\u00e8me but de la saison, d\u2019une splendide frappe \u00e0 l\u2019instinct qui s\u2019est log\u00e9e dans la lucarne de Diouf (9\u2019). \u00ab C\u2019est un geste que j\u2019aime bien faire. \u00c7a faisait un moment que je n\u2019avais pas marqu\u00e9 comme \u00e7a, rappelle l\u2019ailier brestois. C\u2019\u00e9tait vraiment un bon jour. \u00bb Un but \u00ab fantastique \u00bb, dira \u00c9ric Roy.<\/p>\n<p>Apr\u00e8s les brimades, les louanges<\/p>\n<p>Pourtant, vendredi, entre l\u2019entra\u00eeneur et son joueur, le ton \u00e9tait bien mont\u00e9 \u00e0 l\u2019entra\u00eenement, avant de se quitter sur une accolade. \u00ab Dans un groupe, on se dit les choses. Avec le coach, \u00e7a fait assez longtemps qu\u2019on se conna\u00eet. Parfois, il est dur, mais \u00e7a marche. C\u2019est important d\u2019avoir ces discussions \u00bb, confie Del Castillo.<\/p>\n<p>Le technicien assume cette relation singuli\u00e8re avec son joueur : \u00ab Comme un grand fr\u00e8re ou quelqu\u2019un de la famille, on peut s\u2019engueuler. Je l\u2019ai un peu boug\u00e9 \u00e0 l\u2019entra\u00eenement et \u00e7a m\u2019a fait mal apr\u00e8s. Juste avant le coup d\u2019envoi, je lui ai envoy\u00e9 un bisou, \u00e7a l\u2019a fait rigoler. Je pense qu\u2019il sait que je suis exigeant avec lui parce qu\u2019il a \u00e9norm\u00e9ment de qualit\u00e9s. C\u2019est le type de joueur qui a besoin d\u2019\u00eatre, de temps en temps, un peu r\u00e9veill\u00e9. Et je suis tr\u00e8s heureux de son match. \u00bb<\/p>\n<p>Au-del\u00e0 de son but et de son apport offensif, et s\u2019il a disparu par s\u00e9quences, c\u2019est surtout son activit\u00e9 qui a marqu\u00e9 son entra\u00eeneur : \u00ab Ce que j\u2019ai aim\u00e9 par-dessus tout, c\u2019est son investissement d\u00e9fensif, son replacement. Le fait qu\u2019il ait r\u00e9cup\u00e9r\u00e9 des ballons, qu\u2019il se soit battu. Qu\u2019il ait enfil\u00e9 aussi le bleu de chauffe parce qu\u2019on a besoin d\u2019avoir \u00e7a. Cette ann\u00e9e, on aura peut-\u00eatre moins de ballons que les ann\u00e9es pr\u00e9c\u00e9dentes. Et qu\u2019il faudra aussi avoir ces qualit\u00e9s-l\u00e0 d\u2019abn\u00e9gation, de solidarit\u00e9, de r\u00e9silience. Et je veux qu\u2019il cultive \u00e7a. Parce que s\u2019il arrive \u00e0 hausser le curseur \u00e0 ce niveau-l\u00e0, il est un joueur de tr\u00e8s haut niveau. \u00bb<\/p>\n<p>\u00ab Cette saison, j\u2019ai envie de faire tous les matchs \u00bb<\/p>\n<p>D\u2019autant que l\u2019ancien Rennais sort d\u2019un dernier exercice tronqu\u00e9 par les blessures et marqu\u00e9e par des performances irr\u00e9guli\u00e8res. \u00ab Je me sens bien, j\u2019ai fait une bonne pr\u00e9paration. L\u2019an dernier, je me suis assez mordu les doigts m\u00eame si j\u2019ai eu des stats correctes (6 buts et 4 passes d\u00e9cisives en 2024-2025). Cette saison, j\u2019ai envie de faire tous les matchs. \u00bb<\/p>\n<p><a href=\"https:\/\/www.letelegramme.fr\/sports\/football\/stade-brestois\/brest-nice-lun-des-meilleurs-de-ligue-1-ludovic-ajorque-lattaquant-sous-estime-qui-brille-et-sublime-un-collectif-6893475.php\" target=\"_blank\" rel=\"noopener\">Si Ludovic Ajorque, injouable<\/a>, lui a vol\u00e9 la vedette, Del Castillo a envoy\u00e9 un message clair \ufeff : apr\u00e8s une saison en dents de scie, il est bien d\u00e9cid\u00e9 \u00e0 redevenir l\u2019un des cadres du Stade Brestois.<\/p>\n","protected":false},"excerpt":{"rendered":"Ligue 1 (5e journ\u00e9e). Stade Brestois &#8211; OGC Nice : 4-1 En dix minutes, lors de la victoire&hellip;\n","protected":false},"author":2,"featured_media":406974,"comment_status":"","ping_status":"","sticky":false,"template":"","format":"standard","meta":{"footnotes":""},"categories":[2819],"tags":[1111,11,3450,1777,674,63,1011,27,66,12,2401,882,25,60,4449],"class_list":{"0":"post-406973","1":"post","2":"type-post","3":"status-publish","4":"format-standard","5":"has-post-thumbnail","7":"category-nice","8":"tag-actu","9":"tag-actualites","10":"tag-brest","11":"tag-eu","12":"tag-europe","13":"tag-football","14":"tag-fr","15":"tag-france","16":"tag-ligue-1","17":"tag-news","18":"tag-nice","19":"tag-provence-alpes-cote-dazur","20":"tag-republique-francaise","21":"tag-sports","22":"tag-stade-brestois"},"share_on_mastodon":{"url":"https:\/\/pubeurope.com\/@fr\/115241858058618796","error":""},"_links":{"self":[{"href":"https:\/\/www.europesays.com\/fr\/wp-json\/wp\/v2\/posts\/406973","targetHints":{"allow":["GET"]}}],"collection":[{"href":"https:\/\/www.europesays.com\/fr\/wp-json\/wp\/v2\/posts"}],"about":[{"href":"https:\/\/www.europesays.com\/fr\/wp-json\/wp\/v2\/types\/post"}],"author":[{"embeddable":true,"href":"https:\/\/www.europesays.com\/fr\/wp-json\/wp\/v2\/users\/2"}],"replies":[{"embeddable":true,"href":"https:\/\/www.europesays.com\/fr\/wp-json\/wp\/v2\/comments?post=406973"}],"version-history":[{"count":0,"href":"https:\/\/www.europesays.com\/fr\/wp-json\/wp\/v2\/posts\/406973\/revisions"}],"wp:featuredmedia":[{"embeddable":true,"href":"https:\/\/www.europesays.com\/fr\/wp-json\/wp\/v2\/media\/406974"}],"wp:attachment":[{"href":"https:\/\/www.europesays.com\/fr\/wp-json\/wp\/v2\/media?parent=406973"}],"wp:term":[{"taxonomy":"category","embeddable":true,"href":"https:\/\/www.europesays.com\/fr\/wp-json\/wp\/v2\/categories?post=406973"},{"taxonomy":"post_tag","embeddable":true,"href":"https:\/\/www.europesays.com\/fr\/wp-json\/wp\/v2\/tags?post=406973"}],"curies":[{"name":"wp","href":"https:\/\/api.w.org\/{rel}","templated":true}]}}