{"id":406981,"date":"2025-09-21T10:42:15","date_gmt":"2025-09-21T10:42:15","guid":{"rendered":"https:\/\/www.europesays.com\/fr\/406981\/"},"modified":"2025-09-21T10:42:15","modified_gmt":"2025-09-21T10:42:15","slug":"five-guys-pop-mart-burger-king-quels-sont-les-nouveaux-commerces-de-la-rentree-a-bordeaux","status":"publish","type":"post","link":"https:\/\/www.europesays.com\/fr\/406981\/","title":{"rendered":"Five Guys, Pop Mart, Burger King&#8230; Quels sont les nouveaux commerces de la rentr\u00e9e \u00e0 Bordeaux\u00a0?"},"content":{"rendered":"<p>            Par<br \/>\n        <strong><br \/>\n            <a href=\"https:\/\/actu.fr\/auteur\/julian-doubax\" title=\"Consulter tous les articles de Julian Doubax\" rel=\"nofollow noopener\" target=\"_blank\">Julian Doubax<\/a><br \/>\n        <\/strong><\/p>\n<p>        Publi\u00e9 le<\/p>\n<p>            21 sept. 2025 \u00e0 12h32        <\/p>\n<p>Pour la rentr\u00e9e scolaire, plusieurs commerces<strong> ont ouvert leurs portes<\/strong> \u00e0 Bordeaux. Apr\u00e8s plusieurs semaines de travaux durant l\u2019\u00e9t\u00e9 pour certains, les choses s\u00e9rieuses viennent enfin de d\u00e9buter. Restaurants, bars, magasins en tout genre\u2026 Pour l\u2019occasion, <a href=\"https:\/\/actu.fr\/bordeaux\/\" rel=\"nofollow noopener\" target=\"_blank\">actu Bordeaux<\/a> vous dresse une<strong> liste des nouveaut\u00e9s <\/strong>dans la capitale girondine mais aussi les futures ouvertures.<\/p>\n<p>Ils sont d\u00e9j\u00e0 ouverts : Pop Mart<\/p>\n<p class=\" wall-content\">En haut de la rue Sainte-Catherine, le magasin <a href=\"https:\/\/actu.fr\/nouvelle-aquitaine\/bordeaux_33063\/ses-peluches-affolent-les-reseaux-cette-marque-chinoise-ouvre-sa-premiere-boutique-a-bordeaux_63115184.html\" rel=\"nofollow noopener\" target=\"_blank\">Pop Mart<\/a> vient de remplacer Hubside, enseigne de t\u00e9l\u00e9phonie. La marque asiatique est sp\u00e9cialis\u00e9e dans la vente de <strong>figurines de collection<\/strong>. Lors de son ouverture, le mercredi 10\u00a0septembre, la boutique a \u00e9t\u00e9 prise d\u2019assaut par de nombreux clients venus se procurer une <strong>peluche Labubu<\/strong>, v\u00e9ritable ph\u00e9nom\u00e8ne de mode en France qui a propuls\u00e9 Pop Mart sur le devant de la sc\u00e8ne.<\/p>\n<p>    <img   decoding=\"async\" loading=\"lazy\" src=\"https:\/\/www.europesays.com\/fr\/wp-content\/uploads\/2025\/09\/pop-mart-bordeaux-rue-sainte-catherine-960x640.jpg\" alt=\"Un magasin Pop Mart s'installe rue Sainte-Catherine \u00e0 Bordeaux. Il doit ouvrir le 10 septembre 2025. \" width=\"960\" height=\"640\"\/><br \/>\n    Un magasin Pop Mart s\u2019installe rue Sainte-Catherine \u00e0 Bordeaux. Il doit ouvrir le 10\u00a0septembre 2025. (\u00a9actu Bordeaux \/ Juliette Cardinale)La Petite Fabrique<\/p>\n<p class=\" wall-content\">Direction le centre commercial de Bordeaux-Lac pour l\u2019ouverture d\u2019une nouvelle boutique. C\u2019est <a href=\"https:\/\/actu.fr\/nouvelle-aquitaine\/bordeaux_33063\/bordeaux-lac-il-transforme-son-magasin-vieux-de-25-ans-et-lance-le-tout-nouveau-concept-de-cette-enseigne_63134428.html\" rel=\"nofollow noopener\" target=\"_blank\">Fabrique de Styles<\/a> qui s\u2019implante avec un magasin appel\u00e9 la Petite Fabrique, version condens\u00e9e de l\u2019enseigne de <strong>d\u00e9coration et de cadeaux<\/strong>. Les clients peuvent retrouver une s\u00e9lection vari\u00e9e de meubles, chaises ou autre mobilier.<\/p>\n<p>HBT<\/p>\n<p class=\" wall-content\">Une nouvelle adresse au sein de la Promenade Sainte-Catherine\u2009! Le lundi 15\u00a0septembre, <strong>HBT<\/strong> a ouvert ses portes, en face de la boutique Rougier &amp; Pl\u00e9. Cette marque marseillaise de v\u00eatements propose une large panoplie en s\u2019inspirant de la culture underground. Pantalons, blazers ou encore combinaisons, les hommes ou les femmes pourront trouver leur bonheur dans les rayons. Ce n\u2019est pas la seule nouveaut\u00e9 dans la Promenade. <strong>Deux boutiques vont prochainement ouvrir<\/strong>\u2009: l\u2019une sera un magasin d\u00e9di\u00e9 \u00e0 la d\u00e9coration et \u00e0 la maison, l\u2019autre n\u2019a pas encore d\u00e9voil\u00e9 son concept.<\/p>\n<p>    <img   decoding=\"async\" loading=\"lazy\" src=\"https:\/\/www.europesays.com\/fr\/wp-content\/uploads\/2025\/09\/photo-3-9-960x640.jpeg\" alt=\"L'enseigne vient d'ouvrir dans la Promenade Sainte-Catherine. \" width=\"960\" height=\"640\"\/><br \/>\n    L\u2019enseigne vient d\u2019ouvrir dans la Promenade Sainte-Catherine. (\u00a9actu Bordeaux \/ Julian Doubax)Pas de Lune<\/p>\n<p class=\" wall-content\">Le 4\u00a0septembre, le<a href=\"https:\/\/actu.fr\/nouvelle-aquitaine\/bordeaux_33063\/concerts-stand-up-dj-sets-elle-ouvre-un-bar-culturel-dans-cet-espace-remarquable-de-bordeaux_63131444.html\" rel=\"nofollow noopener\" target=\"_blank\"> Pas de Lune<\/a> a ouvert dans le quartier Sainte-Croix. Ce bar culturel remplace la <a href=\"https:\/\/actu.fr\/nouvelle-aquitaine\/bordeaux_33063\/comment-la-propriete-oubliee-d-un-milliardaire-est-devenue-une-brasserie-a-bordeaux_58437921.html\" rel=\"nofollow noopener\" target=\"_blank\">Brasserie du Port<\/a>. Concerts, spectacles d\u2019humour et sc\u00e8ne ouverte, les personnes peuvent venir boire un verre entre amis dans <strong>une ambiance chaleureuse<\/strong>. Aux commandes\u2009: L\u00e9a Capdevieille, issue d\u2019une famille de restaurateurs bordelais, qui a travaill\u00e9 dans plusieurs domaines comme la restauration, l\u2019h\u00f4tellerie et le monde du spectacle en France et \u00e0 l\u2019\u00e9tranger.<\/p>\n<p>Votre r\u00e9gion, votre actu !<\/p>\n<p>Recevez chaque jour les infos qui comptent pour vous.<\/p>\n<p>\t<a href=\"https:\/\/actu.fr\/newsletter\" class=\"ac-btn ac-btn--corner ac-btn--medium ac-btn--blue800\" rel=\"nofollow noopener\" target=\"_blank\">S&rsquo;incrire<\/a><\/p>\n<p>    <img   decoding=\"async\" loading=\"lazy\" src=\"https:\/\/www.europesays.com\/fr\/wp-content\/uploads\/2025\/09\/1758451333_492_pas-de-lune-interieur-bordeaux-960x640.jpg\" alt=\"L'int\u00e9rieur de l'\u00e9tablissement a \u00e9t\u00e9 transform\u00e9 pour l'ouverture du Pas de lune.\" width=\"960\" height=\"640\"\/><br \/>\n    L\u2019int\u00e9rieur de l\u2019\u00e9tablissement a \u00e9t\u00e9 transform\u00e9 pour l\u2019ouverture du Pas de lune. (\u00a9actu Bordeaux \/ Juliette Cardinale)Molino<\/p>\n<p class=\" wall-content\">La rive droite d\u00e9tient un nouveau restaurant avec l\u2019ouverture de <a href=\"https:\/\/actu.fr\/nouvelle-aquitaine\/bordeaux_33063\/a-bordeaux-ce-nouveau-cafe-veut-redonner-de-la-gourmandise-aux-vegetariens-et-seduire-les-fans-de-viande_63149256.html\" rel=\"nofollow noopener\" target=\"_blank\">Molino<\/a>, le 4\u00a0septembre. Ce caf\u00e9-cantine se concentre sur une<strong> cuisine v\u00e9g\u00e9tarienne<\/strong> avec des produits de saison. Aux fourneaux\u2009: Marion et Alexandre. Ces meilleurs amis se sont reconvertis dans le monde de la restauration il y a quelques ann\u00e9es par passion.<\/p>\n<p>    <img   decoding=\"async\" loading=\"lazy\" src=\"https:\/\/www.europesays.com\/fr\/wp-content\/uploads\/2025\/09\/photo-4-2-1-960x640.jpeg\" alt=\"Marion et Alexandre ont r\u00e9cemment ouvert leur restaurant sur la rive droite de Bordeaux.\" width=\"960\" height=\"640\"\/><br \/>\n    Marion et Alexandre ont r\u00e9cemment ouvert leur restaurant sur la rive droite de Bordeaux. (\u00a9actu Bordeaux \/ Julian Doubax)Babouchka<\/p>\n<p class=\" wall-content\">Les saveurs slaves viennent envahir le quartier Saint-Michel. Le restaurant <strong>Babouchka<\/strong> s\u2019est install\u00e9 dans la rue Camille Sauvageau. Tenu par un couple, il honore la<strong> gastronomie de l\u2019Europe de l\u2019Est et l\u2019Asie Centrale<\/strong>. Sur la carte, les clients peuvent retrouver du Bortch, soupe embl\u00e9matique d\u2019Ukraine ou des Pelmenis, ravioles \u00e0 p\u00e2te fine farcie de viande hach\u00e9e.<\/p>\n<p>Filoche<\/p>\n<p class=\" wall-content\">Une nouvelle adresse pour les<strong> amateurs de viande<\/strong>. Mercredi 3\u00a0septembre, le restaurant <strong>Filoche<\/strong> a ouvert, \u00e0 deux pas de la Porte Cailhau. Le lieu est tenu par Ga\u00ebl et Salvador, deux amis qui partagent la m\u00eame passion\u2009: la gastronomie. Dans leur \u00e9tablissement, les clients peuvent retrouver des classiques de la cuisine fran\u00e7aise, revisit\u00e9s avec rapidit\u00e9. Au menu\u2009: sandwichs au jarret de b\u0153uf ou \u00e0 l\u2019\u00e9chine de porc, le tout cuit pendant 7\u00a0heures.<\/p>\n<p>Ils vont prochainement ouvrir : Brasserie Vinatier<\/p>\n<p class=\" wall-content\">Le groupe de restauration parisien La Nouvelle Garde va d\u00e9barquer, en novembre prochain, dans le centre commercial Saint-Christoly. Leur nouvelle adresse se nomme <strong>Brasserie Vinatier<\/strong> et sera la neuvi\u00e8me adresse du groupe. Apr\u00e8s Paris, Marseille et Lyon, ces restaurateurs posent leurs valises \u00e0 Bordeaux. Une cuisine en lien avec les produits locaux et du terroir sera propos\u00e9e. <strong>Les travaux sont en cours.<\/strong><\/p>\n<p>    <img   decoding=\"async\" loading=\"lazy\" src=\"https:\/\/www.europesays.com\/fr\/wp-content\/uploads\/2025\/09\/548500007-784652390850435-1704065912791196506-n-960x640.jpg\" alt=\"Les premi\u00e8res affiches qui annoncent l'ouverture de la Brasserie Vinatier sont en train d'\u00e9clore. \" width=\"960\" height=\"640\"\/><br \/>\n    Les premi\u00e8res affiches qui annoncent l\u2019ouverture de la Brasserie Vinatier sont en train d\u2019\u00e9clore. (\u00a9actu Bordeaux \/ Charlotte Lesprit)Burger King<\/p>\n<p class=\" wall-content\">Le 1er\u00a0octobre, un <a href=\"https:\/\/actu.fr\/nouvelle-aquitaine\/bordeaux_33063\/date-d-ouverture-postes-a-pourvoir-ce-que-l-on-sait-sur-le-futur-burger-king-de-la-rive-droite-a-bordeaux_62979573.html\" rel=\"nofollow noopener\" target=\"_blank\">Burger King<\/a> va ouvrir sur la rive droite, sur les vestiges d\u2019un ancien Quick dans le <strong>quartier Bastide<\/strong>. La cha\u00eene de fast-food vient donc remplacer son concurrent. En ao\u00fbt, plusieurs entretiens \u00e9taient programm\u00e9s pour des postes \u00e0 pourvoir avant la grande ouverture.<\/p>\n<p>    <img   decoding=\"async\" loading=\"lazy\" src=\"https:\/\/www.europesays.com\/fr\/wp-content\/uploads\/2025\/09\/burger-king-bordeaux-960x640.jpg\" alt=\"Un Burger King doit ouvrir \u00e0 la place du Quick de Bordeaux Bastide, qui a ferm\u00e9 en 2023.\" width=\"960\" height=\"640\"\/><br \/>\n    Un Burger King va ouvrir sur l\u2019avenue Thiers, \u00e0 Bordeaux. (\u00a9Actu Bordeaux \/ Nicolas Gosselin)Five Guys<\/p>\n<p class=\" wall-content\">Son ouverture est annonc\u00e9e depuis plusieurs mois. <a href=\"https:\/\/actu.fr\/nouvelle-aquitaine\/bordeaux_33063\/reputee-pour-ses-burgers-five-guys-devoile-la-date-d-ouverture-de-son-nouveau-restaurant-a-bordeaux_62726059.html\" rel=\"nofollow noopener\" target=\"_blank\">Five Guys<\/a>, c\u00e9l\u00e8bre enseigne am\u00e9ricaine de fast-food, s\u2019est install\u00e9e dans la rue Saint-R\u00e9mi. Si aucune date exacte n\u2019a encore \u00e9t\u00e9 d\u00e9voil\u00e9e, le restaurant devrait accueillir <strong>ses premiers clients en septembre\u00a02025<\/strong>, d\u2019apr\u00e8s les informations d\u2019<a href=\"https:\/\/actu.fr\/bordeaux\/\" rel=\"nofollow noopener\" target=\"_blank\">actu Bordeaux<\/a> communiqu\u00e9es le 6\u00a0juin dernier. L\u2019enseigne Five Guys est r\u00e9put\u00e9e pour ses <strong>burgers enti\u00e8rement personnalisables<\/strong> et a d\u00e9j\u00e0 plusieurs adresses dans l\u2019Hexagone.<\/p>\n<p class=\" wall-content\">Personnalisez votre actualit\u00e9 en ajoutant vos villes et m\u00e9dias en favori avec <a href=\"https:\/\/moncompte.actu.fr\" title=\"D\u00e9couvez Mon Actu\" rel=\"nofollow noopener\" data-trk=\"{&quot;cta&quot;:{&quot;action&quot;:&quot;https:\\\/\\\/moncompte.actu.fr&quot;,&quot;category&quot;:&quot;mon compte&quot;,&quot;from&quot;:&quot;article footer&quot;,&quot;name&quot;:&quot;Mon actu&quot;,&quot;type&quot;:&quot;cta&quot;}}\" target=\"_blank\">Mon Actu<\/a>.<\/p>\n","protected":false},"excerpt":{"rendered":"Par Julian Doubax Publi\u00e9 le 21 sept. 2025 \u00e0 12h32 Pour la rentr\u00e9e scolaire, plusieurs commerces ont ouvert&hellip;\n","protected":false},"author":2,"featured_media":406982,"comment_status":"","ping_status":"","sticky":false,"template":"","format":"standard","meta":{"footnotes":""},"categories":[2817],"tags":[1111,11,1997,215,1777,674,1011,27,1661,12,2219,25,1340,104],"class_list":{"0":"post-406981","1":"post","2":"type-post","3":"status-publish","4":"format-standard","5":"has-post-thumbnail","7":"category-bordeaux","8":"tag-actu","9":"tag-actualites","10":"tag-bordeaux","11":"tag-commerce","12":"tag-eu","13":"tag-europe","14":"tag-fr","15":"tag-france","16":"tag-gastronomie","17":"tag-news","18":"tag-nouvelle-aquitaine","19":"tag-republique-francaise","20":"tag-restaurant","21":"tag-societe"},"share_on_mastodon":{"url":"https:\/\/pubeurope.com\/@fr\/115241874530483994","error":""},"_links":{"self":[{"href":"https:\/\/www.europesays.com\/fr\/wp-json\/wp\/v2\/posts\/406981","targetHints":{"allow":["GET"]}}],"collection":[{"href":"https:\/\/www.europesays.com\/fr\/wp-json\/wp\/v2\/posts"}],"about":[{"href":"https:\/\/www.europesays.com\/fr\/wp-json\/wp\/v2\/types\/post"}],"author":[{"embeddable":true,"href":"https:\/\/www.europesays.com\/fr\/wp-json\/wp\/v2\/users\/2"}],"replies":[{"embeddable":true,"href":"https:\/\/www.europesays.com\/fr\/wp-json\/wp\/v2\/comments?post=406981"}],"version-history":[{"count":0,"href":"https:\/\/www.europesays.com\/fr\/wp-json\/wp\/v2\/posts\/406981\/revisions"}],"wp:featuredmedia":[{"embeddable":true,"href":"https:\/\/www.europesays.com\/fr\/wp-json\/wp\/v2\/media\/406982"}],"wp:attachment":[{"href":"https:\/\/www.europesays.com\/fr\/wp-json\/wp\/v2\/media?parent=406981"}],"wp:term":[{"taxonomy":"category","embeddable":true,"href":"https:\/\/www.europesays.com\/fr\/wp-json\/wp\/v2\/categories?post=406981"},{"taxonomy":"post_tag","embeddable":true,"href":"https:\/\/www.europesays.com\/fr\/wp-json\/wp\/v2\/tags?post=406981"}],"curies":[{"name":"wp","href":"https:\/\/api.w.org\/{rel}","templated":true}]}}