{"id":406983,"date":"2025-09-21T10:43:08","date_gmt":"2025-09-21T10:43:08","guid":{"rendered":"https:\/\/www.europesays.com\/fr\/406983\/"},"modified":"2025-09-21T10:43:08","modified_gmt":"2025-09-21T10:43:08","slug":"municipales-2026-a-toulouse-la-france-insoumise-et-les-ecologistes-partiront-separes-pour-les-elections","status":"publish","type":"post","link":"https:\/\/www.europesays.com\/fr\/406983\/","title":{"rendered":"Municipales 2026 \u00e0 Toulouse. La France Insoumise et les \u00c9cologistes partiront s\u00e9par\u00e9s pour les \u00e9lections"},"content":{"rendered":"<p>            Par<br \/>\n        <strong><br \/>\n            <a href=\"https:\/\/actu.fr\/auteur\/mareva-laville-actu-fr\" title=\"Consulter tous les articles de Mar\u00e9va Laville\" target=\"_blank\" rel=\"noopener\">Mar\u00e9va Laville<\/a><br \/>\n        <\/strong><\/p>\n<p>        Publi\u00e9 le<\/p>\n<p>            21 sept. 2025 \u00e0 12h32        <\/p>\n<p>La <strong>France Insoumise<\/strong> et les <strong>\u00c9cologistes<\/strong> feront bande \u00e0 part au premier tour des Municipales dans la Ville rose. En cette fin septembre 2025, la formation emmen\u00e9e par <strong>R\u00e9gis Godec<\/strong> pour les <a href=\"https:\/\/actu.fr\/toulouse\/politique\/elections-municipales\" target=\"_blank\" rel=\"noopener\">Municipales 2026 \u00e0 Toulouse <\/a>a d\u00e9clin\u00e9 \u00e0 une large majorit\u00e9 la proposition d\u2019alliance au premier tour formul\u00e9e par <strong>Fran\u00e7ois Piquemal.<\/strong> Candidat au Capitole, l\u2019actuel d\u00e9put\u00e9 (LFI) de la 4\u1d49 circonscription de la Haute-Garonne esp\u00e9rait incarner une union \u00e9colo-insoumise \u2014 derri\u00e8re lui, donc \u2014, en contrepartie de la promesse d\u2019une pr\u00e9sidence de Toulouse M\u00e9tropole confi\u00e9e aux \u00c9cologistes. Mais les militants verts ont balay\u00e9 cette id\u00e9e, pr\u00e9f\u00e9rant une <strong>t\u00eate de liste \u00ab\u2009d\u00e9mocratiquement d\u00e9sign\u00e9e\u2009\u00bb<\/strong>. Ils vont d\u00e9sormais plancher sur l\u2019union (ou pas) avec le reste de la gauche, dont le Parti socialiste. Le point.<\/p>\n<p>Les \u00c9colos ont tranch\u00e9 sur la proposition des Insoumis<\/p>\n<p class=\" wall-content\">Suite \u00e0 la proposition du parti de Jean-Luc M\u00e9lenchon d\u2019une cogouvernance \u00ab\u2009r\u00e9ellement partag\u00e9e et \u00e9quilibr\u00e9e\u2009\u00bb entre insoumis et \u00e9colos \u00e0 la <strong>Mairie<\/strong> et \u00e0 la <strong>M\u00e9tropole<\/strong> de Toulouse, <a href=\"https:\/\/actu.fr\/occitanie\/toulouse_31555\/municipales-2026-a-toulouse-francois-piquemal-lfi-propose-la-presidence-de-la-metropole-aux-ecologistes_62486593.html\" target=\"_blank\" rel=\"noopener\">d\u00e9j\u00e0 annonc\u00e9e il y a quelques mois<\/a> et confirm\u00e9e ce lundi 15\u00a0septembre 2025, les <strong>\u00c9cologistes<\/strong> \u2013 rejoints par le parti Archipel Citoyen<a href=\"https:\/\/actu.fr\/occitanie\/toulouse_31555\/municipales-2026-a-toulouse-archipel-citoyen-veut-s-allier-avec-les-ecologistes-pour-le-premier-tour_62906039.html\" target=\"_blank\" rel=\"noopener\"> durant l\u2019\u00e9t\u00e9 dans la perspective du premier tour \u2013<\/a>, ont tranch\u00e9 jeudi 18\u00a0septembre au soir, lors d\u2019une assembl\u00e9e g\u00e9n\u00e9rale.<\/p>\n<p>L\u2019alliance Insoumis \u2013 \u00c9colos rejet\u00e9e par 82\u2009% des adh\u00e9rents<\/p>\n<p class=\" wall-content\">\u00ab\u2009La proposition faite par <a href=\"https:\/\/actu.fr\/occitanie\/toulouse_31555\/municipales-2026-a-toulouse-cantine-gratuite-et-ecoles-renovees-les-promesses-de-francois-piquemal-lfi_63109441.html\" target=\"_blank\" rel=\"noopener\">La France insoumise<\/a> aux \u00c9cologistes d\u2019une alliance d\u00e8s le premier tour a \u00e9t\u00e9 <strong>rejet\u00e9e \u00e0 82\u2009%<\/strong> (par les adh\u00e9rents, NDLR). Le groupe local a consid\u00e9r\u00e9 que leur proposition d\u2019union<strong> sans processus de d\u00e9signation de la t\u00eate de liste<\/strong> \u00e9tait contradictoire avec la <strong>m\u00e9thode d\u00e9mocratique<\/strong> port\u00e9e par les \u00c9cologistes\u2009\u00bb, indique le parti politique \u00e0 Actu Toulouse.\u00a0Rien de surprenant tant cette volont\u00e9 \u00e9tait clairement <a href=\"https:\/\/actu.fr\/occitanie\/toulouse_31555\/municipales-2026-a-toulouse-les-ecologistes-de-regis-godec-se-voient-tete-de-liste-d-une-union-de-la-gauche_62252832.html\" target=\"_blank\" rel=\"noopener\">affich\u00e9e d\u00e8s le d\u00e9but d\u2019ann\u00e9e 2025<\/a> par les \u00c9cologistes.<\/p>\n<p class=\" wall-content\">\u201cAvec H\u00e9l\u00e8ne Cabanes, nous proposons une m\u00e9thode et un cap politique capable de construire un rassemblement des forces de gauche et \u00e9cologistes\u00a0\u00bb, r\u00e9agit par ailleurs <strong>R\u00e9gis Godec<\/strong>, le chef de file. \u00ab\u00a0Nous incarnons <strong>l\u2019espoir d\u2019une alternance<\/strong> politique \u00e0 la majorit\u00e9 actuelle\u00a0\u00bb.<\/p>\n<p class=\" wall-content\">Une direction politique partag\u00e9e par leurs partenaires d\u2019<strong>Archipel citoyen,<\/strong> qui ont, eux, <a href=\"https:\/\/actu.fr\/occitanie\/toulouse_31555\/municipales-2026-a-toulouse-sans-tete-de-liste-conclue-a-gauche-archipel-citoyen-a-trouve-son-candidat_62633366.html\" target=\"_blank\" rel=\"noopener\">d\u00e9sign\u00e9 pour chef de file <strong>Maxime Le Texier<\/strong><\/a>. Ensemble, ils imaginent un \u00ab\u2009dispositif d\u2019union\u2009\u00bb pour \u00ab\u2009convaincre <strong>l\u2019ensemble des formations de gauche<\/strong> de former une seule liste de rassemblement, la plus large possible et en mesure d\u2019incarner <strong>l\u2019alternance \u00e0 Jean-Luc Moudenc\u2009\u00bb.<\/strong><\/p>\n<p>Le duo \u00c9colos-Archipel citoyen s\u2019alliera-t-il au PS et ses alli\u00e9s\u2009?<\/p>\n<p class=\" wall-content\">Faute d\u2019alliance avec LFI, ces deux partis trouveront-ils le chemin de l\u2019union avec un troisi\u00e8me bloc de gauche, men\u00e9 par le <strong>Parti socialiste (PS)<\/strong>\u2009? Le PS et son chef de file <strong>Fran\u00e7ois Brian\u00e7on<\/strong> militent pour <a href=\"https:\/\/actu.fr\/occitanie\/toulouse_31555\/municipales-2026-toulouse-le-ps-tres-optimiste-pour-aboutir-a-un-accord-avec-la-gauche-mais-sans-lfi_62796068.html\" target=\"_blank\" rel=\"noopener\">une coalition avec les communistes (PCF), G\u00e9n\u00e9ration. s, le PRG, Place publique, le MRC\u2026<\/a> et les \u00c9cologistes ainsi qu\u2019Archipel citoyen. <strong>Ouvertement sans les Insoumis<\/strong>. \u00c0 l\u2019instar de LFI, le PS avait \u00e9galement avanc\u00e9 l\u2019id\u00e9e de laisser la pr\u00e9sidence \u00e0 la M\u00e9tropole\u2026 aux \u00c9cologistes. \u00ab\u2009Je suis tr\u00e8s, tr\u00e8s optimiste sur la possibilit\u00e9 d\u2019arriver \u00e0 un accord\u2009\u00bb, d\u00e9clarait alors <a href=\"https:\/\/actu.fr\/occitanie\/toulouse_31555\/municipales-2026-toulouse-le-ps-tres-optimiste-pour-aboutir-a-un-accord-avec-la-gauche-mais-sans-lfi_62796068.html\" target=\"_blank\" rel=\"noopener\">Fran\u00e7ois Brian\u00e7on (PS) \u00e0 <\/a><a href=\"https:\/\/actu.fr\/occitanie\/toulouse_31555\/municipales-2026-toulouse-le-ps-tres-optimiste-pour-aboutir-a-un-accord-avec-la-gauche-mais-sans-lfi_62796068.html\" target=\"_blank\" rel=\"noopener\">Actu Toulouse<\/a>, au mois de juin.<\/p>\n<p>Vid\u00e9os : en ce moment sur Actu<\/p>\n<p class=\" wall-content\">Ces huit partis parviendront-ils \u00e0 sceller une alliance d\u00e8s le premier tour\u2009? Ou la gauche partira-t-elle en au moins trois listes\u2009? Jeudi soir, les adh\u00e9rents \u00e9cologistes ont r\u00e9affirm\u00e9 leur position\u2009: \u00ab\u2009La motion adopt\u00e9e \u00e0 89\u2009% par les adh\u00e9rent\u00b7es affirme que<strong> l\u2019union devra se faire autour d\u2019\u00e9l\u00e9ments programmatiques partag\u00e9s<\/strong>, d\u2019une juste repr\u00e9sentation des <strong>poids des formations politiques<\/strong>, d\u2019une gouvernance partag\u00e9e et d\u2019un processus ouvert de d\u00e9signation d\u2019une t\u00eate de liste\u2009\u00bb.<\/p>\n<p>Votre r\u00e9gion, votre actu !<\/p>\n<p>Recevez chaque jour les infos qui comptent pour vous.<\/p>\n<p>\t<a href=\"https:\/\/actu.fr\/newsletter\" class=\"ac-btn ac-btn--corner ac-btn--medium ac-btn--blue800\" target=\"_blank\" rel=\"noopener\">S&rsquo;incrire<\/a><br \/>\nPour les communistes, LFI \u00ab\u2009fait le jeu de la droite\u2009\u00bb<\/p>\n<p class=\" wall-content\">Sur ce dernier point, tous semblent d\u2019accord. Les six formations de gauche \u2013 G\u00e9n\u00e9ration. s, MRC, PCF, Place Publique, PRG et PS \u2013 ont sign\u00e9 \u00ab\u2009un mod\u00e8le de rassemblement respectueux de toutes et tous, <strong>sans imposer ni m\u00e9thode unique ni t\u00eate de liste\u2009\u00bb,<\/strong> rappelle le PCF dans un communiqu\u00e9 adress\u00e9 \u00e0 Actu Toulouse, qui tacle au passage <a href=\"https:\/\/actu.fr\/occitanie\/toulouse_31555\/municipales-2026-lfi-renonce-a-gagner-toulouse-les-communistes-se-verraient-bien-mener-la-liste-de-gauche_62271649.html\" target=\"_blank\" rel=\"noopener\">la d\u00e9cision \u00ab\u2009d\u2019isolement\u2009\u00bb de La France insoumise,<\/a> \u00ab\u2009imposant une d\u00e9marche non unitaire, faisant ainsi <strong>le jeu de la droite\u2009\u00bb.<\/strong><\/p>\n<p class=\" wall-content\">\u00ab\u2009Lors d\u2019une r\u00e9cente r\u00e9union \u00e0 huit, avec Archipel citoyen et les \u00c9cologistes, nous avons discut\u00e9 de l\u2019Union des gauches et des \u00e9cologistes, avec pour objectif la <strong>constitution d\u2019une nouvelle majorit\u00e9 municipale\u2009\u00bb<\/strong>, souligne le PCF, qui soumettra cette union au vote de ses 400\u00a0adh\u00e9rents en octobre. \u00ab\u2009Nous r\u00e9affirmons que le collectif de gauche actuellement en construction peut l\u2019emporter face au collectif de droite\u2009\u00bb. Affaire \u00e0 suivre.<\/p>\n<p class=\" wall-content\">Personnalisez votre actualit\u00e9 en ajoutant vos villes et m\u00e9dias en favori avec <a href=\"https:\/\/moncompte.actu.fr\" title=\"D\u00e9couvez Mon Actu\" rel=\"nofollow noopener\" data-trk=\"{&quot;cta&quot;:{&quot;action&quot;:&quot;https:\\\/\\\/moncompte.actu.fr&quot;,&quot;category&quot;:&quot;mon compte&quot;,&quot;from&quot;:&quot;article footer&quot;,&quot;name&quot;:&quot;Mon actu&quot;,&quot;type&quot;:&quot;cta&quot;}}\" target=\"_blank\">Mon Actu<\/a>.<\/p>\n","protected":false},"excerpt":{"rendered":"Par Mar\u00e9va Laville Publi\u00e9 le 21 sept. 2025 \u00e0 12h32 La France Insoumise et les \u00c9cologistes feront bande&hellip;\n","protected":false},"author":2,"featured_media":406984,"comment_status":"","ping_status":"","sticky":false,"template":"","format":"standard","meta":{"footnotes":""},"categories":[2816],"tags":[1111,11,4188,1777,674,7430,1011,27,1023,3434,12,2680,316,25,2312],"class_list":{"0":"post-406983","1":"post","2":"type-post","3":"status-publish","4":"format-standard","5":"has-post-thumbnail","7":"category-toulouse","8":"tag-actu","9":"tag-actualites","10":"tag-elections-municipales","11":"tag-eu","12":"tag-europe","13":"tag-europe-ecologie-les-verts-eelv","14":"tag-fr","15":"tag-france","16":"tag-la-france-insoumise-lfi","17":"tag-municipales-2026","18":"tag-news","19":"tag-occitanie","20":"tag-politique","21":"tag-republique-francaise","22":"tag-toulouse"},"share_on_mastodon":{"url":"https:\/\/pubeurope.com\/@fr\/115241877832742567","error":""},"_links":{"self":[{"href":"https:\/\/www.europesays.com\/fr\/wp-json\/wp\/v2\/posts\/406983","targetHints":{"allow":["GET"]}}],"collection":[{"href":"https:\/\/www.europesays.com\/fr\/wp-json\/wp\/v2\/posts"}],"about":[{"href":"https:\/\/www.europesays.com\/fr\/wp-json\/wp\/v2\/types\/post"}],"author":[{"embeddable":true,"href":"https:\/\/www.europesays.com\/fr\/wp-json\/wp\/v2\/users\/2"}],"replies":[{"embeddable":true,"href":"https:\/\/www.europesays.com\/fr\/wp-json\/wp\/v2\/comments?post=406983"}],"version-history":[{"count":0,"href":"https:\/\/www.europesays.com\/fr\/wp-json\/wp\/v2\/posts\/406983\/revisions"}],"wp:featuredmedia":[{"embeddable":true,"href":"https:\/\/www.europesays.com\/fr\/wp-json\/wp\/v2\/media\/406984"}],"wp:attachment":[{"href":"https:\/\/www.europesays.com\/fr\/wp-json\/wp\/v2\/media?parent=406983"}],"wp:term":[{"taxonomy":"category","embeddable":true,"href":"https:\/\/www.europesays.com\/fr\/wp-json\/wp\/v2\/categories?post=406983"},{"taxonomy":"post_tag","embeddable":true,"href":"https:\/\/www.europesays.com\/fr\/wp-json\/wp\/v2\/tags?post=406983"}],"curies":[{"name":"wp","href":"https:\/\/api.w.org\/{rel}","templated":true}]}}