{"id":406985,"date":"2025-09-21T10:44:13","date_gmt":"2025-09-21T10:44:13","guid":{"rendered":"https:\/\/www.europesays.com\/fr\/406985\/"},"modified":"2025-09-21T10:44:13","modified_gmt":"2025-09-21T10:44:13","slug":"toulouse-le-feu-prend-dans-un-immeuble-cinquante-personnes-evacuees-du-batiment","status":"publish","type":"post","link":"https:\/\/www.europesays.com\/fr\/406985\/","title":{"rendered":"Toulouse. Le feu prend dans un immeuble, cinquante personnes \u00e9vacu\u00e9es du b\u00e2timent"},"content":{"rendered":"<p>            Par<br \/>\n        <strong><br \/>\n            <a href=\"https:\/\/actu.fr\/auteur\/lucie-2\" title=\"Consulter tous les articles de Lucie Fraisse\" rel=\"nofollow noopener\" target=\"_blank\">Lucie Fraisse<\/a><br \/>\n        <\/strong><\/p>\n<p>        Publi\u00e9 le<\/p>\n<p>            21 sept. 2025 \u00e0 11h53        <\/p>\n<p>La soir\u00e9e du samedi 20 septembre 2025, a \u00e9t\u00e9 charg\u00e9e pour les pompiers de Haute-Garonne. Apr\u00e8s un<a href=\"https:\/\/actu.fr\/occitanie\/saint-jory_31490\/proprietaires-origine-du-feu-lieu-d-urbex-ce-que-l-on-sait-du-manoir-incendie-pres-de-toulouse_63192448.html\" rel=\"nofollow noopener\" target=\"_blank\"> incendie survenu dans un ch\u00e2teau abandonn\u00e9 de Saint-Jory<\/a>, les soldats du feu sont intervenus \u00e0 <strong>Toulouse<\/strong> pour un incendie survenu au nord de la Ville, dans un immeuble de six \u00e9tages.<\/p>\n<p>Deux appartements\u00a0<\/p>\n<p class=\" wall-content\">Le feu s\u2019est propag\u00e9 dans deux appartements situ\u00e9s<strong> au dernier \u00e9tage du b\u00e2timent<\/strong>.<\/p>\n<p class=\" wall-content\">Les deux lances \u00e0 eau d\u00e9ploy\u00e9es ont permis d\u2019\u00e9teindre les flammes et d\u2019\u00e9viter leur propagation aux appartements voisins.<\/p>\n<p>    <a href=\"https:\/\/www.google.com\/maps\/embed?pb=!3m2!1sfr!2sfr!4v1758448274199!5m2!1sfr!2sfr!6m8!1m7!1sHIk12cTGl6snDOUbW7SZJA!2m2!1d43.65287006543132!2d1.439717716057366!3f230.89881819318583!4f-3.8675112795749698!5f0.7820865974627469\" title=\"Ouvrie le lien\" rel=\"nofollow noopener\" target=\"_blank\">Cliquez ici pour visualiser le contenu<\/a><\/p>\n<p>50 personnes \u00e9vacu\u00e9es<\/p>\n<p class=\" wall-content\">50 personnes habitant l\u2019immeuble ont \u00e9t\u00e9 \u00e9vacu\u00e9es, le temps de l\u2019intervention des pompiers.<\/p>\n<p>Vid\u00e9os : en ce moment sur Actu<\/p>\n<p class=\" wall-content\">Les habitants des appartements sinistr\u00e9s ont \u00e9t\u00e9 relog\u00e9s chez des proches.<\/p>\n<p class=\" wall-content\">Personnalisez votre actualit\u00e9 en ajoutant vos villes et m\u00e9dias en favori avec <a href=\"https:\/\/moncompte.actu.fr\" title=\"D\u00e9couvez Mon Actu\" rel=\"nofollow noopener\" data-trk=\"{&quot;cta&quot;:{&quot;action&quot;:&quot;https:\\\/\\\/moncompte.actu.fr&quot;,&quot;category&quot;:&quot;mon compte&quot;,&quot;from&quot;:&quot;article footer&quot;,&quot;name&quot;:&quot;Mon actu&quot;,&quot;type&quot;:&quot;cta&quot;}}\" target=\"_blank\">Mon Actu<\/a>.<\/p>\n","protected":false},"excerpt":{"rendered":"Par Lucie Fraisse Publi\u00e9 le 21 sept. 2025 \u00e0 11h53 La soir\u00e9e du samedi 20 septembre 2025, a&hellip;\n","protected":false},"author":2,"featured_media":285491,"comment_status":"","ping_status":"","sticky":false,"template":"","format":"standard","meta":{"footnotes":""},"categories":[2816],"tags":[1111,11,1777,674,118,1011,27,12,2680,1311,25,2312],"class_list":{"0":"post-406985","1":"post","2":"type-post","3":"status-publish","4":"format-standard","5":"has-post-thumbnail","7":"category-toulouse","8":"tag-actu","9":"tag-actualites","10":"tag-eu","11":"tag-europe","12":"tag-faits-divers","13":"tag-fr","14":"tag-france","15":"tag-news","16":"tag-occitanie","17":"tag-pompiers","18":"tag-republique-francaise","19":"tag-toulouse"},"share_on_mastodon":{"url":"https:\/\/pubeurope.com\/@fr\/115241881630528501","error":""},"_links":{"self":[{"href":"https:\/\/www.europesays.com\/fr\/wp-json\/wp\/v2\/posts\/406985","targetHints":{"allow":["GET"]}}],"collection":[{"href":"https:\/\/www.europesays.com\/fr\/wp-json\/wp\/v2\/posts"}],"about":[{"href":"https:\/\/www.europesays.com\/fr\/wp-json\/wp\/v2\/types\/post"}],"author":[{"embeddable":true,"href":"https:\/\/www.europesays.com\/fr\/wp-json\/wp\/v2\/users\/2"}],"replies":[{"embeddable":true,"href":"https:\/\/www.europesays.com\/fr\/wp-json\/wp\/v2\/comments?post=406985"}],"version-history":[{"count":0,"href":"https:\/\/www.europesays.com\/fr\/wp-json\/wp\/v2\/posts\/406985\/revisions"}],"wp:featuredmedia":[{"embeddable":true,"href":"https:\/\/www.europesays.com\/fr\/wp-json\/wp\/v2\/media\/285491"}],"wp:attachment":[{"href":"https:\/\/www.europesays.com\/fr\/wp-json\/wp\/v2\/media?parent=406985"}],"wp:term":[{"taxonomy":"category","embeddable":true,"href":"https:\/\/www.europesays.com\/fr\/wp-json\/wp\/v2\/categories?post=406985"},{"taxonomy":"post_tag","embeddable":true,"href":"https:\/\/www.europesays.com\/fr\/wp-json\/wp\/v2\/tags?post=406985"}],"curies":[{"name":"wp","href":"https:\/\/api.w.org\/{rel}","templated":true}]}}