{"id":406995,"date":"2025-09-21T10:52:09","date_gmt":"2025-09-21T10:52:09","guid":{"rendered":"https:\/\/www.europesays.com\/fr\/406995\/"},"modified":"2025-09-21T10:52:09","modified_gmt":"2025-09-21T10:52:09","slug":"miss-france-2026-qui-est-mareva-michel-elue-miss-ile-de-france-2","status":"publish","type":"post","link":"https:\/\/www.europesays.com\/fr\/406995\/","title":{"rendered":"Miss France 2026 : qui est Mareva Michel, \u00e9lue Miss \u00cele-de-France ?"},"content":{"rendered":"<p>      R\u00e9sum\u00e9<\/p>\n<p>Mareva Michel, 21 ans, a \u00e9t\u00e9 \u00e9lue Miss \u00cele-de-France 2026 et repr\u00e9sentera la r\u00e9gion lors de l\u2019\u00e9lection Miss France, avec un parcours marqu\u00e9 par une tradition familiale et des ambitions professionnelles.<\/p>\n<p>        Sommaire<\/p>\n<p>Mareva Michel va-t-elle \u00eatre<strong> la troisi\u00e8me Mareva de l&rsquo;histoire des Miss \u00cele-de-France<\/strong> \u00e0 porter la couronne de Miss France ? Ce samedi 20 septembre, la jeune femme \u00e2g\u00e9e de 21 ans a \u00e9t\u00e9 sacr\u00e9e et a ainsi succ\u00e9der \u00e0 Julie Dupont. Elle repr\u00e9sentera les 12 millions de Franciliens <strong>le 13 d\u00e9cembre prochain<\/strong> lors de l&rsquo;\u00e9lection qui permettra d&rsquo;\u00e9lire celle qui succ\u00e8dera \u00e0 <a href=\"https:\/\/www.public.fr\/tag\/angelique-angarni-filopon\" target=\"_blank\" rel=\"noopener\">Ang\u00e9lique Angarni-Filipon<\/a>.<\/p>\n<p>N\u00e9e \u00e0 Poissy (Yvelines) en 2003, Mareva Michel va bient\u00f4t f\u00eater ses 22 ans. Elle vient de terminer sa quatri\u00e8me ann\u00e9e d&rsquo;\u00e9tudes en \u00e9cole de commerce, et \u00e9tudie \u00e0 l&rsquo;Essec. Elle va prochainement int\u00e9grer un master en marketing digital, en vue de <strong>travailler dans la cosm\u00e9tologie ou la parfumerie<\/strong>. A moins que le concours Miss France vienne changer la donne\u2026<\/p>\n<p>Mareva Michel inspir\u00e9e par deux anciennes Miss<\/p>\n<p>Car les Miss justement, Mareva Michel les conna\u00eet sur le bout des doigts\u2026 C&rsquo;est une vraie histoire de famille, et son pr\u00e9nom en t\u00e9moigne. Sa m\u00e8re et sa tante, <strong>natives du Mexique, y ont \u00e9t\u00e9 Miss avant de rejoindre la France<\/strong>. \u00ab\u00a0C&rsquo;\u00e9tait \u00e0 mon tour, j&rsquo;attendais juste le bon moment\u00a0\u00bb a confi\u00e9 la jeune femme au Parisien apr\u00e8s avoir \u00e9t\u00e9 sacr\u00e9e Miss Yvelines il y a quelques mois.<\/p>\n<p>Passionn\u00e9e par les Miss, sa maman lui a l\u00e9gu\u00e9 le pr\u00e9nom Mareva, en r\u00e9f\u00e9rence \u00e0 deux Miss franciliennes qui ont \u00e9t\u00e9 sacr\u00e9es Miss France. En 1991, <a href=\"https:\/\/www.public.fr\/diaporamas\/miss-france-decouvrez-quelle-ancienne-reine-de-beaute-a-epouse-un-milliardaire\" target=\"_blank\" rel=\"noopener\">Mareva Georges<\/a> a \u00e9t\u00e9 sacr\u00e9e, <strong>puis huit ans plus tard Mareva Galanter<\/strong>, <a href=\"https:\/\/vsd.fr\/30715-diaporama-mareva-galanter-la-cherie-sexy-d-arthur-plus-que-jamais-amoureuse\/\" target=\"_blank\" rel=\"noopener\">qui deviendra l&rsquo;\u00e9pouse de l&rsquo;animateur Arthur<\/a>. Mareva Michel va-t-elle ainsi devenir la 3e Miss \u00cele-de-France pr\u00e9nomm\u00e9e Mareva \u00e0 acc\u00e9der \u00e0 la couronne ? <\/p>\n<p>Horizon Diane Leyre<\/p>\n<p>Ces derni\u00e8res ann\u00e9es, les Miss \u00cele-de-France n&rsquo;ont pas trop de chance. L&rsquo;an dernier, Julie Dupont a obtenu le prix du costume r\u00e9gional et de la camaraderie, mais n&rsquo;a pas r\u00e9ussi \u00e0 se hisser dans le top 15. Un an plus t\u00f4t, Elena Faliez, <strong>candidate la plus \u00e2g\u00e9e de l&rsquo;histoire <\/strong>\u00e0 ce moment-l\u00e0 (28 ans), a termin\u00e9 huiti\u00e8me. En 2022, Ad\u00e8le Bonnamour, candidate la plus grande de l&rsquo;histoire de la comp\u00e9tition (1,86 m\u00e8tres), n&rsquo;a pas brill\u00e9 non plus. En revanche, en 2021, <strong>Diane Leyre est devenue Miss France 2022<\/strong>, et <a href=\"https:\/\/www.public.fr\/diane-leyre-son-calvaire-a-miss-univers\" target=\"_blank\" rel=\"noopener\">m\u00eame Miss Univers 2023<\/a>. On ne peut donc que souhaiter la m\u00eame destin\u00e9e \u00e0 Mareva Michel !<\/p>\n<p>      Mentionn\u00e9s dans cet article<\/p>\n<p>      Sur le m\u00eame sujet<\/p>\n","protected":false},"excerpt":{"rendered":"R\u00e9sum\u00e9 Mareva Michel, 21 ans, a \u00e9t\u00e9 \u00e9lue Miss \u00cele-de-France 2026 et repr\u00e9sentera la r\u00e9gion lors de l\u2019\u00e9lection&hellip;\n","protected":false},"author":2,"featured_media":406996,"comment_status":"","ping_status":"","sticky":false,"template":"","format":"standard","meta":{"footnotes":""},"categories":[1592],"tags":[1111,11,1777,674,1011,27,662,43695,3034,53874,12,626,25],"class_list":{"0":"post-406995","1":"post","2":"type-post","3":"status-publish","4":"format-standard","5":"has-post-thumbnail","7":"category-ile-de-france","8":"tag-actu","9":"tag-actualites","10":"tag-eu","11":"tag-europe","12":"tag-fr","13":"tag-france","14":"tag-ile-de-france","15":"tag-mareva-galanter","16":"tag-miss-france","17":"tag-miss-ile-de-france","18":"tag-news","19":"tag-paris","20":"tag-republique-francaise"},"share_on_mastodon":{"url":"https:\/\/pubeurope.com\/@fr\/115241913141905632","error":""},"_links":{"self":[{"href":"https:\/\/www.europesays.com\/fr\/wp-json\/wp\/v2\/posts\/406995","targetHints":{"allow":["GET"]}}],"collection":[{"href":"https:\/\/www.europesays.com\/fr\/wp-json\/wp\/v2\/posts"}],"about":[{"href":"https:\/\/www.europesays.com\/fr\/wp-json\/wp\/v2\/types\/post"}],"author":[{"embeddable":true,"href":"https:\/\/www.europesays.com\/fr\/wp-json\/wp\/v2\/users\/2"}],"replies":[{"embeddable":true,"href":"https:\/\/www.europesays.com\/fr\/wp-json\/wp\/v2\/comments?post=406995"}],"version-history":[{"count":0,"href":"https:\/\/www.europesays.com\/fr\/wp-json\/wp\/v2\/posts\/406995\/revisions"}],"wp:featuredmedia":[{"embeddable":true,"href":"https:\/\/www.europesays.com\/fr\/wp-json\/wp\/v2\/media\/406996"}],"wp:attachment":[{"href":"https:\/\/www.europesays.com\/fr\/wp-json\/wp\/v2\/media?parent=406995"}],"wp:term":[{"taxonomy":"category","embeddable":true,"href":"https:\/\/www.europesays.com\/fr\/wp-json\/wp\/v2\/categories?post=406995"},{"taxonomy":"post_tag","embeddable":true,"href":"https:\/\/www.europesays.com\/fr\/wp-json\/wp\/v2\/tags?post=406995"}],"curies":[{"name":"wp","href":"https:\/\/api.w.org\/{rel}","templated":true}]}}