{"id":407006,"date":"2025-09-21T10:58:11","date_gmt":"2025-09-21T10:58:11","guid":{"rendered":"https:\/\/www.europesays.com\/fr\/407006\/"},"modified":"2025-09-21T10:58:11","modified_gmt":"2025-09-21T10:58:11","slug":"lart-pour-exorciser-le-malheur-et-glorifier-les-heros-tombes-au-front","status":"publish","type":"post","link":"https:\/\/www.europesays.com\/fr\/407006\/","title":{"rendered":"l\u2019art pour exorciser le malheur et glorifier les h\u00e9ros tomb\u00e9s au front"},"content":{"rendered":"<p><strong>Un ukrainien, Sergio Alessandro Gorbenko lance un appel sur les r\u00e9seaux sociaux, pour soutenir une artiste, Marina Petrivna Sochenko, dont le fils vient d\u2019\u00eatre tu\u00e9 sur le front.<\/strong><\/p>\n<p><img loading=\"lazy\" decoding=\"async\" class=\" wp-image-82054\" src=\"https:\/\/www.europesays.com\/fr\/wp-content\/uploads\/2025\/09\/lart-la-guerre.jpg\" alt=\"Une galerie de portraits pour l'Histoire (Marina Petrivna Sochenko)\" width=\"491\" height=\"628\"  \/>Une galerie de portraits pour l\u2019Histoire (Marina Petrivna Sochenko)<\/p>\n<p>La guerre est une abomination. La guerre en Ukraine ne fait pas exception qui laisse chaque jour des p\u00e8res, des m\u00e8res, des enfants dans un ab\u00eeme de malheurs. Et pourtant, au milieu du fracas des armes, des hommes, des femmes meurtris de douleurs continuent \u00e0 croire, \u00e0 aimer, \u00e0 construire, \u00e0 parler de paix, \u00e0 entrevoir la lumi\u00e8re au milieu des t\u00e9n\u00e8bres, \u00e0 crier quand les autres se taisent, \u00e0 prier pour un meilleur avenir.<\/p>\n<p>La douleur d\u2019une m\u00e8re ne peut se d\u00e9crire avec des mots<\/p>\n<p>Dans un post \u00e9mouvant sur FaceBook, un ukrainien, Sergio Alessandro Gorbenko lance un appel pour soutenir une artiste Marina Petrivna Sochenko dont le fils, Lubomir, a \u00e9t\u00e9 tu\u00e9 le 16 septembre 2025 \u00e0 la bataille de Zaporozhye. Ce gar\u00e7on s\u2019est h\u00e9ro\u00efquement battu pendant trois ans et demi, avant de perdre la vie, en h\u00e9ros.<br \/>L\u2019auteur du post \u00e9crit : \u00ab La douleur d\u2019une m\u00e8re ne peut \u00eatre d\u00e9crite avec des mots. Car il n\u2019y a pas de mots pour \u00e7a, dans aucune langue humaine. Cela ne peut \u00eatre compris que par ceux qui ont v\u00e9cu quelque chose de semblable\u2026 Je l\u2019ai v\u00e9cue, un p\u00e8re ressent aussi cette douleur\u2026 Et je sais ce que ressent Mme Marina. \u00bb<\/p>\n<p>Une galerie de portraits pour l\u2019Histoire<\/p>\n<p>Il poursuit : \u00ab\u00a0Durant toute sa vie, m\u00eame sans cette terrible catastrophe qui la frappe, Marina Petrivna a m\u00e9rit\u00e9 la gratitude et l\u2019honneur de toute notre Ukraine, de tous les peuples de notre Terre. C\u2019est une artiste talentueuse avec un style unique. Elle a cr\u00e9\u00e9 une galerie historique des h\u00e9ros de notre temps. Les vrais h\u00e9ros. De ses portraits, on peut voir les visages de ceux de Ma\u00efdan, des Volontaires, ceux de DAPU, Ilovayska, Debaltsevo et, bien s\u00fbr, des h\u00e9ros de la Grande Guerre. Gr\u00e2ce \u00e0 elle, l\u2019Ukraine rend hommage non seulement la m\u00e9moire des glorieux anc\u00eatres, mais elle exprime aussi le droit \u00e0 la vie et \u00e0 l\u2019avenir.<br \/>Avec une pr\u00e9cision unique, l\u2019artiste transmet sur ses toiles les traits des gens et \u00e0 travers les yeux de l\u2019\u00e2me. Beaucoup d\u2019entre eux sont rest\u00e9s avec nous, pr\u00e9cis\u00e9ment gr\u00e2ce \u00e0 ces portraits, eux qui sont tomb\u00e9s au combat, comme mon fils Svyatoslav, comme Artem Abramovich et bien d\u2019autres. Sa galerie de portraits n\u2019est pas seulement de l\u2019art, elle deviendra bient\u00f4t une source documentaire pour les historiens de la future Ukraine, qui \u00e0 travers elle, \u00e9tabliront des noms et des \u00e9v\u00e9nements oubli\u00e9s.<\/p>\n<p><img loading=\"lazy\" decoding=\"async\" class=\"wp-image-82055 size-medium\" src=\"https:\/\/www.europesays.com\/fr\/wp-content\/uploads\/2025\/09\/artiste-ukraine-200x300.jpg\" alt=\"Marina Petrivna Sochenko, dont le fils vient d\u2019\u00eatre tu\u00e9 sur le front.\" width=\"200\" height=\"300\"  \/>L\u2019artiste, Marina Petrivna Sochenko, dont le fils vient d\u2019\u00eatre tu\u00e9 sur le front<br \/>\nElle travaille pour nous tous<\/p>\n<p>C\u2019est un grand exploit technique et spirituel. Pas pour une seule personne, ni m\u00eame pour notre g\u00e9n\u00e9ration, mais pour de nombreuses g\u00e9n\u00e9rations d\u2019Ukrainiens, qui vivront apr\u00e8s notre victoire. Elle travaillait pour nous\u2026 Pour nous tous : morts et vivants et ceux qui viendront apr\u00e8s. Elle a donn\u00e9 toute son \u00e9nergie \u00e0 nous tous \u00e0 travers ces toiles.<br \/>Je demande \u00e0 tous ceux qui peuvent venir aux fun\u00e9railles de Lyubomyr Sochenko. Et donne tout ton respect \u00e0 un c\u0153ur vaillant. \u00bb<\/p>\n<p><strong>Toute personne qui souhaite soutenir financi\u00e8rement la famille peut le faire via ce num\u00e9ro de compte PrivatBank :<\/strong><br \/><strong>4149 4991 5574 5027 \u2013 Sochenko Marina Petrivna.<\/strong><\/p>\n","protected":false},"excerpt":{"rendered":"Un ukrainien, Sergio Alessandro Gorbenko lance un appel sur les r\u00e9seaux sociaux, pour soutenir une artiste, Marina Petrivna&hellip;\n","protected":false},"author":2,"featured_media":407007,"comment_status":"","ping_status":"","sticky":false,"template":"","format":"standard","meta":{"footnotes":""},"categories":[1590],"tags":[11,3734,1777,674,1146,12,220],"class_list":{"0":"post-407006","1":"post","2":"type-post","3":"status-publish","4":"format-standard","5":"has-post-thumbnail","7":"category-ukraine","8":"tag-actualites","9":"tag-art","10":"tag-eu","11":"tag-europe","12":"tag-guerre","13":"tag-news","14":"tag-ukraine"},"share_on_mastodon":{"url":"https:\/\/pubeurope.com\/@fr\/115241936878839152","error":""},"_links":{"self":[{"href":"https:\/\/www.europesays.com\/fr\/wp-json\/wp\/v2\/posts\/407006","targetHints":{"allow":["GET"]}}],"collection":[{"href":"https:\/\/www.europesays.com\/fr\/wp-json\/wp\/v2\/posts"}],"about":[{"href":"https:\/\/www.europesays.com\/fr\/wp-json\/wp\/v2\/types\/post"}],"author":[{"embeddable":true,"href":"https:\/\/www.europesays.com\/fr\/wp-json\/wp\/v2\/users\/2"}],"replies":[{"embeddable":true,"href":"https:\/\/www.europesays.com\/fr\/wp-json\/wp\/v2\/comments?post=407006"}],"version-history":[{"count":0,"href":"https:\/\/www.europesays.com\/fr\/wp-json\/wp\/v2\/posts\/407006\/revisions"}],"wp:featuredmedia":[{"embeddable":true,"href":"https:\/\/www.europesays.com\/fr\/wp-json\/wp\/v2\/media\/407007"}],"wp:attachment":[{"href":"https:\/\/www.europesays.com\/fr\/wp-json\/wp\/v2\/media?parent=407006"}],"wp:term":[{"taxonomy":"category","embeddable":true,"href":"https:\/\/www.europesays.com\/fr\/wp-json\/wp\/v2\/categories?post=407006"},{"taxonomy":"post_tag","embeddable":true,"href":"https:\/\/www.europesays.com\/fr\/wp-json\/wp\/v2\/tags?post=407006"}],"curies":[{"name":"wp","href":"https:\/\/api.w.org\/{rel}","templated":true}]}}