{"id":407008,"date":"2025-09-21T10:59:09","date_gmt":"2025-09-21T10:59:09","guid":{"rendered":"https:\/\/www.europesays.com\/fr\/407008\/"},"modified":"2025-09-21T10:59:09","modified_gmt":"2025-09-21T10:59:09","slug":"ces-influenceurs-maga-qui-rehabilitent-hitler","status":"publish","type":"post","link":"https:\/\/www.europesays.com\/fr\/407008\/","title":{"rendered":"Ces influenceurs Maga qui r\u00e9habilitent Hitler"},"content":{"rendered":"\n<p>\u201cL\u2019histoire qu\u2019on nous a inculqu\u00e9e sur la Seconde Guerre mondiale est compl\u00e8tement fausse\u201d, dit un invit\u00e9 de Tucker Carlson, David Collum. \u201cJe crois que c\u2019est vrai\u201d, r\u00e9pond <a href=\"https:\/\/www.courrierinternational.com\/article\/medias-fox-news-se-separe-de-tucker-carlson-le-trumpiste-le-plus-populaire-des-etats-unis\" target=\"_blank\" rel=\"noopener\">l\u2019ancienne vedette de Fox News<\/a>, qui tient d\u00e9sormais un des podcasts les plus suivis des \u00c9tats-Unis. Et l\u2019invit\u00e9 d\u2019expliquer\u00a0: \u201cOn peut soutenir que nous aurions d\u00fb nous battre du c\u00f4t\u00e9 d\u2019Hitler, contre Staline\u201d.<\/p>\n<p><a href=\"https:\/\/www.theatlantic.com\/ideas\/archive\/2025\/09\/maga-hitler-anti-semitism\/684078\/\" target=\"_blank\" rel=\"noopener\">Cit\u00e9 par <strong>The Atlantic<\/strong><\/a><strong>, <\/strong>l\u2019\u00e9change n\u2019est pas un cas isol\u00e9, selon le magazine. \u201c\u00c0 vrai dire, l\u2019id\u00e9e que le dictateur allemand ait \u00e9t\u00e9 diabolis\u00e9 injustement est devenue un leitmotiv dans l\u2019\u00e9mission de Tucker Carlson, et au-del\u00e0.\u201d Candace Owens, animatrice de podcast suivie par des millions de personnes sur diverses plateformes \u2013 et <a href=\"https:\/\/www.courrierinternational.com\/article\/vu-de-l-etranger-les-macron-attaquent-en-diffamation-l-influenceuse-candace-owens-un-proces-explosif_233454\" target=\"_blank\" rel=\"noopener\">attaqu\u00e9e en diffamation<\/a> par le couple Macron \u2013, demandait l\u2019an dernier\u00a0: \u201cQu\u2019est-ce qu\u2019il y a donc avec Hitler\u00a0? Pourquoi est-il le pire des m\u00e9chants\u00a0?\u201d<\/p>\n<p>               Revisiter des \u201cmythes\u201d       <\/p>\n<p>Rappelant combien l\u2019antis\u00e9mitisme \u00e9tait pr\u00e9gnant aux \u00c9tats-Unis avant la Seconde Guerre mondiale, The Atlantic affirme que ces figures tout sauf marginales de la galaxie Maga (pour \u201cMake America Great Again\u201d, slogan de Trump) veulent changer le r\u00e9cit des Am\u00e9ricains sur leur pays et sur \u201cson rapport aux Juifs\u201d, un r\u00e9cit qui remonte \u00e0 l\u2019apr\u00e8s-guerre. Pour cela, il leur faut revisiter les \u201cmythes\u201d qui fa\u00e7onnent la soci\u00e9t\u00e9, comme l\u2019a soulign\u00e9 Tucker Carlson.<\/p>\n<p>Les attitudes des Am\u00e9ricains sont d\u00e9j\u00e0 en train d\u2019\u00e9voluer, selon une \u00e9tude cit\u00e9e par le magazine et men\u00e9e l\u2019an dernier par un sondeur d\u00e9mocrate, David Shor\u00a0: les jeunes sont bien plus nombreux que leurs a\u00een\u00e9s (pr\u00e8s d\u2019un quart des moins de 25\u00a0ans) \u00e0 d\u00e9clarer avoir une opinion \u201cd\u00e9favorable\u201d des Juifs. La question est d\u00e9sormais, conclut The Atlantic, de savoir \u201cjusqu\u2019o\u00f9 ira ce changement\u201d.<\/p>\n","protected":false},"excerpt":{"rendered":"\u201cL\u2019histoire qu\u2019on nous a inculqu\u00e9e sur la Seconde Guerre mondiale est compl\u00e8tement fausse\u201d, dit un invit\u00e9 de Tucker&hellip;\n","protected":false},"author":2,"featured_media":407009,"comment_status":"","ping_status":"","sticky":false,"template":"","format":"standard","meta":{"footnotes":""},"categories":[1589],"tags":[11,19146,3822,73,1866,937,12,316,935,1857,770,1864,1865,1863,308],"class_list":{"0":"post-407008","1":"post","2":"type-post","3":"status-publish","4":"format-standard","5":"has-post-thumbnail","7":"category-etats-unis","8":"tag-actualites","9":"tag-adolf-hitler","10":"tag-amu00e9riques","11":"tag-etats-unis","12":"tag-etats-unis-damerique","13":"tag-histoire","14":"tag-news","15":"tag-politique","16":"tag-seconde-guerre-mondiale","17":"tag-sociu00e9tu00e9","18":"tag-u00e9tats-unis","19":"tag-united-states","20":"tag-united-states-of-america","21":"tag-us","22":"tag-usa"},"share_on_mastodon":{"url":"https:\/\/pubeurope.com\/@fr\/115241940686373352","error":""},"_links":{"self":[{"href":"https:\/\/www.europesays.com\/fr\/wp-json\/wp\/v2\/posts\/407008","targetHints":{"allow":["GET"]}}],"collection":[{"href":"https:\/\/www.europesays.com\/fr\/wp-json\/wp\/v2\/posts"}],"about":[{"href":"https:\/\/www.europesays.com\/fr\/wp-json\/wp\/v2\/types\/post"}],"author":[{"embeddable":true,"href":"https:\/\/www.europesays.com\/fr\/wp-json\/wp\/v2\/users\/2"}],"replies":[{"embeddable":true,"href":"https:\/\/www.europesays.com\/fr\/wp-json\/wp\/v2\/comments?post=407008"}],"version-history":[{"count":0,"href":"https:\/\/www.europesays.com\/fr\/wp-json\/wp\/v2\/posts\/407008\/revisions"}],"wp:featuredmedia":[{"embeddable":true,"href":"https:\/\/www.europesays.com\/fr\/wp-json\/wp\/v2\/media\/407009"}],"wp:attachment":[{"href":"https:\/\/www.europesays.com\/fr\/wp-json\/wp\/v2\/media?parent=407008"}],"wp:term":[{"taxonomy":"category","embeddable":true,"href":"https:\/\/www.europesays.com\/fr\/wp-json\/wp\/v2\/categories?post=407008"},{"taxonomy":"post_tag","embeddable":true,"href":"https:\/\/www.europesays.com\/fr\/wp-json\/wp\/v2\/tags?post=407008"}],"curies":[{"name":"wp","href":"https:\/\/api.w.org\/{rel}","templated":true}]}}