{"id":407022,"date":"2025-09-21T11:06:24","date_gmt":"2025-09-21T11:06:24","guid":{"rendered":"https:\/\/www.europesays.com\/fr\/407022\/"},"modified":"2025-09-21T11:06:24","modified_gmt":"2025-09-21T11:06:24","slug":"la-france-et-neuf-autres-pays-sappretent-a-reconnaitre-letat-de-palestine","status":"publish","type":"post","link":"https:\/\/www.europesays.com\/fr\/407022\/","title":{"rendered":"La France et neuf autres pays s&rsquo;appr\u00eatent \u00e0 reconna\u00eetre l&rsquo;\u00c9tat de Palestine"},"content":{"rendered":"<p>          <img decoding=\"async\" class=\"c-ad__placeholder__logo\" src=\"https:\/\/static.euronews.com\/website\/images\/logos\/logo-euronews-stacked-outlined-72x72-grey-9.svg\" width=\"72\" height=\"72\" alt=\"\" loading=\"lazy\"\/><br \/>\n          PUBLICIT\u00c9<\/p>\n<p>Lors d\u2019une conf\u00e9rence lundi \u00e0 New York, en marge de l\u2019Assembl\u00e9e g\u00e9n\u00e9rale de l\u2019ONU, seront repr\u00e9sent\u00e9s \u00ab\u00a0dix pays qui ont d\u00e9cid\u00e9\u00a0\u00bb de \u00ab\u00a0proc\u00e9der \u00e0 la reconnaissance de l\u2019Etat de Palestine\u00a0\u00bb, a pr\u00e9cis\u00e9 un conseiller du pr\u00e9sident, Emmanuel Macron, cit\u00e9 par <a href=\"https:\/\/www.lemonde.fr\/international\/article\/2025\/09\/19\/reconnaissance-de-la-palestine-neuf-pays-s-associent-a-l-initiative-de-la-france-l-annexion-de-la-cisjordanie-est-une-ligne-rouge-previent-la-presidence-francaise_6641921_3210.html\" target=\"_blank\" rel=\"noreferrer noopener\">le Monde<\/a>. Outre la France, \u00e0 l\u2019origine de cette initiative, \u00ab\u00a0il s\u2019agit de l\u2019Andorre, de l\u2019Australie, de la Belgique, du Canada, du Luxembourg, du Portugal, de Malte, du Royaume-Uni et de Saint-Marin\u00a0\u00bb, a-t-il pr\u00e9cis\u00e9.<\/p>\n<p> Emmanuel Macron prononcera un discours par lequel il formalisera cette reconnaissance lundi, vers 15\u00a0heures (21\u00a0heures, \u00e0 Paris), lors de cette conf\u00e9rence qu\u2019il copr\u00e9sidera avec le prince h\u00e9ritier d\u2019Arabie saoudite, Mohammed Ben Salman. Ce dernier, \u00ab\u00a0aux derni\u00e8res nouvelles que nous avons, interviendra en visioconf\u00e9rence\u00a0\u00bb, a-t-on expliqu\u00e9 de source fran\u00e7aise.<\/p>\n<p>La d\u00e9cision qui ne passe pas tout \u00e0 fait, au moins, pas aupr\u00e8s de tous. Dans une lettre ouverte \u00e0 Emmanuel Macron, publi\u00e9e par <a href=\"https:\/\/www.lefigaro.fr\/vox\/monde\/monsieur-le-president-vous-ne-pouvez-pas-reconnaitre-un-etat-palestinien-sans-conditions-prealables-l-appel-de-20-personnalites-20250919\" target=\"_blank\" rel=\"noreferrer noopener\">Figaro<\/a>, vingt personnalit\u00e9s, dont Philippe Torreton, Joann Sfar, Arthur et Charlotte Gainsbourg, ont demand\u00e9 de conditionner la reconnaissance d\u2019un \u00c9tat palestinien \u00e0 la lib\u00e9ration des otages et au d\u00e9mant\u00e8lement du Hamas.<\/p>\n<p>D\u2019apr\u00e8s eux, c&rsquo;est \u00e0 ce prix, et \u00e0 ce prix seulement, que ce geste peut contribuer \u00e0 la paix\u00a0\u00bb au Proche-Orient.\u00a0\u00bbCe serait sinon une capitulation morale face au terrorisme\u00a0\u00bb, ajoutent-ils.<\/p>\n<p>Portugal \u00ab\u00a0ouvre le bal\u00a0\u00bb<\/p>\n<p>Ce dimanche, le Portugal reconna\u00eetra officiellement l&rsquo;\u00c9tat de Palestine. L&rsquo;annonce est pr\u00e9vue \u00e0 15h15 (20h15 heure de Lisbonne) et sera faite par Paulo Rangel en amont de la Conf\u00e9rence de haut niveau des Nations Unies qui se tiendra lundi \u00e0 New York.<\/p>\n<p>La d\u00e9cision du gouvernement b\u00e9n\u00e9ficie du \u00ab\u00a0soutien total\u00a0\u00bb du pr\u00e9sident de la R\u00e9publique, qui a \u00ab\u00a0accompagn\u00e9 tout le processus\u00a0\u00bb. \u00c0 son arriv\u00e9e \u00e0 New York, Marcelo Rebelo de Sousa <a href=\"https:\/\/www.rtp.pt\/noticias\/mundo\/reconhecimento-do-estado-da-palestina-tem-o-pleno-apoio-do-presidente-da-republica_n1685072\" target=\"_blank\" rel=\"noreferrer noopener\">a d\u00e9clar\u00e9 \u00e0 la RTP<\/a> que le Portugal \u00ab\u00a0a toujours d\u00e9fendu ce principe, avec chaque pr\u00e9sident, avec chaque gouvernement\u00a0\u00bb.<\/p>\n<p>\u00ab\u00a0Le pr\u00e9sident de la R\u00e9publique soutient pleinement la position portugaise, qui consiste \u00e0 d\u00e9fendre la mod\u00e9ration pour que cette formule [de deux \u00c9tats, Isra\u00ebl et Palestine] soit possible, et \u00e0 s&rsquo;\u00e9loigner des radicalismes qui s&rsquo;opposaient \u00e0 la possibilit\u00e9 de cette formule\u00a0\u00bb, a d\u00e9clar\u00e9 Marcelo Rebelo de Sousa aux journalistes \u00e0 New York, \u00e0 la veille de la 80e session de l&rsquo;Assembl\u00e9e g\u00e9n\u00e9rale des Nations unies.<\/p>\n<p>Londres suit le pas, \u00e9galement dimanche<\/p>\n<p>Le Premier ministre Keir Starmer devrait annoncer la reconnaissance d&rsquo;un \u00c9tat palestinien par le Royaume-Uni plus tard dans la journ\u00e9e, ce qui repr\u00e9sente un changement majeur dans la politique gouvernementale.<\/p>\n<p>Plus t\u00f4t ce matin, le vice-Premier ministre de M. Starmer a reconnu que cette d\u00e9cision aurait peu d&rsquo;impact sur le terrain \u00e0 Gaza, mais a insist\u00e9 sur le fait que le moment \u00e9tait opportun pour agir, rapporte la <a href=\"https:\/\/www.bbc.com\/news\/live\/cpw1qkyke4nt\" target=\"_blank\" rel=\"noreferrer noopener\">BBC<\/a>.<\/p>\n<p>Le Royaume-Uni deviendra ainsi le premier pays du G7 \u00e0 reconna\u00eetre officiellement un \u00c9tat palestinien. La France et le Canada devraient suivre lors de l&rsquo;Assembl\u00e9e g\u00e9n\u00e9rale des Nations Unies de cette semaine.<\/p>\n<p>Cela survient quelques jours apr\u00e8s la visite d&rsquo;\u00c9tat de Donald Trump, o\u00f9 il a d\u00e9clar\u00e9 que la position de Starmer \u00e9tait un rare sujet de d\u00e9saccord entre le Royaume-Uni et les \u00c9tats-Unis, un alli\u00e9 fid\u00e8le d&rsquo;Isra\u00ebl.<\/p>\n<p>Les gouvernements isra\u00e9lien et am\u00e9ricain affirment que la d\u00e9cision de reconna\u00eetre l&rsquo;\u00c9tat palestinien est un cadeau diplomatique au Hamas, suite \u00e0 son attaque dans le sud d&rsquo;Isra\u00ebl le 7 octobre 2023, au cours de laquelle 1\u00a0200 personnes ont \u00e9t\u00e9 tu\u00e9es et 251 prises en otage.<\/p>\n<p>La France m\u00e8ne l&rsquo;initiative<\/p>\n<p>La France a \u00e9t\u00e9 le moteur de cette initiative commune. Le pr\u00e9sident Macron a d\u00e9clar\u00e9 vendredi qu&rsquo;il avait inform\u00e9 le pr\u00e9sident de l&rsquo;Autorit\u00e9 palestinienne, Mahmoud Abbas, qu&rsquo;il allait de l&rsquo;avant avec l&rsquo;officialisation de l&rsquo;\u00c9tat palestinien. <\/p>\n<p>Sur le r\u00e9seau X, le pr\u00e9sident fran\u00e7ais a remerci\u00e9 les autorit\u00e9s palestiniennes d&rsquo;avoir arr\u00eat\u00e9 le suspect d&rsquo;un attentat antis\u00e9mite commis sur le territoire fran\u00e7ais en 1982, qui avait fait six morts et 22 bless\u00e9s.<\/p>\n<p>\u00ab\u00a0J\u2019ai tout d\u2019abord remerci\u00e9 (Abbas) pour la tr\u00e8s bonne coop\u00e9ration dans l\u2019arrestation de l\u2019un des principaux auteurs du terrible attentat terroriste de la rue des Rosiers. Nous sommes convenus de travailler ensemble \u00e0 son extradition dans les plus brefs d\u00e9lais.\u00a0\u00bb, a d\u00e9clar\u00e9 Emmanuel Macron.<\/p>\n<p>\u00ab\u00a0Face \u00e0 l\u2019extr\u00eame urgence de la situation \u00e0 Gaza et dans le reste des territoires palestiniens, j\u2019ai redit au Pr\u00e9sident palestinien mon intention de reconna\u00eetre l\u2019\u00c9tat de Palestine lundi \u00e0 New-York\u00a0\u00bb, a \u00e9crit le leader fran\u00e7ais, qui a donn\u00e9 des instructions expresses \u00e0 son gouvernement pour renforcer les mesures de lutte contre les actes antis\u00e9mites sur l&rsquo;ensemble du territoire fran\u00e7ais.<\/p>\n<p>La Belgique se pr\u00e9pare \u00e9galement \u00e0 une reconnaissance officielle<\/p>\n<p>La Belgique fait partie des dix pays de la liste qui se pr\u00e9parent \u00e0 reconna\u00eetre l&rsquo;\u00c9tat palestinien lors de la session de l&rsquo;Assembl\u00e9e g\u00e9n\u00e9rale des Nations unies. C&rsquo;est ce qu&rsquo;a d\u00e9clar\u00e9 le ministre des Affaires \u00e9trang\u00e8res, Maxime Pr\u00e9vot. Cette d\u00e9cision renforcera la pression internationale sur Isra\u00ebl.<\/p>\n<p>\u00ab\u00a0La Palestine sera reconnue par la Belgique lors de la session de l&rsquo;ONU ! Et des sanctions fermes sont impos\u00e9es au gouvernement isra\u00e9lien\u00a0\u00bb, a annonc\u00e9 Pr\u00e9vot dans un post sur X.<\/p>\n<p>Le haut diplomate belge a r\u00e9v\u00e9l\u00e9 que le gouvernement appliquera 12 sanctions \u00e0 Isra\u00ebl, suite \u00e0 la \u00ab\u00a0trag\u00e9die humanitaire en Palestine\u00a0\u00bb et en r\u00e9ponse aux violences perp\u00e9tr\u00e9es par Isra\u00ebl en violation du droit international. \u00ab\u00a0La Belgique a d\u00fb prendre des d\u00e9cisions fortes pour accro\u00eetre la pression sur le gouvernement isra\u00e9lien\u00a0\u00bb, a-t-il pr\u00e9cis\u00e9.<\/p>\n<p>Les \u00c9tats-Unis affirment que l&rsquo;Australie va \u00e9galement proc\u00e9der \u00e0 l&rsquo;annonce aujourd&rsquo;hui.<\/p>\n<p>Une source de l&rsquo;administration Trump a d\u00e9clar\u00e9 ce matin au Times of Israel que l&rsquo;Australie annoncera \u00e9galement sa reconnaissance unilat\u00e9rale de l&rsquo;\u00c9tat palestinien aujourd&rsquo;hui, avant l&rsquo;Assembl\u00e9e g\u00e9n\u00e9rale des Nations unies \u00e0 New York.<\/p>\n<p>Canberra serait le troisi\u00e8me pays occidental \u00e0 prendre cette mesure aujourd&rsquo;hui, avec le Royaume-Uni et le Portugal.<\/p>\n<p>Le journal isra\u00e9lien \u00e9crit \u00e9galement que l&rsquo;administration Trump a tent\u00e9 de dissuader le gouvernement australien. \u00ab\u00a0Nous leur avons dit que cela ne servirait \u00e0 rien\u00a0\u00bb, a d\u00e9clar\u00e9 la m\u00eame source, ajoutant que l&rsquo;Australie justifiait cette d\u00e9marche par des \u00ab\u00a0consid\u00e9rations clairement internes\u00a0\u00bb.<\/p>\n<p>Le pr\u00e9sident am\u00e9ricain a montr\u00e9 son opposition aux pays reconnaissant l&rsquo;\u00c9tat palestinien. Le secr\u00e9taire d&rsquo;\u00c9tat Marco Rubio a averti qu&rsquo;Isra\u00ebl pourrait r\u00e9pondre \u00ab\u00a0r\u00e9ciproquement\u00a0\u00bb en annexant la Cisjordanie.<\/p>\n","protected":false},"excerpt":{"rendered":"PUBLICIT\u00c9 Lors d\u2019une conf\u00e9rence lundi \u00e0 New York, en marge de l\u2019Assembl\u00e9e g\u00e9n\u00e9rale de l\u2019ONU, seront repr\u00e9sent\u00e9s \u00ab\u00a0dix&hellip;\n","protected":false},"author":2,"featured_media":407023,"comment_status":"","ping_status":"","sticky":false,"template":"","format":"standard","meta":{"footnotes":""},"categories":[4],"tags":[11,1011,27,664,12,6996,25,3260],"class_list":{"0":"post-407022","1":"post","2":"type-post","3":"status-publish","4":"format-standard","5":"has-post-thumbnail","7":"category-france","8":"tag-actualites","9":"tag-fr","10":"tag-france","11":"tag-israel","12":"tag-news","13":"tag-portugal","14":"tag-republique-francaise","15":"tag-territoires-palestiniens"},"share_on_mastodon":{"url":"https:\/\/pubeurope.com\/@fr\/115241968596195156","error":""},"_links":{"self":[{"href":"https:\/\/www.europesays.com\/fr\/wp-json\/wp\/v2\/posts\/407022","targetHints":{"allow":["GET"]}}],"collection":[{"href":"https:\/\/www.europesays.com\/fr\/wp-json\/wp\/v2\/posts"}],"about":[{"href":"https:\/\/www.europesays.com\/fr\/wp-json\/wp\/v2\/types\/post"}],"author":[{"embeddable":true,"href":"https:\/\/www.europesays.com\/fr\/wp-json\/wp\/v2\/users\/2"}],"replies":[{"embeddable":true,"href":"https:\/\/www.europesays.com\/fr\/wp-json\/wp\/v2\/comments?post=407022"}],"version-history":[{"count":0,"href":"https:\/\/www.europesays.com\/fr\/wp-json\/wp\/v2\/posts\/407022\/revisions"}],"wp:featuredmedia":[{"embeddable":true,"href":"https:\/\/www.europesays.com\/fr\/wp-json\/wp\/v2\/media\/407023"}],"wp:attachment":[{"href":"https:\/\/www.europesays.com\/fr\/wp-json\/wp\/v2\/media?parent=407022"}],"wp:term":[{"taxonomy":"category","embeddable":true,"href":"https:\/\/www.europesays.com\/fr\/wp-json\/wp\/v2\/categories?post=407022"},{"taxonomy":"post_tag","embeddable":true,"href":"https:\/\/www.europesays.com\/fr\/wp-json\/wp\/v2\/tags?post=407022"}],"curies":[{"name":"wp","href":"https:\/\/api.w.org\/{rel}","templated":true}]}}