{"id":407028,"date":"2025-09-21T11:13:10","date_gmt":"2025-09-21T11:13:10","guid":{"rendered":"https:\/\/www.europesays.com\/fr\/407028\/"},"modified":"2025-09-21T11:13:10","modified_gmt":"2025-09-21T11:13:10","slug":"motogp-un-nouveau-test-prive-pour-toprak-razgatlioglu-avant-le-grand-saut","status":"publish","type":"post","link":"https:\/\/www.europesays.com\/fr\/407028\/","title":{"rendered":"MotoGP : Un nouveau test priv\u00e9 pour Toprak Razgatlioglu avant le grand saut ?"},"content":{"rendered":"<p><strong>La maxime \u00ab\u00a0Jamais deux sans trois\u00a0\u00bb<br \/>\nsera-t-elle \u00e0 nouveau confirm\u00e9e, en \u00e9voquant cette fois un nouveau<br \/>\ntest que <a href=\"https:\/\/www.paddock-gp.com\/?s=toprak\" target=\"_blank\" rel=\"noopener nofollow\">Toprak Razgatlioglu<\/a> pourrait faire sur<br \/>\nune Yamaha M1 avant de d\u00e9buter officiellement sa carri\u00e8re en<br \/>\n<a href=\"https:\/\/www.motogp.com\/\" target=\"_blank\" rel=\"noopener nofollow\">MotoGP<\/a> ?<\/strong><\/p>\n<p>Le pilote turc, dont l\u2019arriv\u00e9e en Grand Prix au sein du team<br \/>\nPramac Racing est tr\u00e8s attendue, est pour le moment concentr\u00e9 sur<br \/>\nl\u2019obtention de son 3e titre mondial en Superbike, et quel que soit<br \/>\nle r\u00e9sultat final de ce dernier, les moteurs des motos d\u00e9riv\u00e9es de<br \/>\nla s\u00e9rie se tairont au soir du 19 octobre sur le circuit de<br \/>\nJerez.<\/p>\n<p>D\u00e8s lors, le futur co\u00e9quipier n\u2019aura de cesse de s\u2019acclimater \u00e0<br \/>\nla cat\u00e9gorie reine des Grand Prix, bien s\u00fbr le 18 novembre lors du<br \/>\ntest officiel faisant suite au dernier GP \u00e0 Valence, mais aussi<br \/>\npeut-\u00eatre avant\u2026<\/p>\n<p>En effet, selon les informations du journaliste German Garcia<br \/>\nCasanova pour Motorsport, le test team Yamaha sera pr\u00e9sent pendant<br \/>\ndeux jours sur le circuit Motorland Aragon les 9 et 10 novembre<br \/>\navec <strong>Augusto Fernandez<\/strong>, mais aussi <strong>Toprak<br \/>\nRazgatlioglu<\/strong>.<\/p>\n<p>Pendant que les pilotes officiels en d\u00e9coudront \u00e0 Portimao au<br \/>\nPortugal, le pilote d\u2019essais Yamaha (quid d\u2019<strong>Andrea<br \/>\nDovizioso<\/strong> ?) et le futur co\u00e9quipier de <strong>Jack<br \/>\nMiller<\/strong> pourront travailler sans pression, le premier pour<br \/>\nd\u00e9verminer les motos qui serviront au test officiel une dizaine de<br \/>\njours plus tard, le second pour prendre ses marques avec le cadre<br \/>\nrigide d\u2019une MotoGP, ses freins en carbone, ses pneus Michelin, ses<br \/>\ninnombrables devices, etc.<\/p>\n<p>Ce n\u2019est pas la premi\u00e8re fois que <strong>Toprak<br \/>\nRazgatlioglu<\/strong> pilotera la Yamaha YZR-M1, l\u2019homme d\u2019Alanya<br \/>\nl\u2019ayant d\u00e9j\u00e0 prise en main un sur le MotorLand Aragon en juin 2022,<br \/>\npris un peu \u00e0 la l\u00e9g\u00e8re de la part de Yamaha et perturb\u00e9 par la<br \/>\npluie, et un second en avril 2023 \u00e0 Jerez, plus positif mais qui<br \/>\nremonte \u00e0 plus de deux ans. Cette fois l\u2019\u00e9quipe de <strong>Silvano<br \/>\nGalbusera<\/strong> sera assur\u00e9ment aux petits soins pour le<br \/>\nprobable futur triple champion du monde Superbike, avec toutefois<br \/>\nla t\u00e2che ardue de continuer la mise au point de la V4\u2026<\/p>\n<p><img loading=\"lazy\" decoding=\"async\" class=\"aligncenter size-full wp-image-1331431\" src=\"https:\/\/www.europesays.com\/fr\/wp-content\/uploads\/2025\/09\/toprak-1024x576-1.jpg\" alt=\"\" width=\"1024\" height=\"576\"  \/><\/p>\n<p>\u00a0<\/p>\n<p>MotoGP Toprak test MotoGP Toprak<br \/>\ntest<\/p>\n","protected":false},"excerpt":{"rendered":"La maxime \u00ab\u00a0Jamais deux sans trois\u00a0\u00bb sera-t-elle \u00e0 nouveau confirm\u00e9e, en \u00e9voquant cette fois un nouveau test que&hellip;\n","protected":false},"author":2,"featured_media":407029,"comment_status":"","ping_status":"","sticky":false,"template":"","format":"standard","meta":{"footnotes":""},"categories":[1413],"tags":[1011,27,1457,1456,60],"class_list":{"0":"post-407028","1":"post","2":"type-post","3":"status-publish","4":"format-standard","5":"has-post-thumbnail","7":"category-moto","8":"tag-fr","9":"tag-france","10":"tag-moto","11":"tag-motocycle","12":"tag-sports"},"share_on_mastodon":{"url":"https:\/\/pubeurope.com\/@fr\/115241996220667549","error":""},"_links":{"self":[{"href":"https:\/\/www.europesays.com\/fr\/wp-json\/wp\/v2\/posts\/407028","targetHints":{"allow":["GET"]}}],"collection":[{"href":"https:\/\/www.europesays.com\/fr\/wp-json\/wp\/v2\/posts"}],"about":[{"href":"https:\/\/www.europesays.com\/fr\/wp-json\/wp\/v2\/types\/post"}],"author":[{"embeddable":true,"href":"https:\/\/www.europesays.com\/fr\/wp-json\/wp\/v2\/users\/2"}],"replies":[{"embeddable":true,"href":"https:\/\/www.europesays.com\/fr\/wp-json\/wp\/v2\/comments?post=407028"}],"version-history":[{"count":0,"href":"https:\/\/www.europesays.com\/fr\/wp-json\/wp\/v2\/posts\/407028\/revisions"}],"wp:featuredmedia":[{"embeddable":true,"href":"https:\/\/www.europesays.com\/fr\/wp-json\/wp\/v2\/media\/407029"}],"wp:attachment":[{"href":"https:\/\/www.europesays.com\/fr\/wp-json\/wp\/v2\/media?parent=407028"}],"wp:term":[{"taxonomy":"category","embeddable":true,"href":"https:\/\/www.europesays.com\/fr\/wp-json\/wp\/v2\/categories?post=407028"},{"taxonomy":"post_tag","embeddable":true,"href":"https:\/\/www.europesays.com\/fr\/wp-json\/wp\/v2\/tags?post=407028"}],"curies":[{"name":"wp","href":"https:\/\/api.w.org\/{rel}","templated":true}]}}