{"id":407030,"date":"2025-09-21T11:14:15","date_gmt":"2025-09-21T11:14:15","guid":{"rendered":"https:\/\/www.europesays.com\/fr\/407030\/"},"modified":"2025-09-21T11:14:15","modified_gmt":"2025-09-21T11:14:15","slug":"12-coups-de-midi-du-21-septembre-2025-le-visage-de-pablo-picasso-apparait-sur-letoile-mysterieuse-cyprien-en-echec","status":"publish","type":"post","link":"https:\/\/www.europesays.com\/fr\/407030\/","title":{"rendered":"\u00ab 12 coups de midi \u00bb du 21 septembre 2025 : le visage de Pablo Picasso appara\u00eet sur l&rsquo;\u00e9toile myst\u00e9rieuse, Cyprien en \u00e9chec !"},"content":{"rendered":"<p>\n<br \/>ANNONCES<\/p>\n<p>\u00ab 12 coups de midi \u00bb du 21 septembre 2025. On pensait que l\u2019\u00e9toile myst\u00e9rieuse des \u00ab <a href=\"https:\/\/www.feminactu.com\/category\/medias\/les-12-coups-de-midi\/\" target=\"_blank\" rel=\"noopener\">12 coups de midi<\/a> \u00bb allait enti\u00e8rement se d\u00e9voiler aujourd\u2019hui. Oui mais notre ma\u00eetre de midi n\u2019ayant gu\u00e8re brill\u00e9, toutes les cases ne se sont pas envol\u00e9es. Il en reste en effet encore une !<\/p>\n<p><img fetchpriority=\"high\" decoding=\"async\" class=\"aligncenter size-full wp-image-115945\" src=\"https:\/\/www.europesays.com\/fr\/wp-content\/uploads\/2025\/09\/etoile21septembre.jpg\" alt=\"\" width=\"850\" height=\"467\"  \/><\/p>\n<p>\n<br \/>ANNONCES<\/p>\n<p>\u00ab 12 coups de midi \u00bb du 21 septembre 2025 : Cyprien \u00e9choue face \u00e0 l\u2019\u00e9toile<\/p>\n<p>Cyprien dit avoir reconnu\u00a0 le visage de celui qui se cache derri\u00e8re notre \u00e9toile m\u00eame s\u2019il reste encore une case. Mais sa petite victoire d\u2019\u00e0 peine 100 \u20ac \u00e0 partager ne lui a pas permis de proposer un nom. Aujourd\u2019hui \u00e0 peine 50 \u20ac de plus dans sa cagnotte qui s\u2019\u00e9l\u00e8ve donc \u00e0 1.600\u20ac<\/p>\n<p>Le visage de Pablo Picasso appara\u00eet sur l\u2019\u00e9toile myst\u00e9rieuse<\/p>\n<p>Plus de doute c\u2019est bien Pablo Picasso qui se cachait derri\u00e8re cette \u00e9toile myst\u00e9rieuse. Pour les explications des indices, nous vous invitons \u00e0 <strong><a href=\"https:\/\/www.feminactu.com\/2025\/09\/les-12-coups-de-midi-qui-se-cache-derriere-letoile-mysterieuse-du-mois-de-septembre\/\" target=\"_blank\" rel=\"noopener\">cliquer ICI<\/a><\/strong> pour y avoir un peu plus clair et d\u00e9couvrir celles qui nous paraissent les plus plausibles m\u00eame si Zette en a parfois d\u2019autres.<\/p>\n<p>\n<br \/>ANNONCES<\/p>\n<p>Une chose est s\u00fbre, cette \u00e9toile sera enti\u00e8rement d\u00e9voil\u00e9e demain, lundi 22 septembre. Rendez-vous sans faute d\u00e8s 11h50 sur TF1.<\/p>\n<p>Noms d\u00e9j\u00e0 propos\u00e9s pour cette \u00e9toile  : Christian Clavier, Brigitte Bardot, Jean Dujardin, Catherine Deneuve, Harrison Ford, Soprano.<\/p>\n<p>Audience en hausse !<\/p>\n<p>Un beau succ\u00e8s d\u2019audience hier soir midi avec 2.86 millions de t\u00e9l\u00e9spectateurs pour 37.2% de part d\u2019audience moyenne, un score en sensible hausse par rapport \u00e0 la veille !<\/p>\n<p>Vid\u00e9o replay<\/p>\n<p>Petite s\u00e9quence nostalgie avec un extrait vid\u00e9o d\u2019une \u00e9mission diffus\u00e9e il y a quelques jours \u00e0 peine avec une candidate venue participer rendre hommage \u00e0 son mari disparu<\/p>\n<p>Comment regarder Les \u00ab 12 coups de midi \u00bb en streaming ?<\/p>\n<p>Les \u00ab <a href=\"https:\/\/www.feminactu.com\/category\/medias\/les-12-coups-de-midi\/\" target=\"_blank\" rel=\"noopener\">12 coups de midi<\/a> \u00bb c\u2019est sur TF1 bien s\u00fbr mais c\u2019est aussi en streaming sur la plateforme <a href=\"https:\/\/www.tf1.fr\/tf1\/les-douze-coups-de-midi\/videos\" target=\"_blank\" rel=\"noopener\">TF1+<\/a>.<\/p>\n","protected":false},"excerpt":{"rendered":"ANNONCES \u00ab 12 coups de midi \u00bb du 21 septembre 2025. On pensait que l\u2019\u00e9toile myst\u00e9rieuse des \u00ab&hellip;\n","protected":false},"author":2,"featured_media":407031,"comment_status":"","ping_status":"","sticky":false,"template":"","format":"standard","meta":{"footnotes":""},"categories":[1412],"tags":[1451,1452,1453,1454,1455,1011,27,60],"class_list":{"0":"post-407030","1":"post","2":"type-post","3":"status-publish","4":"format-standard","5":"has-post-thumbnail","7":"category-f1","8":"tag-f1","9":"tag-formula-1","10":"tag-formula1","11":"tag-formule-1","12":"tag-formule1","13":"tag-fr","14":"tag-france","15":"tag-sports"},"share_on_mastodon":{"url":"https:\/\/pubeurope.com\/@fr\/115241999774097083","error":""},"_links":{"self":[{"href":"https:\/\/www.europesays.com\/fr\/wp-json\/wp\/v2\/posts\/407030","targetHints":{"allow":["GET"]}}],"collection":[{"href":"https:\/\/www.europesays.com\/fr\/wp-json\/wp\/v2\/posts"}],"about":[{"href":"https:\/\/www.europesays.com\/fr\/wp-json\/wp\/v2\/types\/post"}],"author":[{"embeddable":true,"href":"https:\/\/www.europesays.com\/fr\/wp-json\/wp\/v2\/users\/2"}],"replies":[{"embeddable":true,"href":"https:\/\/www.europesays.com\/fr\/wp-json\/wp\/v2\/comments?post=407030"}],"version-history":[{"count":0,"href":"https:\/\/www.europesays.com\/fr\/wp-json\/wp\/v2\/posts\/407030\/revisions"}],"wp:featuredmedia":[{"embeddable":true,"href":"https:\/\/www.europesays.com\/fr\/wp-json\/wp\/v2\/media\/407031"}],"wp:attachment":[{"href":"https:\/\/www.europesays.com\/fr\/wp-json\/wp\/v2\/media?parent=407030"}],"wp:term":[{"taxonomy":"category","embeddable":true,"href":"https:\/\/www.europesays.com\/fr\/wp-json\/wp\/v2\/categories?post=407030"},{"taxonomy":"post_tag","embeddable":true,"href":"https:\/\/www.europesays.com\/fr\/wp-json\/wp\/v2\/tags?post=407030"}],"curies":[{"name":"wp","href":"https:\/\/api.w.org\/{rel}","templated":true}]}}