{"id":407036,"date":"2025-09-21T11:17:10","date_gmt":"2025-09-21T11:17:10","guid":{"rendered":"https:\/\/www.europesays.com\/fr\/407036\/"},"modified":"2025-09-21T11:17:10","modified_gmt":"2025-09-21T11:17:10","slug":"lea-salame-vannee-une-grossesse-lhommage-a-thierry-ardisson-ce-quil-faut-retenir-de-la-rentree-de-quelle-epoque","status":"publish","type":"post","link":"https:\/\/www.europesays.com\/fr\/407036\/","title":{"rendered":"L\u00e9a Salam\u00e9 vann\u00e9e, une grossesse, l\u2019hommage \u00e0 Thierry Ardisson&#8230; Ce qu\u2019il faut retenir de la rentr\u00e9e de \u00abQuelle \u00c9poque !\u00bb"},"content":{"rendered":"<p>Le talk-show de la journaliste a fait son retour \u00e0 l\u2019antenne, samedi soir. Une rentr\u00e9e pleine de surprises.<\/p>\n<p class=\"fig-paragraph\">Deux nouveaux chroniqueurs, l\u2019annonce po\u00e9tique d\u2019un heureux \u00e9v\u00e9nement, une L\u00e9a Salam\u00e9 taquin\u00e9e pour\u00a0<a href=\"https:\/\/video.lefigaro.fr\/figaro\/merci-ca-va-une-question-sur-guillaume-canet-provoque-une-gene-entre-lea-salame-et-marion-cotillard-20250916\" data-fig-type=\"Video\" data-gtm-custom-categorie=\"navigation\" data-gtm-custom-action=\"crossclick\" data-gtm-custom-label=\"Contextuel\" data-gtm-event=\"customEventSPE\" data-fig-domain=\"LEFIGARO\" target=\"_blank\" rel=\"noopener\">sa bourde au JT face \u00e0 Marion Cotillard<\/a>. Bref, ce fut, ce samedi 20 septembre, une rentr\u00e9e en fanfare pour le talk-show de France 2, qui entre dans sa quatri\u00e8me saison. Voici les moments marquants de ce retour \u00e0 l\u2019antenne. Les spectateurs \u00e9taient au rendez-vous avec 900.000 fid\u00e8les devant leur poste.<\/p>\n<p>\u00ab\u00c7a va\u00a0?\u00bb\u00a0: L\u00e9a Salam\u00e9 taquin\u00e9e par ses chroniqueurs<\/p>\n<p class=\"fig-paragraph\">Sous le feu des r\u00e9seaux sociaux depuis son interview maladroite avec Marion Cotillard, dans laquelle elle l\u2019interrogeait sur sa rupture avec Guillaume Canet, L\u00e9a Salam\u00e9 n\u2019a pas esquiv\u00e9 les clins d\u2019\u0153il vis-\u00e0-vis de cette s\u00e9quence devenue virale. Et ce d\u00e8s les premi\u00e8res minutes de l\u2019\u00e9mission. Retrouvant ses chroniqueurs apr\u00e8s la grande coupure estivale des vacances, L\u00e9a Salam\u00e9 salue Paul de Saint Sernin d\u2019un \u00ab\u00e7a va\u00a0?\u00bb . Le jeune homme d\u2019encha\u00eener avec un \u00abEt vous\u00a0?\u00bb et d\u00e9clenche l\u2019hilarit\u00e9 du public. Promis pourtant, \u00abil ne s\u2019agit pas d\u2019une vanne\u00a0!\u00a0\u00bb m\u00eame si l\u2019\u00e9change reprend mot pour mot la question pos\u00e9e par L\u00e9a Salam\u00e9 \u00e0 Marion Cotillard.<\/p>\n<p>                                    <a class=\"fig-a11y-skip a11y-hidden\" href=\"#fig-a11y-skip-main-inarticle\"><br \/>\n        Passer la publicit\u00e9<br \/>\n    <\/a><\/p>\n<p class=\"fig-paragraph\">Paul de Saint Sernin essaie de clarifier\u00a0: \u00abSi c\u2019\u00e9tait une blague, je l\u2019aurai mieux appuy\u00e9e \u2019Et vous comment allez-vous\u00a0?\u00bb. Apr\u00e8s une micro seconde de battement, L\u00e9a Salam\u00e9 reprend du tac au tac\u00a0: \u00abPas de commentaire\u00bb.<\/p>\n<p class=\"fig-paragraph\">Mais la plaisanterie a repris quelques minutes plus tard alors que les invit\u00e9s prenaient place en plateau et que L\u00e9a Salam\u00e9 accueillait la journaliste\u00a0<a href=\"http:\/\/tvmag.lefigaro.fr\/programme-tv\/actu-tele\/l-homme-que-j-aime-eperdument-audrey-crespo-mara-rend-un-nouvel-hommage-a-thierry-ardisson-20250818\" data-fig-type=\"Article\" data-gtm-custom-categorie=\"navigation\" data-gtm-custom-action=\"crossclick\" data-gtm-custom-label=\"Contextuel\" data-gtm-event=\"customEventSPE\" data-fig-domain=\"TVMAG\" target=\"_blank\" rel=\"noopener\">Audrey Crespo-Mara<\/a>,\u00a0<a href=\"http:\/\/tvmag.lefigaro.fr\/programme-tv\/people\/une-sedation-profonde-audrey-crespo-mara-raconte-les-derniers-instants-de-thierry-ardisson-dans-quotidien-20250902\" data-fig-type=\"Article\" data-gtm-custom-categorie=\"navigation\" data-gtm-custom-action=\"crossclick\" data-gtm-custom-label=\"Contextuel\" data-gtm-event=\"customEventSPE\" data-fig-domain=\"TVMAG\" target=\"_blank\" rel=\"noopener\">veuve de Thierry Ardisson<\/a>. \u00abJe vais poser la question puisque L\u00e9a ne peut plus la poser\u00a0: Comment allez-vous Audrey\u00a0?\u00bb, a gliss\u00e9 le nouveau venu de la bande Hugo Cl\u00e9ment.<\/p>\n<p>De nouveaux chroniqueurs<\/p>\n<p class=\"fig-paragraph\">Cette saison 4 accueille deux nouveaux visages. D\u2019une part le journaliste et militant \u00e9cologiste Hugo Cl\u00e9ment, venu animer une s\u00e9quence, pour laquelle il a choisi plusieurs objets f\u00e9tiche en lien avec les invit\u00e9s de la semaine. En l\u2019occurrence un bracelet et un modem. Il a aussi pr\u00e9sent\u00e9 \u00e0 la chanteuse Zaz une bo\u00eete.<\/p>\n<p class=\"fig-paragraph\">L\u00e9a Salam\u00e9 a aussi intronis\u00e9 l\u2019arriv\u00e9e de\u00a0<a href=\"http:\/\/tvmag.lefigaro.fr\/programme-tv\/actu-tele\/quelle-epoque-guillaume-de-saint-sernin-rejoint-la-bande-des-chroniqueurs-de-lea-salame-20250920\" data-fig-type=\"Article\" data-gtm-custom-categorie=\"navigation\" data-gtm-custom-action=\"crossclick\" data-gtm-custom-label=\"Contextuel\" data-gtm-event=\"customEventSPE\" data-fig-domain=\"TVMAG\" target=\"_blank\" rel=\"noopener\">Guillaume de Saint Sernin<\/a>, le petit fr\u00e8re de Paul de Saint Sernin, son \u00absniper\u00bb et M. Blagues de l\u2019\u00e9mission. \u00abVous \u00eates tous beaux dans la famille\u00bb, a-t-elle remarqu\u00e9, tandis que Guillaume, com\u00e9dien, cabotinait en promettant des blagues plus dr\u00f4les que son a\u00een\u00e9.<\/p>\n<p>Un heureux \u00e9v\u00e9nement<\/p>\n<p class=\"fig-paragraph\">La chroniqueuse Charlotte Dhenaux a fait une entr\u00e9e en fanfare et d\u00e9voil\u00e9 sa grossesse. Apr\u00e8s avoir simul\u00e9 un saut en parachute en avion dans une s\u00e9quence pr\u00e9enregistr\u00e9e, elle est arriv\u00e9e sur le plateau portant dans ses bras son encombrant parachute. Avant de d\u00e9voiler son ventre arrondi. \u00abPutain, il y a un truc qui est rest\u00e9 accroch\u00e9, faites quelque chose, enlevez-moi ce truc\u00bb, a lanc\u00e9 Charlotte Dhenauxr. \u00abVous \u00eates enceinte, Charlotte\u00a0!\u00bb\u201d, s\u2019est \u00e9cri\u00e9e L\u00e9a Salam\u00e9, avant de la f\u00e9liciter. \u00abOh la tuile, c\u2019est pour \u00e7a que je me sentais un peu barbouill\u00e9e\u00bb, a comment\u00e9 la future maman, \u00abL\u00e0, c\u2019est vraiment s\u00fbr, pas besoin de faire un test. Il n\u2019y a pas de doute. L\u00e0, on y est\u00bb, a diagnostiqu\u00e9 L\u00e9a Salam\u00e9 avant que sa collaboratrice ne d\u00e9die sa chronique \u00e0 cette grossesse en po\u00e8me et musique.<\/p>\n<p>                                    <a class=\"fig-a11y-skip a11y-hidden\" href=\"#fig-a11y-skip-main-inarticle_mtf\"><br \/>\n        Passer la publicit\u00e9<br \/>\n    <\/a><\/p>\n<p class=\"fig-paragraph\">\u00ab\u00catre enceinte, c\u2019est comme sauter en parachute sans parachute. On d\u00e9veloppe une pr\u00e9gnance infinie pour une personne qui n\u2019existe pas encore. On devient une louve, mais on est aussi englu\u00e9 dans une fragilit\u00e9 indicible et les boutons d\u2019acn\u00e9 reviennent, on porte des bas de contention\u00bb, a r\u00e9sum\u00e9 Charlotte Dhenaux, qui avoue un d\u00e9sir inassouvi pour les fromages non pasteuris\u00e9s. \u00c0 commencer par le Briat Savarin truff\u00e9. Avant de mettre en garde et de rendre un hommage touchant aux femmes souffrant d\u2019infertilit\u00e9, encha\u00eenant les fausses couches comme celle qui ne souhaitent pas devenir m\u00e8re\u00a0: \u00abParce qu\u2019on n\u2019est pas qu\u2019un ventre, on a aussi une place dans la soci\u00e9t\u00e9\u00bb. Peu d\u2019yeux secs restaient en plateau.<\/p>\n<p>L\u2019hommage \u00e0 Thierry Ardisson<\/p>\n<p class=\"fig-paragraph\">L\u00e9a Salam\u00e9 a tenu \u00e0 inviter Audrey Crespo-Mara car il lui semblait \u00abinconcevable\u00bb de faire la rentr\u00e9e de \u00abQuelle \u00c9poque\u00a0!\u00bb sans parler de celui qui a r\u00e9invent\u00e9 et repopularis\u00e9 le format du talk-show nocturne. \u00abC\u2019est douloureux de vivre sans Thierry. Nous \u00e9tions fusionnels. L\u2019absence est un vide immense. Mais j\u2019ai la chance d\u2019\u00eatre entour\u00e9e par mes parents, nos amis, mes fils et les enfants de Thierry avec qui je m\u2019entends bien. Mais cela ne le remplace pas\u00bb, a souffl\u00e9 d\u2019une voix vacillante Audrey Crespo-Mara. \u00abOn s\u2019aimait \u00e9perdument depuis seize ans. M\u00eame si c\u2019est court dans une vie, c\u2019est un miracle, nous \u00e9tions comme deux \u00e2mes s\u0153ur\u00bb. \u00abCet amour r\u00eav\u00e9 m\u2019a donn\u00e9 confiance en moi et depuis qu\u2019il est parti, cela m\u2019insuffle beaucoup de force. J\u2019ai besoin d\u2019\u00eatre chez lui, de sentir son parfum. C\u2019est vital\u00bb.<\/p>\n<p class=\"fig-paragraph\">Plus tard, la journaliste de TF1 a \u00e9voqu\u00e9 la maladie de Thierry Ardisson, au c\u0153ur de son documentaire La face cach\u00e9e de l\u2019homme en noir, et a rendu un hommage \u00e9mouvant aux \u00e9quipes m\u00e9dicales qui ont accompagn\u00e9 son \u00e9poux jusqu\u2019au bout. \u00abLe d\u00e9vouement des soignants \u00e9tait exceptionnel et je le ch\u00e9ris. ils ont un suppl\u00e9ment d\u2019\u00e2me\u00bb<\/p>\n","protected":false},"excerpt":{"rendered":"Le talk-show de la journaliste a fait son retour \u00e0 l\u2019antenne, samedi soir. Une rentr\u00e9e pleine de surprises.&hellip;\n","protected":false},"author":2,"featured_media":407037,"comment_status":"","ping_status":"","sticky":false,"template":"","format":"standard","meta":{"footnotes":""},"categories":[1359],"tags":[17979,58,59,1011,27,3806,973],"class_list":{"0":"post-407036","1":"post","2":"type-post","3":"status-publish","4":"format-standard","5":"has-post-thumbnail","7":"category-people","8":"tag-audrey-crespo-mara","9":"tag-divertissement","10":"tag-entertainment","11":"tag-fr","12":"tag-france","13":"tag-lea-salame","14":"tag-people"},"share_on_mastodon":{"url":"https:\/\/pubeurope.com\/@fr\/115242011525459951","error":""},"_links":{"self":[{"href":"https:\/\/www.europesays.com\/fr\/wp-json\/wp\/v2\/posts\/407036","targetHints":{"allow":["GET"]}}],"collection":[{"href":"https:\/\/www.europesays.com\/fr\/wp-json\/wp\/v2\/posts"}],"about":[{"href":"https:\/\/www.europesays.com\/fr\/wp-json\/wp\/v2\/types\/post"}],"author":[{"embeddable":true,"href":"https:\/\/www.europesays.com\/fr\/wp-json\/wp\/v2\/users\/2"}],"replies":[{"embeddable":true,"href":"https:\/\/www.europesays.com\/fr\/wp-json\/wp\/v2\/comments?post=407036"}],"version-history":[{"count":0,"href":"https:\/\/www.europesays.com\/fr\/wp-json\/wp\/v2\/posts\/407036\/revisions"}],"wp:featuredmedia":[{"embeddable":true,"href":"https:\/\/www.europesays.com\/fr\/wp-json\/wp\/v2\/media\/407037"}],"wp:attachment":[{"href":"https:\/\/www.europesays.com\/fr\/wp-json\/wp\/v2\/media?parent=407036"}],"wp:term":[{"taxonomy":"category","embeddable":true,"href":"https:\/\/www.europesays.com\/fr\/wp-json\/wp\/v2\/categories?post=407036"},{"taxonomy":"post_tag","embeddable":true,"href":"https:\/\/www.europesays.com\/fr\/wp-json\/wp\/v2\/tags?post=407036"}],"curies":[{"name":"wp","href":"https:\/\/api.w.org\/{rel}","templated":true}]}}