{"id":407038,"date":"2025-09-21T11:18:11","date_gmt":"2025-09-21T11:18:11","guid":{"rendered":"https:\/\/www.europesays.com\/fr\/407038\/"},"modified":"2025-09-21T11:18:11","modified_gmt":"2025-09-21T11:18:11","slug":"pourquoi-ce-peintre-de-perros-suscite-lenthousiasme","status":"publish","type":"post","link":"https:\/\/www.europesays.com\/fr\/407038\/","title":{"rendered":"pourquoi ce peintre de Perros suscite l&rsquo;enthousiasme"},"content":{"rendered":"<p>            Par<br \/>\n        <strong><br \/>\n            <a href=\"https:\/\/actu.fr\/auteur\/david-kerherve\" title=\"Consulter tous les articles de David Kerherv\u00e9\" target=\"_blank\" rel=\"noopener\">David Kerherv\u00e9<\/a><br \/>\n        <\/strong><\/p>\n<p>        Publi\u00e9 le<\/p>\n<p>            21 sept. 2025 \u00e0 6h30        <\/p>\n<p>\u00ab Une pi\u00e8ce unique, magnifique, d\u2019une force incroyable \u00bb. Pierre Kerl\u00e9v\u00e9o ne tarit pas d\u2019\u00e9loge sur cette toile de<b> Marcel Le Toiser<\/b> tout juste d\u00e9couverte dans un grenier breton.<\/p>\n<p class=\" wall-content\">Le tantad du pardon de la Clart\u00e9 est une huile grand format que le sp\u00e9cialiste de ce <b>peintre de Perros-Guirec <\/b>ne cesse d\u2019admirer :<\/p>\n<blockquote class=\"ac-article-quote wall-content\">\n<p>On sent le sent le souffle, le vent, la chaleur.<\/p>\n<\/blockquote>\n<p class=\" wall-content\">Encore peu connu du grand public, l\u2019artiste aux <b>quelque 350 toiles<\/b>, 60 sculptures, plus de 200 dessins et gravures, sort petit \u00e0 petit de l\u2019oubli, \u00e0 la faveur notamment de publications et d\u2019expositions, comme celle qui lui est consacr\u00e9e jusqu\u2019\u00e0 fin septembre \u00e0 la Maison Saint-Yves \u00e0 Saint-Brieuc, et o\u00f9 on retrouve d\u2019ailleurs ce fameux tantad.<\/p>\n<p>Oubli\u00e9 dans un grenier<\/p>\n<p class=\" wall-content\">Son nouveau propri\u00e9taire, Pierre Kerl\u00e9v\u00e9o, l\u2019a rachet\u00e9 \u00e0 une galerie de Perros-Guirec, \u00e0 laquelle elle avait \u00e9t\u00e9 vendue par la personne qui conna\u00eet bien son histoire :<\/p>\n<p class=\" wall-content\">\u00ab Le tableau \u00e9tait rest\u00e9 25\u00a0ans dans le grenier de la maison de ma m\u00e8re \u00e0 Cesson \u00bb, \u00e9crit-elle. \u00ab Je l\u2019avais stock\u00e9 l\u00e0 suite \u00e0 mon divorce et je ne l\u2019avais jamais r\u00e9cup\u00e9r\u00e9 jusqu\u2019en mars dernier o\u00f9 il a fallu vider la maison, pour un d\u00e9m\u00e9nagement. Avant cela, il a pass\u00e9 15\u00a0ans \u00e0 Saint-Cast-le-Guildo dans ma maison familiale. \u00bb<\/p>\n<p class=\" wall-content\">De son \u0153il exerc\u00e9, Pierre Kerl\u00e9v\u00e9o d\u00e9peint la sc\u00e8ne comme une synth\u00e8se de la vie locale et de ses traditions :<b> le tantad et le pardon.<\/b><\/p>\n<p>Votre r\u00e9gion, votre actu !<\/p>\n<p>Recevez chaque jour les infos qui comptent pour vous.<\/p>\n<p>\t<a href=\"https:\/\/actu.fr\/newsletter\" class=\"ac-btn ac-btn--corner ac-btn--medium ac-btn--blue800\" target=\"_blank\" rel=\"noopener\">S&rsquo;incrire<\/a><\/p>\n<p>    <img   decoding=\"async\" loading=\"lazy\" class=\"size-large\" src=\"https:\/\/www.europesays.com\/fr\/wp-content\/uploads\/2025\/09\/6640e78d60b866a40e78d60b84e40ev-960x640.jpg\" alt=\"Le toiser\" width=\"960\" height=\"640\"\/><br \/>\n    Cette toile, avec en son centre le clocher de Saint-Jacques, a \u00e9t\u00e9 retrouv\u00e9e en Espagne. \u00a9Pierre Kerl\u00e9v\u00e9oEn Espagne<\/p>\n<p class=\" wall-content\">Apr\u00e8s la d\u00e9couverte d\u2019une toile \u00e0 La R\u00e9union, d\u2019un fonds de dessins \u00e0 Tr\u00e9guier, d\u2019un tableau en Allemagne, un autre en Angleterre, \u00ab celui qui aimait tant le Tr\u00e9gor, ses paysages dont il peignait la beaut\u00e9 avec talent \u00bb, n\u2019en finit pas de faire parler de lui, \u00ab avec <b>chaque mois son lot de surprises<\/b> \u00bb.<\/p>\n<p class=\" wall-content\">Lors du vernissage d\u00e9but juillet \u00e0 Saint-Brieuc, un Tr\u00e9gorrois, collectionneur d\u2019art install\u00e9 en Espagne, l\u2019informe qu\u2019il poss\u00e8de quatre tableaux du peintre. \u00ab Dont une toile \u00e9tonnante repr\u00e9sentant le clocher de l\u2019\u00e9glise Saint-Jacques. Marcel Le Toiser n\u2019en finit pas de nous \u00e9tonner \u00bb.<\/p>\n<p class=\" wall-content\">\u00ab Un tableau tr\u00e8s moderne \u00bb, s\u2019enthousiasme encore\u00a0l\u2019expert perrosien, \u00ab m\u00e9langeant la tradition, avec ce personnage \u00e0 droite pouvant \u00e9voquer l\u2019arriv\u00e9e du moine saint Guirec dans la r\u00e9gion, et \u00e0 gauche une femme qui semble \u00eatre africaine, de par ses cheveux, ses v\u00eatements, le tout dans un style rappelant la p\u00e9riode cubiste de Picasso \u00bb.<\/p>\n<p>    <img   decoding=\"async\" loading=\"lazy\" class=\"size-large\" src=\"https:\/\/www.europesays.com\/fr\/wp-content\/uploads\/2025\/09\/05fc0c14c1b86dafc0c14c1b8defc0v-960x640.jpg\" alt=\"Pierre kerl\u00e9v\u00e9o\" width=\"960\" height=\"640\"\/><br \/>\n    Pierre Kerl\u00e9v\u00e9o, de Perros-Guirec, piste les tableaux de Le Toiser. \u00a9DRProvocateur et \u00e9clectique<\/p>\n<p class=\" wall-content\">\u00ab Un<b> m\u00e9lange des styles<\/b> qui convient \u00e0 Le Toiser, o\u00f9 l\u2019on retrouve son sens de la provocation, le c\u00f4t\u00e9 potache qu\u2019il laissait voir du temps de sa jeunesse et de la bande du figuier \u00bb, renseigne notre passionn\u00e9.<\/p>\n<p class=\" wall-content\">Un caract\u00e8re du personnage confirm\u00e9 par <b>Marie-Jo et Philippe Videau,<\/b> autres f\u00e9rus d\u2019histoire locale. \u00ab Un surnom tir\u00e9 du figuier situ\u00e9 place de l\u2019\u00e9glise Saint-Jacques, et pr\u00e8s duquel les \u00ab\u00a0footeux\u00a0\u00bb dans la fameuse \u00e9quipe locale, \u00e9taient connus et appr\u00e9ci\u00e9s comme \u00bb animateurs, farceurs\u00a0\u00bb de ces ann\u00e9es 1935 \u00e0 1940 \u00bb.<\/p>\n<p class=\" wall-content\">Un m\u00e9lange des styles aussi qui ne surprend pas Pierre Kerl\u00e9v\u00e9o :<\/p>\n<blockquote class=\"ac-article-quote wall-content\">\n<p>\u00ab Son talent incroyable lui permettait cela. Une expo de Le Toiser peut laisser penser que dix peintres dans autant de styles diff\u00e9rents ont \u00e9t\u00e9 accroch\u00e9s au m\u00eame endroit ! \u00bb<\/p>\n<\/blockquote>\n<p>Exposition \u00ab\u00a0Marcel Le Toiser \u2013 Un peintre \u00e0 Perros-Guirec\u00a0\u00bb visible du 4 juillet au 27 septembre 2025 \u00e0 la Maison dioc\u00e9saine Saint-Yves (81 rue Mathurin-M\u00e9heut, Saint-Brieuc). Entr\u00e9e libre du lundi au vendredi de 8h30 \u00e0 12h15 et de 13h30 \u00e0 17h45, et le samedi de 9h \u00e0 12h.<\/p>\n<p class=\" wall-content\">Personnalisez votre actualit\u00e9 en ajoutant vos villes et m\u00e9dias en favori avec <a href=\"https:\/\/moncompte.actu.fr\" title=\"D\u00e9couvez Mon Actu\" rel=\"nofollow noopener\" data-trk=\"{&quot;cta&quot;:{&quot;action&quot;:&quot;https:\\\/\\\/moncompte.actu.fr&quot;,&quot;category&quot;:&quot;mon compte&quot;,&quot;from&quot;:&quot;article footer&quot;,&quot;name&quot;:&quot;Mon actu&quot;,&quot;type&quot;:&quot;cta&quot;}}\" target=\"_blank\">Mon Actu<\/a>.<\/p>\n","protected":false},"excerpt":{"rendered":"Par David Kerherv\u00e9 Publi\u00e9 le 21 sept. 2025 \u00e0 6h30 \u00ab Une pi\u00e8ce unique, magnifique, d\u2019une force incroyable&hellip;\n","protected":false},"author":2,"featured_media":407039,"comment_status":"","ping_status":"","sticky":false,"template":"","format":"standard","meta":{"footnotes":""},"categories":[1358],"tags":[1348,1384,1385,40738,1386,58,59,1011,27,1652],"class_list":{"0":"post-407038","1":"post","2":"type-post","3":"status-publish","4":"format-standard","5":"has-post-thumbnail","7":"category-arts-et-design","8":"tag-arts","9":"tag-arts-and-design","10":"tag-arts-et-design","11":"tag-cote-de-granit-rose","12":"tag-design","13":"tag-divertissement","14":"tag-entertainment","15":"tag-fr","16":"tag-france","17":"tag-loisirs-culture"},"share_on_mastodon":{"url":"https:\/\/pubeurope.com\/@fr\/115242015969320104","error":""},"_links":{"self":[{"href":"https:\/\/www.europesays.com\/fr\/wp-json\/wp\/v2\/posts\/407038","targetHints":{"allow":["GET"]}}],"collection":[{"href":"https:\/\/www.europesays.com\/fr\/wp-json\/wp\/v2\/posts"}],"about":[{"href":"https:\/\/www.europesays.com\/fr\/wp-json\/wp\/v2\/types\/post"}],"author":[{"embeddable":true,"href":"https:\/\/www.europesays.com\/fr\/wp-json\/wp\/v2\/users\/2"}],"replies":[{"embeddable":true,"href":"https:\/\/www.europesays.com\/fr\/wp-json\/wp\/v2\/comments?post=407038"}],"version-history":[{"count":0,"href":"https:\/\/www.europesays.com\/fr\/wp-json\/wp\/v2\/posts\/407038\/revisions"}],"wp:featuredmedia":[{"embeddable":true,"href":"https:\/\/www.europesays.com\/fr\/wp-json\/wp\/v2\/media\/407039"}],"wp:attachment":[{"href":"https:\/\/www.europesays.com\/fr\/wp-json\/wp\/v2\/media?parent=407038"}],"wp:term":[{"taxonomy":"category","embeddable":true,"href":"https:\/\/www.europesays.com\/fr\/wp-json\/wp\/v2\/categories?post=407038"},{"taxonomy":"post_tag","embeddable":true,"href":"https:\/\/www.europesays.com\/fr\/wp-json\/wp\/v2\/tags?post=407038"}],"curies":[{"name":"wp","href":"https:\/\/api.w.org\/{rel}","templated":true}]}}